{"id":198074,"date":"2026-09-01T06:38:18","date_gmt":"2026-09-01T06:38:18","guid":{"rendered":"https:\/\/www.europesays.com\/cz\/198074\/"},"modified":"2026-09-01T06:38:18","modified_gmt":"2026-09-01T06:38:18","slug":"lofoty-jako-z-pohlednice-v-rybarske-vesnicce-se-probudite-krikem-racku","status":"publish","type":"post","link":"https:\/\/www.europesays.com\/cz\/198074\/","title":{"rendered":"Lofoty jako z\u00a0pohlednice. V\u00a0ryb\u00e1\u0159sk\u00e9 vesni\u010dce se probud\u00edte k\u0159ikem rack\u016f"},"content":{"rendered":"<p class=\"c_bB\">Reine nepat\u0159\u00ed k\u00a0nejsn\u00e1ze dostupn\u00fdm c\u00edl\u016fm na Lofotech. Z\u00a0pevniny sem m\u016f\u017eete p\u0159icestovat trajektem a\u00a0n\u00e1sledn\u011b pokra\u010dovat n\u011bkolik kilometr\u016f po silnici. Dal\u0161\u00ed mo\u017enost\u00ed je let na n\u011bkter\u00e9 z\u00a0region\u00e1ln\u00edch leti\u0161\u0165, nap\u0159\u00edklad do Leknes \u010di Svolv\u00e6ru, p\u0159\u00edpadn\u011b na leti\u0161t\u011b Harstad\/Narvik v\u00a0Evenes, odkud v\u00e1s v\u0161ak \u010dek\u00e1 je\u0161t\u011b n\u011bkolikahodinov\u00e1 cesta autem \u010di autobusem.<\/p>\n<p class=\"c_bB\">Odnikud to sem nen\u00ed bl\u00edzko, a\u00a0p\u0159esto se sem mnoz\u00ed cestovatel\u00e9 pravideln\u011b vracej\u00ed. Cht\u011blo by se \u0159\u00edct rok co rok, to v\u0161ak ceny na Lofotech v\u011bt\u0161in\u011b n\u00e1v\u0161t\u011bvn\u00edk\u016f nedovoluj\u00ed. A\u010dkoli je norsk\u00e1 koruna relativn\u011b slab\u00e1, majitel\u00e9 \u00fa\u010dt\u016f veden\u00fdch v\u00a0\u010desk\u00fdch korun\u00e1ch si v\u00a0m\u00edstn\u00edch obchodech a\u00a0restaurac\u00edch st\u00e1le srdceryvn\u011b zab\u011bduj\u00ed.<\/p>\n<p><img fetchpriority=\"high\" height=\"2730\"   width=\"4096\" src=\"https:\/\/www.europesays.com\/cz\/wp-content\/uploads\/2026\/09\/lofoty.mpo.jpeg\" loading=\"eager\" decoding=\"sync\" class=\"c_t c_r\"\/>Foto: Ta\u0165\u00e1na Kyn\u010dlov\u00e1, Novinky<\/p>\n<p class=\"c_bB\">Nejde ani tak o\u00a0m\u011bsto jako sp\u00ed\u0161e o\u00a0vesnici, na Lofotech v\u0161ak z\u0159ejm\u011b tu nejkr\u00e1sn\u011bj\u0161\u00ed. Pomysln\u00e9 hlavn\u00ed m\u011bsto souostrov\u00ed Svolv\u00e6r slou\u017e\u00ed mnoha cestovatel\u016fm jako v\u00fdchoz\u00ed bod pro nejr\u016fzn\u011bj\u0161\u00ed t\u00fary a\u00a0dal\u0161\u00ed dobrodru\u017estv\u00ed.<\/p>\n<p><a data-dot=\"atm-link\" target=\"_self\" href=\"https:\/\/www.novinky.cz\/clanek\/cestovani-polske-maledivy-kvuli-nedostatku-srazek-zcela-vyschly-40594674\" class=\"c_I\" rel=\"nofollow noopener\"><img height=\"1080\" width=\"1920\" src=\"https:\/\/www.europesays.com\/cz\/wp-content\/uploads\/2026\/09\/polsko-maledivy-sucho.jpeg\" loading=\"eager\" decoding=\"sync\" class=\"c_t c_r\"\/><\/a><\/p>\n<p class=\"c_bB\">Ti, kte\u0159\u00ed u\u017e Lofoty znaj\u00ed l\u00e9pe, ale maj\u00ed tendenci neztr\u00e1cet \u010das tam, kde to nen\u00ed nutn\u00e9. Mal\u00e1, p\u016fvodn\u011b ryb\u00e1\u0159sk\u00e1 obec na ostrov\u011b Moskenes\u00f8ya s\u00a0m\u00e9n\u011b ne\u017e 300\u00a0st\u00e1l\u00fdmi obyvateli je toti\u017e m\u00edstem, kde opravdu chcete b\u00fdt. Reine le\u017e\u00ed p\u0159ibli\u017en\u011b 155\u00a0kilometr\u016f severn\u011b od severn\u00edho pol\u00e1rn\u00edho kruhu. Pro p\u0159edstavu: nach\u00e1z\u00ed se asi o\u00a0160\u00a0kilometr\u016f severn\u011bji ne\u017e finsk\u00e9 Rovaniemi, neofici\u00e1ln\u00edho domova Santy Clause, a\u00a0p\u0159ibli\u017en\u011b o\u00a0420\u00a0kilometr\u016f severn\u011bji ne\u017e islandsk\u00fd Reykjav\u00edk.<\/p>\n<p class=\"c_bB\">Pob\u00fdvat na Lofotech d\u00e1l ne\u017e dva kilometry od Reine je trochu jako nav\u0161t\u00edvit kteroukoli zemi po n\u00e1v\u0161t\u011bv\u011b Japonska. M\u016f\u017ee to b\u00fdt hezk\u00e9, ale u\u017e to nesta\u010d\u00ed.<\/p>\n<p class=\"c_bB\">V\u00fdrazn\u011b \u010derven\u00e9 a\u00a0ho\u0159\u010dicov\u011b \u017elut\u00e9 ryb\u00e1\u0159sk\u00e9 domky kontrastuj\u00ed s\u00a0tyrkysovou mo\u0159skou hladinou. Nad nimi se zvedaj\u00ed \u0161ediv\u00e9 horsk\u00e9 \u0161t\u00edty, pod nimi\u017e krou\u017e\u00ed hejna rack\u016f. A\u00a0kdy\u017e v\u00a0n\u011bkter\u00e9m z\u00a0ryb\u00e1\u0159sk\u00fdch domk\u016f zvan\u00fdch rorbu z\u016fstanete d\u00e9le ne\u017e dva dny, budou v\u00e1m vodn\u00ed pt\u00e1ci doslova \u017er\u00e1t z\u00a0ruky.<\/p>\n<p class=\"c_bB\">Hlavn\u00ed ryb\u00e1\u0159sk\u00e1 sezona p\u0159ich\u00e1z\u00ed na ja\u0159e a\u00a0d\u0159ev\u011bn\u00e9 su\u0161\u00e1ky na tresky pat\u0159\u00ed k\u00a0charakteristick\u00fdm symbol\u016fm Lofot. Od podzimu do b\u0159ezna zde lze nav\u00edc pozorovat pol\u00e1rn\u00ed z\u00e1\u0159i. A\u00a0nen\u00ed v\u00a0Evrop\u011b snad lep\u0161\u00edho m\u00edsta. Letn\u00ed m\u011bs\u00edce zase pot\u011b\u0161\u00ed teplotami pohybuj\u00edc\u00edmi se p\u0159ibli\u017en\u011b od 13\u00a0do 20\u00a0\u00b0C.<\/p>\n<p>Ide\u00e1ln\u00ed \u00fanik od letn\u00edch veder<\/p>\n<p class=\"c_bB\">Kup\u0159\u00edkladu nejvy\u0161\u0161\u00ed letos nam\u011b\u0159en\u00e1 teplota dos\u00e1hla na stanici Leknes 24\u00a0\u00b0C, a\u00a0to hned ve dvou dnech\u00a0\u2013 9.\u00a0a\u00a010.\u00a0\u010dervna. Lofoty jsou tak modelovou destinac\u00ed pro takzvanou \u201ecoolcation\u201c, tedy ochlazovac\u00ed dovolenou.<\/p>\n<p class=\"c_bB\">Ide\u00e1ln\u00ed jsou tak\u00e9 pro dal\u0161\u00ed cestovatelsk\u00fd trend: zpomalen\u00ed a\u00a0vychutn\u00e1v\u00e1n\u00ed si dan\u00e9 destinace bez pot\u0159eby pl\u00e1novat konkr\u00e9tn\u00ed aktivity. Ubytujte se v\u00a0tradi\u010dn\u00edm ryb\u00e1\u0159sk\u00e9m domku, sledujte hru sv\u011btla na okoln\u00edch hor\u00e1ch a\u00a0pozorujte racky, kte\u0159\u00ed v\u00e1m v\u00a0cel\u00fdch hejnech l\u00e9taj\u00ed nad hlavou.<\/p>\n<p class=\"c_bB\">K tomu posn\u00eddejte typick\u00e9 sko\u0159icov\u00e9 pe\u010divo, proje\u010fte se na kajaku, k\u00a0ob\u011bdu si dejte \u010derstv\u00e9 sushi v\u00a0nedalek\u00e9 restauraci Anita\u2019s Seafood, ryb\u00ed burger nebo krevety. Zdej\u0161\u00ed ryb\u00ed pochutiny sm\u011ble konkuruj\u00ed t\u011bm japonsk\u00fdm. A\u00a0p\u0159edev\u0161\u00edm si u\u017eijte ka\u017ed\u00fd okam\u017eik v\u00a0t\u011bch nejkr\u00e1sn\u011bj\u0161\u00edch kulis\u00e1ch.<\/p>\n<p><a data-dot=\"atm-link\" target=\"_self\" href=\"https:\/\/www.novinky.cz\/clanek\/cestovani-zeny-sem-kdysi-nesmely-dnes-je-z-nej-certifikovany-lecivy-les-40592441\" class=\"c_I\" rel=\"nofollow noopener\"><img height=\"2152\" width=\"3827\" src=\"https:\/\/www.europesays.com\/cz\/wp-content\/uploads\/2026\/09\/bucaco.jpeg\" loading=\"eager\" decoding=\"sync\" class=\"c_t c_r\"\/><\/a><\/p>\n","protected":false},"excerpt":{"rendered":"Reine nepat\u0159\u00ed k\u00a0nejsn\u00e1ze dostupn\u00fdm c\u00edl\u016fm na Lofotech. Z\u00a0pevniny sem m\u016f\u017eete p\u0159icestovat trajektem a\u00a0n\u00e1sledn\u011b pokra\u010dovat n\u011bkolik kilometr\u016f po silnici.&hellip;\n","protected":false},"author":2,"featured_media":198075,"comment_status":"","ping_status":"","sticky":false,"template":"","format":"standard","meta":{"footnotes":"","_share_on_mastodon":"0"},"categories":[11],"tags":[536,1471,45469,3065,54,4607,53,52],"class_list":["post-198074","post","type-post","status-publish","format-standard","has-post-thumbnail","category-svet","tag-cestovani","tag-dovolena","tag-lofoty","tag-norsko","tag-svet","tag-vesnice","tag-world","tag-world-news"],"share_on_mastodon":{"url":"https:\/\/pubeurope.com\/@cz\/117194412058726678","error":""},"_links":{"self":[{"href":"https:\/\/www.europesays.com\/cz\/wp-json\/wp\/v2\/posts\/198074","targetHints":{"allow":["GET"]}}],"collection":[{"href":"https:\/\/www.europesays.com\/cz\/wp-json\/wp\/v2\/posts"}],"about":[{"href":"https:\/\/www.europesays.com\/cz\/wp-json\/wp\/v2\/types\/post"}],"author":[{"embeddable":true,"href":"https:\/\/www.europesays.com\/cz\/wp-json\/wp\/v2\/users\/2"}],"replies":[{"embeddable":true,"href":"https:\/\/www.europesays.com\/cz\/wp-json\/wp\/v2\/comments?post=198074"}],"version-history":[{"count":0,"href":"https:\/\/www.europesays.com\/cz\/wp-json\/wp\/v2\/posts\/198074\/revisions"}],"wp:featuredmedia":[{"embeddable":true,"href":"https:\/\/www.europesays.com\/cz\/wp-json\/wp\/v2\/media\/198075"}],"wp:attachment":[{"href":"https:\/\/www.europesays.com\/cz\/wp-json\/wp\/v2\/media?parent=198074"}],"wp:term":[{"taxonomy":"category","embeddable":true,"href":"https:\/\/www.europesays.com\/cz\/wp-json\/wp\/v2\/categories?post=198074"},{"taxonomy":"post_tag","embeddable":true,"href":"https:\/\/www.europesays.com\/cz\/wp-json\/wp\/v2\/tags?post=198074"}],"curies":[{"name":"wp","href":"https:\/\/api.w.org\/{rel}","templated":true}]}}