{"id":198106,"date":"2026-09-01T07:12:06","date_gmt":"2026-09-01T07:12:06","guid":{"rendered":"https:\/\/www.europesays.com\/cz\/198106\/"},"modified":"2026-09-01T07:12:06","modified_gmt":"2026-09-01T07:12:06","slug":"skuhravy-chvalil-ale-kdyz-vidite-noghu-na-treninku-chcete-spachat-sebevrazdu-idnes-cz","status":"publish","type":"post","link":"https:\/\/www.europesays.com\/cz\/198106\/","title":{"rendered":"Skuhrav\u00fd chv\u00e1lil, ale&#8230; Kdy\u017e vid\u00edte Noghu na tr\u00e9ninku, chcete sp\u00e1chat sebevra\u017edu &#8211; iDNES.cz"},"content":{"rendered":"<p><a href=\"https:\/\/news.google.com\/rss\/articles\/CBMi2AFBVV95cUxPUHpEREpGRmpOQUlIODVRVUN0OXpVSXZMV25uSVhTdV9jWE5vd0R1LWxkLWE5MnowcUxQaVFXdFlKTFNSdHAwMmhYNWFNSGlPTmVXMHYzbkZfSHpUYWR5aDkwRk80ZC13NGJEMTZOYWhsdV9ObFE4MnkybzVyNi1CTG1scWpFVHVnb3d2RllIOFJBUUYtdTZzQ1hhNmw4RDVHRmxBNXVWeWJkWVRZWllDV0JldlJsNHFRWHlHLXRSaDN5RkpaMUJXSjI3ZGJzM1I4WnBfdTB1NFc?oc=5\" target=\"_blank\" rel=\"nofollow noopener\">Skuhrav\u00fd chv\u00e1lil, ale&#8230; Kdy\u017e vid\u00edte Noghu na tr\u00e9ninku, chcete sp\u00e1chat sebevra\u017edu<\/a>&nbsp;&nbsp;iDNES.cz<a href=\"https:\/\/news.google.com\/rss\/articles\/CBMikAFBVV95cUxNU1lOM1dJUmJBdk5GLXRCYmg3a2ZRWVNXa3FHNlNOSllUZ0dkOG9NWjN1RWpUS2VKd0V4M2EybktSLVdjZnRocU96NHpKYzN6UklSZUQ5RkpSU2prM3pZSXk3YnVTWW83ZGRheGpvd0J6YlBmSWlYOUpvYkZHdGhRVF9fSDF2czZFQmFFUmJmbWg?oc=5\" target=\"_blank\" rel=\"nofollow noopener\">Hapal: Mus\u00edme b\u00fdt kvalitn\u011bj\u0161\u00ed ve fin\u00e1ln\u00ed t\u0159etin\u011b<\/a>&nbsp;&nbsp;SK Sigma Olomouc<a href=\"https:\/\/news.google.com\/rss\/articles\/CBMiygFBVV95cUxNMEk5QlV3aG9IakxGT0UwTmxVSGkxYkhnVUpnS3pKeDZEdHVKQkI4LXhRYS1hcVpkNTA2cXhITjF6czROc0ZNUnpRSGxxUVFBc0dzU0dkZmoyLVAzdzNYd3pTRFIyWUlZa0gxTmsxTEVhZzRxWHJPaFoxNVBkUy1QZXZwTU0zNndKRE9lQmVSTmRZc3JoSURxX1FfQ3ZsMGZ2b1hUVjRHZTBRNUN5OXFiNFNFWjdiNjJUOXpNTmt4eGZ3ZlU2YmVRWFV3?oc=5\" target=\"_blank\" rel=\"nofollow noopener\">SEST\u0158IH: Ban\u00edk zapsal druhou v\u00fdhru v \u0159ad\u011b, Sigmu svalil nejt\u011bsn\u011bj\u0161\u00edm mo\u017en\u00fdm rozd\u00edlem<\/a>&nbsp;&nbsp;Sport.cz<a href=\"https:\/\/news.google.com\/rss\/articles\/CBMitwFBVV95cUxOWmlnbWNPdmtpdDR5YXlNUnplM2xTYkhUanducU5aaFo0LWQteEFZQVIxU2lHRXEyd3hGUTE2bUxTX09pMUxaQjhqTWtQTm1reDhGZmRITHlSekxzTnRNSGYxcEpvMEkxT2puNHkydkhGVWhkTXkxS3hBc0FRVG1fRlp3RVRxNTVLb1JNUlZESlBqTndEaVFYTnJUTlUyZ0dfelQ3WGtrek5UTW5pRDMwdVVrckZQZFU?oc=5\" target=\"_blank\" rel=\"nofollow noopener\">Sigma poprv\u00e9 bez g\u00f3lu? S Ban\u00edkem mus\u00edme po\u010d\u00edtat, v\u00ed Hapal. Chacha\u0159i ho pot\u011b\u0161ili<\/a>&nbsp;&nbsp;Moravskoslezsk\u00fd den\u00edk<a href=\"https:\/\/news.google.com\/rss\/articles\/CBMirgFBVV95cUxQRTNvak1YTVdadks5Uk1KTENXbHFhdFN1VG9hVDh5dG9EcGhRX3BidFlNdUlrYWI4Z3Fuek5zYjE4bXZsSjNWaC1vbmpZVkdzUWF0YlVLMWFBcmw1MlRDVnRpQ0QtcXFhRXE1aFducjRDY2E2RndBSmdodXRLQVNXXzYzLXJkcDFyWFlPdWpnMWlEUTBhS2dXU3FySmEwSVVVc1RRN3lWbUR4N3ZXa1E?oc=5\" target=\"_blank\" rel=\"nofollow noopener\">Ban\u00edk zdolal Olomouc a Zbrojovka zase Zl\u00edn, poprv\u00e9 vyhr\u00e1l Artis Brno<\/a>&nbsp;&nbsp;\u010cesk\u00e9 noviny<\/p>\n","protected":false},"excerpt":{"rendered":"Skuhrav\u00fd chv\u00e1lil, ale&#8230; Kdy\u017e vid\u00edte Noghu na tr\u00e9ninku, chcete sp\u00e1chat sebevra\u017edu&nbsp;&nbsp;iDNES.czHapal: Mus\u00edme b\u00fdt kvalitn\u011bj\u0161\u00ed ve fin\u00e1ln\u00ed t\u0159etin\u011b&nbsp;&nbsp;SK Sigma&hellip;\n","protected":false},"author":2,"featured_media":198107,"comment_status":"","ping_status":"","sticky":false,"template":"","format":"standard","meta":{"footnotes":"","_share_on_mastodon":"0"},"categories":[15],"tags":[972,743,19331,7110,94,93],"class_list":["post-198106","post","type-post","status-publish","format-standard","has-post-thumbnail","category-sport","tag-banik-ostrava","tag-moravskoslezsky-kraj","tag-pavel-hapal","tag-roman-skuhravy","tag-sport","tag-sports"],"share_on_mastodon":{"url":"https:\/\/pubeurope.com\/@cz\/117194545065343429","error":""},"_links":{"self":[{"href":"https:\/\/www.europesays.com\/cz\/wp-json\/wp\/v2\/posts\/198106","targetHints":{"allow":["GET"]}}],"collection":[{"href":"https:\/\/www.europesays.com\/cz\/wp-json\/wp\/v2\/posts"}],"about":[{"href":"https:\/\/www.europesays.com\/cz\/wp-json\/wp\/v2\/types\/post"}],"author":[{"embeddable":true,"href":"https:\/\/www.europesays.com\/cz\/wp-json\/wp\/v2\/users\/2"}],"replies":[{"embeddable":true,"href":"https:\/\/www.europesays.com\/cz\/wp-json\/wp\/v2\/comments?post=198106"}],"version-history":[{"count":0,"href":"https:\/\/www.europesays.com\/cz\/wp-json\/wp\/v2\/posts\/198106\/revisions"}],"wp:featuredmedia":[{"embeddable":true,"href":"https:\/\/www.europesays.com\/cz\/wp-json\/wp\/v2\/media\/198107"}],"wp:attachment":[{"href":"https:\/\/www.europesays.com\/cz\/wp-json\/wp\/v2\/media?parent=198106"}],"wp:term":[{"taxonomy":"category","embeddable":true,"href":"https:\/\/www.europesays.com\/cz\/wp-json\/wp\/v2\/categories?post=198106"},{"taxonomy":"post_tag","embeddable":true,"href":"https:\/\/www.europesays.com\/cz\/wp-json\/wp\/v2\/tags?post=198106"}],"curies":[{"name":"wp","href":"https:\/\/api.w.org\/{rel}","templated":true}]}}