{"id":198108,"date":"2026-09-01T07:17:15","date_gmt":"2026-09-01T07:17:15","guid":{"rendered":"https:\/\/www.europesays.com\/cz\/198108\/"},"modified":"2026-09-01T07:17:15","modified_gmt":"2026-09-01T07:17:15","slug":"motoristum-se-nelibi-schodek-rozpoctu-macinka-si-chce-promluvit-s-babisem","status":"publish","type":"post","link":"https:\/\/www.europesays.com\/cz\/198108\/","title":{"rendered":"Motorist\u016fm se nel\u00edb\u00ed schodek rozpo\u010dtu. Macinka si chce promluvit s\u00a0Babi\u0161em"},"content":{"rendered":"<p class=\"c_bB\">\u201eJ\u00e1 to nepova\u017euji za kone\u010dn\u00fd stav, ten schodek je opravdu velmi vysok\u00fd,\u201c \u0159ekl Macinka \u010cTK v\u00a0\u00fater\u00fd p\u0159ed odletem na Slovensko na sch\u016fzku ministr\u016f zahrani\u010dn\u00edch v\u011bc\u00ed zem\u00ed visegr\u00e1dsk\u00e9 \u010dty\u0159ky. \u201eV\u011b\u0159\u00edm, \u017ee a\u017e bude vl\u00e1da schvalovat na konci z\u00e1\u0159\u00ed rozpo\u010det, tak schodek bude ni\u017e\u0161\u00ed,\u201c dodal ministr, kter\u00fd chce na jedn\u00e1n\u00ed s\u00a0premi\u00e9rem hovo\u0159it o\u00a0tom, jak \u201en\u011bkter\u00e9 v\u00fddaje nerealizovat\u201c.<\/p>\n<p class=\"c_bB\">Motorist\u00e9 se p\u0159ed volbami hl\u00e1sili k\u00a0vyrovnan\u00fdm rozpo\u010dt\u016fm a\u00a0slibovali \u201epohl\u00eddat Babi\u0161e\u201c. <a data-dot=\"atm-link\" target=\"_blank\" href=\"https:\/\/www.novinky.cz\/clanek\/domaci-za-rok-uz-si-rozpocet-pohlidame-slibuje-macinka-pred-dalsim-obrim-schodkem-40594824\" class=\"c_I\" rel=\"nofollow noopener\">Macinka p\u0159ed n\u011bkolika dny<\/a>, kdy je\u0161t\u011b nebyly zn\u00e1m\u00e9 parametry n\u00e1vrhu, p\u0159ipou\u0161t\u011bl, \u017ee schodek p\u0159esahuj\u00edc\u00ed 310\u00a0miliard korun sice pova\u017euje za probl\u00e9m, ale dod\u00e1val, \u017ee s\u00a0n\u00edm \u201enelze nic d\u011blat\u201c. Sliboval alespo\u0148, \u017ee v\u00a0dal\u0161\u00edch letech bude jeho strana po\u017eadovat struktur\u00e1ln\u00ed zm\u011bny, aby se situace neopakovala. To zopakoval i\u00a0v \u00fater\u00fd s\u00a0t\u00edm, \u017ee Babi\u0161ovi p\u0159edstav\u00ed n\u00e1vrhy zm\u011bn pro p\u0159\u00ed\u0161t\u00ed rok i\u00a0legislativn\u00ed n\u00e1vrhy pot\u0159ebn\u00e9 k\u00a0sestaven\u00ed rozpo\u010dtu na rok 2028.<\/p>\n<p class=\"c_bB\">\u201ePokud se neshodneme na aspo\u0148 \u010d\u00e1sti na\u0161ich n\u00e1vrh\u016f, tak Motorist\u00e9 budou m\u00edt opravdu velk\u00fd probl\u00e9m rozpo\u010det potvrdit,\u201c \u0159ekl \u0161\u00e9f Motorist\u016f. Zm\u011bny by se podle n\u011bj mohly t\u00fdkat oblasti zdravotnictv\u00ed, soci\u00e1ln\u00edch v\u011bc\u00ed, \u0161kolstv\u00ed \u010di dotac\u00ed.<\/p>\n<p class=\"c_bB\">Schillerov\u00e1 v\u00a0pond\u011bl\u00ed po jedn\u00e1n\u00ed vl\u00e1dy p\u0159edstavila <a data-dot=\"atm-link\" target=\"_blank\" href=\"https:\/\/www.novinky.cz\/clanek\/ekonomika-schodek-rozpoctu-vzroste-na-389-miliard-40595174\" class=\"c_I\" rel=\"nofollow noopener\">n\u00e1vrh rozpo\u010dtu se schodkem 389\u00a0miliard korun<\/a>, co\u017e je je\u0161t\u011b o\u00a079\u00a0miliard v\u00edce ne\u017e letos. Jde o\u00a0druh\u00fd nejvy\u0161\u0161\u00ed schodek v\u00a0historii. Podle ministryn\u011b bude rozpo\u010det obsahovat rekordn\u00ed investice, <a data-dot=\"atm-link\" target=\"_blank\" href=\"https:\/\/www.novinky.cz\/clanek\/ekonomika-schodek-389-miliard-je-ostudny-a-nebezpecny-tepe-vladu-opozice-40595247\" class=\"c_I\" rel=\"nofollow noopener\">podle opozice <\/a>a\u00a0\u010d\u00e1sti ekonom\u016f jde o\u00a0nezodpov\u011bdn\u00fd krok, kter\u00fd v\u00a0dob\u011b ekonomick\u00e9ho r\u016fstu nem\u00e1 opodstatn\u011bn\u00ed a\u00a0povede pouze k\u00a0nav\u00fd\u0161en\u00ed zadlu\u017een\u00ed st\u00e1tu. Nebezpe\u010dn\u00e1 je zejm\u00e9na trajektorie r\u016fstu dluhu v\u00a0posledn\u00edch letech.<\/p>\n<p class=\"c_bB\">Vl\u00e1da slibuje, \u017ee v\u00a0dal\u0161\u00edch letech sv\u00e9ho funk\u010dn\u00edho obdob\u00ed by se m\u011bly deficity za\u010d\u00edt sni\u017eovat, co\u017e ale nebude re\u00e1ln\u00e9 bez hlub\u0161\u00edch reforem, p\u0159\u00edpadn\u011b nepopul\u00e1rn\u00edch da\u0148ov\u00fdch zm\u011bn.<\/p>\n<p class=\"c_bB\">\u201eP\u0159echodn\u00e9 zv\u00fd\u0161en\u00ed schodku nem\u00e1 absolutn\u011b \u017e\u00e1dnou alternativu,\u201c <a data-dot=\"atm-link\" target=\"_blank\" href=\"https:\/\/www.novinky.cz\/clanek\/domaci-tiskova-konference-po-jednani-vlady-40595194\" class=\"c_I\" rel=\"nofollow noopener\">tvrdila Schillerov\u00e1<\/a> p\u0159i p\u0159edstaven\u00ed n\u00e1vrhu.<\/p>\n<p><a data-dot=\"atm-link\" target=\"_self\" href=\"https:\/\/www.novinky.cz\/clanek\/ekonomika-deficit-bude-vyssi-nez-vlada-slibuje-cary-s-cisly-nepomohou-varuje-kalousek-40595293\" class=\"c_I\" rel=\"nofollow noopener\"><img height=\"281\" width=\"500\" src=\"https:\/\/www.europesays.com\/cz\/wp-content\/uploads\/2026\/09\/alena-schillerova.jpeg\" loading=\"lazy\" decoding=\"async\" class=\"c_t c_r c_l\"\/><\/a><\/p>\n","protected":false},"excerpt":{"rendered":"\u201eJ\u00e1 to nepova\u017euji za kone\u010dn\u00fd stav, ten schodek je opravdu velmi vysok\u00fd,\u201c \u0159ekl Macinka \u010cTK v\u00a0\u00fater\u00fd p\u0159ed odletem&hellip;\n","protected":false},"author":2,"featured_media":198109,"comment_status":"","ping_status":"","sticky":false,"template":"","format":"standard","meta":{"footnotes":"","_share_on_mastodon":"0"},"categories":[7],"tags":[297,266,43,42,41,40,418,10331,3502,562],"class_list":["post-198108","post","type-post","status-publish","format-standard","has-post-thumbnail","category-cesko","tag-alena-schillerova","tag-andrej-babis","tag-ceska-republika","tag-cesko","tag-czech-republic","tag-czechia","tag-petr-macinka","tag-schodek-statniho-rozpoctu","tag-statni-rozpocet","tag-vlada-andreje-babise"],"share_on_mastodon":{"url":"https:\/\/pubeurope.com\/@cz\/117194565156431128","error":""},"_links":{"self":[{"href":"https:\/\/www.europesays.com\/cz\/wp-json\/wp\/v2\/posts\/198108","targetHints":{"allow":["GET"]}}],"collection":[{"href":"https:\/\/www.europesays.com\/cz\/wp-json\/wp\/v2\/posts"}],"about":[{"href":"https:\/\/www.europesays.com\/cz\/wp-json\/wp\/v2\/types\/post"}],"author":[{"embeddable":true,"href":"https:\/\/www.europesays.com\/cz\/wp-json\/wp\/v2\/users\/2"}],"replies":[{"embeddable":true,"href":"https:\/\/www.europesays.com\/cz\/wp-json\/wp\/v2\/comments?post=198108"}],"version-history":[{"count":0,"href":"https:\/\/www.europesays.com\/cz\/wp-json\/wp\/v2\/posts\/198108\/revisions"}],"wp:featuredmedia":[{"embeddable":true,"href":"https:\/\/www.europesays.com\/cz\/wp-json\/wp\/v2\/media\/198109"}],"wp:attachment":[{"href":"https:\/\/www.europesays.com\/cz\/wp-json\/wp\/v2\/media?parent=198108"}],"wp:term":[{"taxonomy":"category","embeddable":true,"href":"https:\/\/www.europesays.com\/cz\/wp-json\/wp\/v2\/categories?post=198108"},{"taxonomy":"post_tag","embeddable":true,"href":"https:\/\/www.europesays.com\/cz\/wp-json\/wp\/v2\/tags?post=198108"}],"curies":[{"name":"wp","href":"https:\/\/api.w.org\/{rel}","templated":true}]}}