{"id":198190,"date":"2026-09-01T08:22:14","date_gmt":"2026-09-01T08:22:14","guid":{"rendered":"https:\/\/www.europesays.com\/cz\/198190\/"},"modified":"2026-09-01T08:22:14","modified_gmt":"2026-09-01T08:22:14","slug":"ceskym-draham-zacina-vladnout-urednice-ministerstvo-odhalilo-jejiho-nastupce","status":"publish","type":"post","link":"https:\/\/www.europesays.com\/cz\/198190\/","title":{"rendered":"\u010cesk\u00fdm drah\u00e1m za\u010d\u00edn\u00e1 vl\u00e1dnout \u00fa\u0159ednice. Ministerstvo odhalilo jej\u00edho n\u00e1stupce"},"content":{"rendered":"<p>\n                                        Dozor\u010d\u00ed rada Hamplovou zvolila bez v\u00fdb\u011brov\u00e9ho \u0159\u00edzen\u00ed.                                     <\/p>\n<p>V \u010cesk\u00fdch drah\u00e1ch dnes za\u010d\u00edn\u00e1 nov\u00fd mana\u017eersk\u00fd experiment. Poprv\u00e9 st\u00e1tn\u00edho dopravce vede n\u011bkdo, kdo do firmy p\u0159i\u0161el bez zku\u0161enost\u00ed v byznysu. Funkce p\u0159edsedkyn\u011b p\u0159edstavenstva a gener\u00e1ln\u00ed \u0159editelky se dnes ujala Lenka Hamplov\u00e1, dosavadn\u00ed vrchn\u00ed \u0159editelka sekce ekonomick\u00e9 a infrastrukturn\u00ed ministerstva dopravy. Jej\u00ed pozici na \u00fa\u0159ad\u011b do\u010dasn\u011b p\u0159eb\u00edr\u00e1 Luk\u00e1\u0161 Trcala.<\/p>\n<p>Do funkce Hamplovou minul\u00fd t\u00fdden zvolila dozor\u010d\u00ed rada pot\u00e9, co dosavadn\u00ed \u0161\u00e9f \u010cesk\u00fdch drah Michal Krapinec ofici\u00e1ln\u011b rezignoval. Krapinec ve firm\u011b bude je\u0161t\u011b m\u011bs\u00edc a bude pom\u00e1hat Hamplov\u00e9 s p\u0159ed\u00e1v\u00e1n\u00edm funkce. Na post p\u0159edsedy p\u0159edstavenstva nebylo vyps\u00e1no \u017e\u00e1dn\u00e9 v\u00fdb\u011brov\u00e9 \u0159\u00edzen\u00ed. Hamplov\u00e1 (d\u0159\u00edve Hlubu\u010dkov\u00e1) str\u00e1vila prakticky celou kari\u00e9ru na ministerstvu dopravy, kde se vypracovala z pozice sekret\u00e1\u0159ky a\u017e na post n\u00e1m\u011bstkyn\u011b a vrchn\u00ed \u0159editelky. Vystudovala Fakultu textiln\u00ed Technick\u00e9 univerzity v Liberci.<\/p>\n<p><a href=\"https:\/\/zdopravy.cz\/toaletni-papir-jako-zaminka-proc-ve-skutecnosti-skoncil-v-cele-drah-krapinec-a-proc-je-povede-prave-hamplova-296150\/\" rel=\"nofollow noopener\" target=\"_blank\">Toaletn\u00ed pap\u00edr jako z\u00e1minka. Pro\u010d ve skute\u010dnosti skon\u010dil v \u010dele drah Krapinec a pro\u010d je povede pr\u00e1v\u011b Hamplov\u00e1<\/a><\/p>\n<p>Hamplov\u00e1 chce podle sv\u00fdch slov stav\u011bt nejen na siln\u00e9 zna\u010dce \u010cesk\u00fdch drah, ale p\u0159edev\u0161\u00edm na zku\u0161enostech jejich zam\u011bstnanc\u016f.<\/p>\n<p>\u201eM\u00fdm prvn\u00edm \u00fakolem bude detailn\u011b se sezn\u00e1mit s hospoda\u0159en\u00edm a fungov\u00e1n\u00edm spole\u010dnosti a hledat \u00faspory tam, kde d\u00e1vaj\u00ed smysl, nikoliv na \u00fakor zam\u011bstnanc\u016f, komfortu cestuj\u00edc\u00edch nebo kvality slu\u017eeb. Z\u00e1rove\u0148 se zam\u011b\u0159\u00edme na oblasti, do nich\u017e je naopak pot\u0159eba investovat, abychom do modr\u00fdch vlak\u016f p\u0159il\u00e1kali v\u00edce lid\u00ed. Od prvn\u00edho dne proto chci spole\u010dn\u011b se zam\u011bstnanci a cel\u00fdm t\u00fdmem pracovat na tom, aby byly \u010cesk\u00e9 dr\u00e1hy zdravou, modern\u00ed a sebev\u011bdomou spole\u010dnost\u00ed, kter\u00e1 mus\u00ed dlouhodob\u011b obst\u00e1t v konkurenci ostatn\u00edch dopravc\u016f,\u201c uvedla Lenka Hamplov\u00e1. S \u010cesk\u00fdmi drahami p\u0159i\u0161la do kontaktu z pozice \u010dlenky \u0159\u00eddic\u00edho v\u00fdboru a dozor\u010d\u00ed rady.<\/p>\n<p><a href=\"https:\/\/zdopravy.cz\/podle-ocekavani-krapinec-skonci-v-cele-ceskych-drah-na-konci-srpna-o-nastupci-neni-rozhodnuto-296058\/\" rel=\"nofollow noopener\" target=\"_blank\">\u010cesk\u00e9 dr\u00e1hy povede poprv\u00e9 \u017eena. Dosavadn\u00ed \u0161\u00e9f Michal Krapinec skon\u010d\u00ed ke konci srpna<\/a><\/p>\n<p>\u0158\u00edzen\u00edm sekce ekonomick\u00e9 a infrastrukturn\u00ed byl od 1. 9. pov\u011b\u0159en \u0159editel odboru financ\u00ed a ekonomiky Luk\u00e1\u0161 Trcala. Na post vrchn\u00edho \u0159editele prob\u011bhne v\u00fdb\u011brov\u00e9 \u0159\u00edzen\u00ed, vyps\u00e1n\u00ed o\u010dek\u00e1v\u00e1 ministerstvo je\u0161t\u011b v z\u00e1\u0159\u00ed.<\/p>\n<p>                                                        Tagy<\/p>\n<p>                                                                                                                                                                                                                            <a href=\"https:\/\/zdopravy.cz\/tag\/ceske-drahy\/\" type=\"button\" class=\"btn btn-secondary mb-1 btn-sm\" rel=\"nofollow noopener\" target=\"_blank\"><br \/>\n                                                                \u010cesk\u00e9 dr\u00e1hy                                                            <\/a><br \/>\n                                                                                                                                                                                                                                <a href=\"https:\/\/zdopravy.cz\/tag\/lenka-hamplova\/\" type=\"button\" class=\"btn btn-secondary mb-1 btn-sm\" rel=\"nofollow noopener\" target=\"_blank\"><br \/>\n                                                                Lenka Hamplov\u00e1                                                            <\/a><\/p>\n<p>                                                <a href=\"https:\/\/zdopravy.cz\/ceskym-draham-zacina-vladnout-urednice-ministerstvo-odhalilo-jejiho-nastupce-297134\/?comments=1#comments\" class=\"ml-3 text-body mb-3 mt-4 d-inline-block\" rel=\"nofollow noopener\" target=\"_blank\"><\/p>\n<p>                                                    10 koment\u00e1\u0159\u016f                                                <\/a><\/p>\n","protected":false},"excerpt":{"rendered":"Dozor\u010d\u00ed rada Hamplovou zvolila bez v\u00fdb\u011brov\u00e9ho \u0159\u00edzen\u00ed. V \u010cesk\u00fdch drah\u00e1ch dnes za\u010d\u00edn\u00e1 nov\u00fd mana\u017eersk\u00fd experiment. Poprv\u00e9 st\u00e1tn\u00edho dopravce&hellip;\n","protected":false},"author":2,"featured_media":198191,"comment_status":"","ping_status":"","sticky":false,"template":"","format":"standard","meta":{"footnotes":"","_share_on_mastodon":"0"},"categories":[7],"tags":[43,568,42,41,40,44908,119],"class_list":["post-198190","post","type-post","status-publish","format-standard","has-post-thumbnail","category-cesko","tag-ceska-republika","tag-ceske-drahy","tag-cesko","tag-czech-republic","tag-czechia","tag-lenka-hamplova","tag-seznam"],"share_on_mastodon":{"url":"https:\/\/pubeurope.com\/@cz\/117194820272262936","error":""},"_links":{"self":[{"href":"https:\/\/www.europesays.com\/cz\/wp-json\/wp\/v2\/posts\/198190","targetHints":{"allow":["GET"]}}],"collection":[{"href":"https:\/\/www.europesays.com\/cz\/wp-json\/wp\/v2\/posts"}],"about":[{"href":"https:\/\/www.europesays.com\/cz\/wp-json\/wp\/v2\/types\/post"}],"author":[{"embeddable":true,"href":"https:\/\/www.europesays.com\/cz\/wp-json\/wp\/v2\/users\/2"}],"replies":[{"embeddable":true,"href":"https:\/\/www.europesays.com\/cz\/wp-json\/wp\/v2\/comments?post=198190"}],"version-history":[{"count":0,"href":"https:\/\/www.europesays.com\/cz\/wp-json\/wp\/v2\/posts\/198190\/revisions"}],"wp:featuredmedia":[{"embeddable":true,"href":"https:\/\/www.europesays.com\/cz\/wp-json\/wp\/v2\/media\/198191"}],"wp:attachment":[{"href":"https:\/\/www.europesays.com\/cz\/wp-json\/wp\/v2\/media?parent=198190"}],"wp:term":[{"taxonomy":"category","embeddable":true,"href":"https:\/\/www.europesays.com\/cz\/wp-json\/wp\/v2\/categories?post=198190"},{"taxonomy":"post_tag","embeddable":true,"href":"https:\/\/www.europesays.com\/cz\/wp-json\/wp\/v2\/tags?post=198190"}],"curies":[{"name":"wp","href":"https:\/\/api.w.org\/{rel}","templated":true}]}}