{"id":198230,"date":"2026-09-01T08:59:27","date_gmt":"2026-09-01T08:59:27","guid":{"rendered":"https:\/\/www.europesays.com\/cz\/198230\/"},"modified":"2026-09-01T08:59:27","modified_gmt":"2026-09-01T08:59:27","slug":"izraelsky-ministr-si-pochvaloval-spatne-podminky-palestinskych-vezenkyn","status":"publish","type":"post","link":"https:\/\/www.europesays.com\/cz\/198230\/","title":{"rendered":"Izraelsk\u00fd ministr si pochvaloval \u0161patn\u00e9 podm\u00ednky palestinsk\u00fdch v\u011bze\u0148ky\u0148"},"content":{"rendered":"<p class=\"e_bX\">Izraelsk\u00fd krajn\u011b pravicov\u00fd ministr n\u00e1rodn\u00ed bezpe\u010dnosti Itamar Ben Gvir v\u00a0ned\u011bli v\u00a0p\u0159\u00edsp\u011bvku na s\u00edti <a data-dot=\"atm-link\" target=\"_blank\" rel=\"noopener nofollow\" href=\"https:\/\/x.com\/itamarbengvir\/status\/2093958408315478500?s=20\" class=\"e_n\">X<\/a> zve\u0159ejnil video, ve kter\u00e9m nad\u00e1v\u00e1 palestinsk\u00fdm \u017een\u00e1m zadr\u017eovan\u00fdm ve v\u011bznici Damon na severu Izraele. P\u0159i n\u00e1v\u0161t\u011bv\u011b v\u011bze\u0148ky\u0148 tak\u00e9 uv\u00edtal zhor\u0161en\u00ed jejich podm\u00ednek, napsala agentura AFP.<\/p>\n<p class=\"e_bX\">Dva m\u011bs\u00edce p\u0159ed parlamentn\u00edmi volbami zve\u0159ejnil Ben Gvir video, ve kter\u00e9m zahalen\u00e1 \u017eena s\u00a0rozmazan\u00fdm obli\u010dejem tvrd\u00ed, \u017ee podm\u00ednky ve v\u011bzen\u00ed jsou extr\u00e9mn\u011b \u0161patn\u00e9, \u017ee v\u011bze\u0148kyn\u011b nemaj\u00ed \u017e\u00e1dn\u00e1 pr\u00e1va a\u00a0\u017ee jako \u017eeny maj\u00ed specifick\u00e9 pot\u0159eby.<\/p>\n<p class=\"e_bX\">\u201eT\u0159i dny jsme se nemyly a\u00a0nevym\u011bnily jsme si spodn\u00ed pr\u00e1dlo,\u201c vypov\u00edd\u00e1 tato \u017eena, kterou v\u00a0kv\u011btnu 2025\u00a0znovu zatkly izraelsk\u00e9 jednotky, n\u011bkolik m\u011bs\u00edc\u016f po sv\u00e9m propu\u0161t\u011bn\u00ed v\u00a0r\u00e1mci dohody o\u00a0p\u0159\u00edm\u011b\u0159\u00ed v\u00a0Gaze.<\/p>\n<p class=\"e_bX\">Izraelsk\u00fd ministr takov\u00e9 podm\u00ednky uv\u00edtal a\u00a0srovnal situaci s\u00a0podm\u00ednkami izraelsk\u00fdch rukojm\u00ed, kter\u00e9 po \u00fatoku ze 7.\u00a0\u0159\u00edjna 2023\u00a0zadr\u017eovaly hnut\u00ed Ham\u00e1s a\u00a0dal\u0161\u00ed palestinsk\u00e9 ozbrojen\u00e9 skupiny v\u00a0Gaze t\u00e9m\u011b\u0159 dva roky.<\/p>\n<p class=\"e_bX\">\u201eNa\u0161i rukojm\u00ed nem\u011bli \u0161ampon a\u00a0nem\u011bli takov\u00e9 podm\u00ednky. Jsem hrd\u00fd na to, \u017ee se n\u00e1m poda\u0159ilo omezit podm\u00ednky zadr\u017een\u00fdch terorist\u016f na absolutn\u00ed minimum. S\u00a0letn\u00edmi t\u00e1bory ve v\u011bznic\u00edch je konec,\u201c prohl\u00e1sil. \u201eKdokoli ubl\u00ed\u017e\u00ed m\u00fdm bratr\u016fm, nebude m\u00edt takov\u00e9 podm\u00ednky jako v\u00a0hotelu,\u201c dodal.<\/p>\n<p class=\"e_bX\">Ministr, spojenec izraelsk\u00e9ho premi\u00e9ra Benjamina Netanjahua v\u00a0r\u00e1mci vl\u00e1dn\u00ed koalice, je zn\u00e1m\u00fd sv\u00fdmi provokativn\u00edmi v\u00fdroky a\u00a0\u010diny, podot\u00fdk\u00e1 AFP.<\/p>\n<p class=\"e_bX\">Komise pro z\u00e1le\u017eitosti v\u011bz\u0148\u016f Palestinsk\u00e9 autonomie obvinila Bena Gvira z\u00a0brutality, nen\u00e1visti a\u00a0rasismu.<\/p>\n<p class=\"e_bX\">Ben Gvir je v\u00a0Izraeli velmi vlivnou osobnost\u00ed. M\u00e1 zna\u010dnou kontrolu nad kl\u00ed\u010dov\u00fdmi \u010d\u00e1stmi izraelsk\u00e9ho bezpe\u010dnostn\u00edho apar\u00e1tu &#8211; \u0159\u00edd\u00ed v\u011bznice v\u00a0zemi, kde jsou uv\u011bzn\u011bny tis\u00edce Palestinc\u016f z\u00a0P\u00e1sma Gazy a\u00a0Z\u00e1padn\u00edho b\u0159ehu. Ji\u017e d\u0159\u00edve se chlubil sni\u017eov\u00e1n\u00edm potravinov\u00fdch d\u00e1vek pro palestinsk\u00e9 v\u011bzn\u011b.<\/p>\n<p><a data-dot=\"mol-article-card-media\" aria-hidden=\"true\" tabindex=\"-1\" href=\"https:\/\/www.seznamzpravy.cz\/clanek\/zahranicni-kez-by-me-radeji-zabili-misto-trumpovy-pomoci-prisly-dozivotni-nasledky-313860\" class=\"e_n f_l8\" rel=\"nofollow noopener\" target=\"_blank\"><img fetchpriority=\"high\" height=\"1012\"   width=\"1800\" src=\"https:\/\/www.europesays.com\/cz\/wp-content\/uploads\/2026\/09\/iran-protest-teheran.jpeg\" loading=\"eager\" decoding=\"sync\" class=\"e_aa e_Z\"\/><\/a><a data-dot=\"mol-article-card-media\" aria-hidden=\"true\" tabindex=\"-1\" href=\"https:\/\/www.seznamzpravy.cz\/clanek\/zahranicni-neviditelny-problem-na-ceute-nemuzeme-pomoct-tvrdi-pry-policie-migrantkam-313468\" class=\"e_n f_l8\" rel=\"nofollow noopener\" target=\"_blank\"><img height=\"1080\"   width=\"1920\" src=\"https:\/\/www.europesays.com\/cz\/wp-content\/uploads\/2026\/09\/c45d.jpeg\" loading=\"eager\" decoding=\"sync\" class=\"e_aa e_Z\"\/><\/a><\/p>\n","protected":false},"excerpt":{"rendered":"Izraelsk\u00fd krajn\u011b pravicov\u00fd ministr n\u00e1rodn\u00ed bezpe\u010dnosti Itamar Ben Gvir v\u00a0ned\u011bli v\u00a0p\u0159\u00edsp\u011bvku na s\u00edti X zve\u0159ejnil video, ve kter\u00e9m&hellip;\n","protected":false},"author":2,"featured_media":198231,"comment_status":"","ping_status":"","sticky":false,"template":"","format":"standard","meta":{"footnotes":"","_share_on_mastodon":"0"},"categories":[11],"tags":[16148,2013,1713,54,1624,53,52],"class_list":["post-198230","post","type-post","status-publish","format-standard","has-post-thumbnail","category-svet","tag-itamar-ben-gvir","tag-izraelsko-palestinsky-konflikt","tag-lidska-prava","tag-svet","tag-vezeni","tag-world","tag-world-news"],"share_on_mastodon":{"url":"https:\/\/pubeurope.com\/@cz\/117194966137070905","error":""},"_links":{"self":[{"href":"https:\/\/www.europesays.com\/cz\/wp-json\/wp\/v2\/posts\/198230","targetHints":{"allow":["GET"]}}],"collection":[{"href":"https:\/\/www.europesays.com\/cz\/wp-json\/wp\/v2\/posts"}],"about":[{"href":"https:\/\/www.europesays.com\/cz\/wp-json\/wp\/v2\/types\/post"}],"author":[{"embeddable":true,"href":"https:\/\/www.europesays.com\/cz\/wp-json\/wp\/v2\/users\/2"}],"replies":[{"embeddable":true,"href":"https:\/\/www.europesays.com\/cz\/wp-json\/wp\/v2\/comments?post=198230"}],"version-history":[{"count":0,"href":"https:\/\/www.europesays.com\/cz\/wp-json\/wp\/v2\/posts\/198230\/revisions"}],"wp:featuredmedia":[{"embeddable":true,"href":"https:\/\/www.europesays.com\/cz\/wp-json\/wp\/v2\/media\/198231"}],"wp:attachment":[{"href":"https:\/\/www.europesays.com\/cz\/wp-json\/wp\/v2\/media?parent=198230"}],"wp:term":[{"taxonomy":"category","embeddable":true,"href":"https:\/\/www.europesays.com\/cz\/wp-json\/wp\/v2\/categories?post=198230"},{"taxonomy":"post_tag","embeddable":true,"href":"https:\/\/www.europesays.com\/cz\/wp-json\/wp\/v2\/tags?post=198230"}],"curies":[{"name":"wp","href":"https:\/\/api.w.org\/{rel}","templated":true}]}}