{"id":198232,"date":"2026-09-01T09:00:09","date_gmt":"2026-09-01T09:00:09","guid":{"rendered":"https:\/\/www.europesays.com\/cz\/198232\/"},"modified":"2026-09-01T09:00:09","modified_gmt":"2026-09-01T09:00:09","slug":"trefa-miroslava-kalouska-spatne-dluhy-v-dobrych-casech","status":"publish","type":"post","link":"https:\/\/www.europesays.com\/cz\/198232\/","title":{"rendered":"Trefa Miroslava Kalouska: \u0160patn\u00e9 dluhy v\u00a0dobr\u00fdch \u010dasech"},"content":{"rendered":"<p class=\"c_bB\">Na sv\u016fj ka\u017edodenn\u00ed provoz si p\u016fj\u010d\u00edme devades\u00e1t dev\u011bt miliard. Vl\u00e1da rozj\u00ed\u017ed\u00ed proj\u00eddac\u00ed dluhovou spir\u00e1lu, a\u00a0to nem\u016f\u017ee skon\u010dit dob\u0159e pro nikoho z\u00a0n\u00e1s. I\u00a0budoucnost bude m\u00edt sv\u00e9 ka\u017edodenn\u00ed provozn\u00ed v\u00fddaje. Vedle nich ale bude muset i\u00a0s tu\u010dn\u00fdmi \u00faroky platit to, co my jsme zkonzumovali, ale nezaplatili. <\/p>\n<p class=\"c_bB\">Odpov\u011bdn\u00fd hospod\u00e1\u0159 v\u00a0dobr\u00fdch \u010dasech tvo\u0159\u00ed rezervy, kter\u00e9 n\u00e1m pomohou p\u0159eklenout krizov\u00e9 situace. Neodpov\u011bdn\u00fd d\u011bl\u00e1 \u0161patn\u00e9 dluhy i\u00a0v dobr\u00fdch \u010dasech, a\u00a0kdy\u017e pak p\u0159ijde krize, nen\u00ed kam s\u00e1hnout. To je politika, kter\u00e1 ohro\u017euje ka\u017ed\u00e9ho z\u00a0n\u00e1s, nejv\u00edc pak ty nejslab\u0161\u00ed a\u00a0nejzraniteln\u011bj\u0161\u00ed.<\/p>\n<p class=\"c_bB\">Trefy jsou stru\u010dn\u00e9 koment\u00e1\u0159e vybran\u00fdch osobnost\u00ed k\u00a0aktu\u00e1ln\u00edmu d\u011bn\u00ed doma i\u00a0ve sv\u011bt\u011b. Zaberou v\u00e1m zhruba minutu a\u00a0najdete je na webu Novinek i\u00a0na na\u0161ich soci\u00e1ln\u00edch s\u00edt\u00edch.<\/p>\n","protected":false},"excerpt":{"rendered":"Na sv\u016fj ka\u017edodenn\u00ed provoz si p\u016fj\u010d\u00edme devades\u00e1t dev\u011bt miliard. Vl\u00e1da rozj\u00ed\u017ed\u00ed proj\u00eddac\u00ed dluhovou spir\u00e1lu, a\u00a0to nem\u016f\u017ee skon\u010dit dob\u0159e&hellip;\n","protected":false},"author":2,"featured_media":198233,"comment_status":"","ping_status":"","sticky":false,"template":"","format":"standard","meta":{"footnotes":"","_share_on_mastodon":"0"},"categories":[7],"tags":[43,42,41,40,8462,3737,7502,562],"class_list":["post-198232","post","type-post","status-publish","format-standard","has-post-thumbnail","category-cesko","tag-ceska-republika","tag-cesko","tag-czech-republic","tag-czechia","tag-deficit","tag-statni-dluh","tag-trefa-komentare","tag-vlada-andreje-babise"],"share_on_mastodon":{"url":"https:\/\/pubeurope.com\/@cz\/117194970315130278","error":""},"_links":{"self":[{"href":"https:\/\/www.europesays.com\/cz\/wp-json\/wp\/v2\/posts\/198232","targetHints":{"allow":["GET"]}}],"collection":[{"href":"https:\/\/www.europesays.com\/cz\/wp-json\/wp\/v2\/posts"}],"about":[{"href":"https:\/\/www.europesays.com\/cz\/wp-json\/wp\/v2\/types\/post"}],"author":[{"embeddable":true,"href":"https:\/\/www.europesays.com\/cz\/wp-json\/wp\/v2\/users\/2"}],"replies":[{"embeddable":true,"href":"https:\/\/www.europesays.com\/cz\/wp-json\/wp\/v2\/comments?post=198232"}],"version-history":[{"count":0,"href":"https:\/\/www.europesays.com\/cz\/wp-json\/wp\/v2\/posts\/198232\/revisions"}],"wp:featuredmedia":[{"embeddable":true,"href":"https:\/\/www.europesays.com\/cz\/wp-json\/wp\/v2\/media\/198233"}],"wp:attachment":[{"href":"https:\/\/www.europesays.com\/cz\/wp-json\/wp\/v2\/media?parent=198232"}],"wp:term":[{"taxonomy":"category","embeddable":true,"href":"https:\/\/www.europesays.com\/cz\/wp-json\/wp\/v2\/categories?post=198232"},{"taxonomy":"post_tag","embeddable":true,"href":"https:\/\/www.europesays.com\/cz\/wp-json\/wp\/v2\/tags?post=198232"}],"curies":[{"name":"wp","href":"https:\/\/api.w.org\/{rel}","templated":true}]}}