{"id":198266,"date":"2026-09-01T09:27:13","date_gmt":"2026-09-01T09:27:13","guid":{"rendered":"https:\/\/www.europesays.com\/cz\/198266\/"},"modified":"2026-09-01T09:27:13","modified_gmt":"2026-09-01T09:27:13","slug":"nejlepsi-vysledek-za-vice-nez-ctyri-roky-cesky-prumysl-tezi-z-rustu-zakazek","status":"publish","type":"post","link":"https:\/\/www.europesays.com\/cz\/198266\/","title":{"rendered":"Nejlep\u0161\u00ed v\u00fdsledek za v\u00edce ne\u017e \u010dty\u0159i roky. \u010cesk\u00fd pr\u016fmysl t\u011b\u017e\u00ed z\u00a0r\u016fstu zak\u00e1zek"},"content":{"rendered":"<p class=\"c_bB\">\u010cesk\u00e9 zpracovatelsk\u00e9 firmy pozorovaly b\u011bhem srpna obecn\u011b siln\u011bj\u0161\u00ed expanzi d\u00edky ost\u0159ej\u0161\u00edmu zv\u00fd\u0161en\u00ed v\u00fdstupu a\u00a0nov\u00fdch zak\u00e1zek a\u00a0obnoven\u00ed r\u016fstu zam\u011bstnanosti. Popt\u00e1vka se v\u00a0srpnu op\u011bt zlep\u0161ila, co\u017e se projevilo zv\u00fd\u0161en\u00edm nov\u00fdch zak\u00e1zek \u0161est\u00fd m\u011bs\u00edc v\u00a0\u0159ad\u011b.<\/p>\n<p class=\"c_bB\">M\u00edra r\u016fstu nov\u00e9ho prodeje byla nejrychlej\u0161\u00ed od \u00fanora 2022\u00a0a\u00a0vy\u0161\u0161\u00ed p\u0159\u00edjem nov\u00e9ho obchodu se podle zpr\u00e1v z\u00a0pr\u016fzkumu spojoval s\u00a0n\u00e1r\u016fstem z\u00e1jmu klient\u016f, a\u00a0to p\u0159edev\u0161\u00edm u\u00a0mezin\u00e1rodn\u00edch odb\u011bratel\u016f. Nov\u00e9 exportn\u00ed zak\u00e1zky se op\u011bt zv\u00fd\u0161ily solidn\u00edm tempem. M\u00edra r\u016fstu sice od \u010dervence zpomalila, byla ale druh\u00e1 nejvy\u0161\u0161\u00ed za p\u011bt let.<\/p>\n<p class=\"c_bB\">\u201e\u010cesk\u00fd zpracovatelsk\u00fd sektor v\u00a0pr\u016fb\u011bhu t\u0159et\u00edho \u010dtvrtlet\u00ed pokra\u010duje ve stoupaj\u00edc\u00edm trendu silnou expanz\u00ed v\u00fdstupu a\u00a0nov\u00fdch zak\u00e1zek v\u00a0srpnu,\u201c uvedla vedouc\u00ed ekonomka S&amp;P Global Market Intelligence Sian Jonesov\u00e1.<\/p>\n<p><a data-dot=\"atm-link\" target=\"_self\" href=\"https:\/\/www.novinky.cz\/clanek\/ekonomika-vyrobni-ceny-nabiraji-tempo-zemedelske-dal-klesaji-40593008\" class=\"c_I\" rel=\"nofollow noopener\"><img fetchpriority=\"high\" height=\"2304\" width=\"4096\" src=\"https:\/\/www.europesays.com\/cz\/wp-content\/uploads\/2026\/09\/ilustracka-stavba-rodinneho-domu-rodina-dum.jpeg\" loading=\"eager\" decoding=\"sync\" class=\"c_t c_r\"\/><\/a><\/p>\n<p class=\"c_bB\">Data z\u00a0pr\u016fzkumu ale podle n\u00ed nazna\u010duj\u00ed, \u017ee probl\u00e9my v\u00a0dodavatelsk\u00e9m \u0159et\u011bzci op\u011bt zat\u00ed\u017eily kapacity a\u00a0zhor\u0161en\u00ed dod\u00e1vek materi\u00e1l\u016f firmy donutilo k\u00a0dal\u0161\u00edmu hromad\u011bn\u00ed bezpe\u010dnostn\u00edch z\u00e1sob.<\/p>\n<p class=\"c_bB\">Dopad v\u00e1lky na Bl\u00edzk\u00e9m v\u00fdchod\u011b se d\u00e1l projevoval tak\u00e9 infla\u010dn\u00edm tlakem. A\u010dkoli ochladl, r\u016fst cen vstup\u016f a\u00a0v\u00fdstup\u016f byl st\u00e1le siln\u00fd a\u00a0nad trendem pr\u016fzkumu, proto\u017ee firmy se sna\u017eily si v\u00a0souvislosti se vst\u0159\u00edcn\u00fdmi podm\u00ednkami pro popt\u00e1vku udr\u017eet mar\u017ee. I\u00a0p\u0159es finan\u010dn\u00ed tlaky a\u00a0probl\u00e9my s\u00a0dod\u00e1vkami byli v\u00fdrobci nejoptimisti\u010dt\u011bj\u0161\u00ed od b\u0159ezna, co se v\u00fdstupu v\u00a0p\u0159\u00ed\u0161t\u00edm roce t\u00fd\u010de, dodala.<\/p>\n<p class=\"c_bB\">I p\u0159es vy\u0161\u0161\u00ed zam\u011bstnanost ale v\u00a0srpnu prudce vzrostl objem nedokon\u010den\u00fdch prac\u00ed. Tempo jejich hromad\u011bn\u00ed zrychlilo na nejvy\u0161\u0161\u00ed m\u00edru od prosince 2021.\u00a0To firmy p\u0159ipisovaly tak\u00e9 prodlev\u00e1m v\u00a0dod\u00e1vk\u00e1ch, kter\u00e9 jim br\u00e1nily v\u00a0rychlej\u0161\u00edm zpracov\u00e1n\u00ed p\u0159\u00edchoz\u00ed nov\u00e9 pr\u00e1ce. Pokles v\u00fdkonu dodavatel\u016f byl \u0161estn\u00e1ct\u00fd v\u00a0\u0159ad\u011b a\u00a0v srpnu se do jist\u00e9 m\u00edry zhor\u0161il. K\u00a0prodlev\u00e1m podle \u00fa\u010dastn\u00edk\u016f pr\u016fzkumu vedly nedostatky materi\u00e1l\u016f a\u00a0logistick\u00e9 probl\u00e9my zp\u016fsoben\u00e9 v\u00e1lkou na Bl\u00edzk\u00e9m v\u00fdchod\u011b.<\/p>\n<p class=\"c_bB\">A\u010dkoli se dostupnost dod\u00e1vek zhor\u0161ila, m\u00edra inflace vstup\u016f v\u00a0polovin\u011b t\u0159et\u00edho \u010dtvrtlet\u00ed zvolnila. Tempo r\u016fstu bylo vzhledem k\u00a0vy\u0161\u0161\u00edm cen\u00e1m energie, pohonn\u00fdch hmot a\u00a0kl\u00ed\u010dov\u00fdch materi\u00e1l\u016f v\u00a0r\u00e1mci pr\u016fzkumu st\u00e1le nadpr\u016fm\u011brn\u00e9, ale nejslab\u0161\u00ed od \u00fanora. Nad\u011bje na dal\u0161\u00ed pos\u00edlen\u00ed popt\u00e1vky a\u00a0pl\u00e1novan\u00e9 investice do nov\u00e9ho vybaven\u00ed p\u0159isp\u011bly k\u00a0nejvy\u0161\u0161\u00edmu stupni d\u016fv\u011bry \u010desk\u00fdch zpracovatelsk\u00fdch firem za p\u011bt m\u011bs\u00edc\u016f.<\/p>\n<p>Firmy za\u010daly naj\u00edmat nov\u00e9 zam\u011bstnance<\/p>\n<p class=\"c_bB\">\u201eJde jednozna\u010dn\u011b o\u00a0pozitivn\u00ed v\u00fdsledek tuzemsk\u00e9ho pr\u016fmyslu, proto\u017ee nestoj\u00ed pouze na n\u00e1lad\u00e1ch, ale v\u00a0prvn\u00ed \u0159ad\u011b na zak\u00e1zk\u00e1ch. Ukazuje se, \u017ee firmy v\u00a0nejv\u011bt\u0161\u00edm odv\u011btv\u00ed dok\u00e1\u017eou z\u00edsk\u00e1vat nov\u00e9 objedn\u00e1vky i\u00a0v\u00a0nelehk\u00fdch \u010dasech drah\u00fdch energi\u00ed a\u00a0nejist\u00e9 zahrani\u010dn\u00ed popt\u00e1vky,\u201c ohodnotil sou\u010dasnou situaci Petr Dufek, hlavn\u00ed ekonom banky Creditas.<\/p>\n<p class=\"c_bB\">R\u016fst zak\u00e1zek spolu s\u00a0vy\u0161\u0161\u00ed rozpracovanost\u00ed v\u00fdroby podle n\u011bj vytv\u00e1\u0159ej\u00ed dostate\u010dnou z\u00e1sobu pr\u00e1ce pro dal\u0161\u00ed m\u011bs\u00edce. \u201eI kdy\u017e \u010d\u00e1ste\u010dn\u011b tento probl\u00e9m nen\u00ed d\u016fsledkem nedostate\u010dn\u00fdch kapacit v\u00fdrobc\u016f, ale sp\u00ed\u0161e pokulh\u00e1vaj\u00edc\u00edm z\u00e1sobov\u00e1n\u00edm. Podle pr\u016fzkumu dokonce firmy za\u010daly naj\u00edmat nov\u00e9 zam\u011bstnance, co\u017e je zm\u011bna oproti dosavadn\u00edmu trendu, kdy byl pr\u00e1v\u011b pr\u016fmysl hlavn\u00edm \u201aproducentem\u2018 nezam\u011bstnan\u00fdch,\u201c uzav\u0159el Dufek.<\/p>\n<p><a data-dot=\"atm-link\" target=\"_self\" href=\"https:\/\/www.novinky.cz\/clanek\/ekonomika-rust-prumyslu-v-cervnu-opet-zrychlil-40591469\" class=\"c_I\" rel=\"nofollow noopener\"><img height=\"720\" width=\"1280\" src=\"https:\/\/www.europesays.com\/cz\/wp-content\/uploads\/2026\/09\/prumyslova-vyroba-graf.jpeg\" loading=\"eager\" decoding=\"sync\" class=\"c_t c_r\"\/><\/a><\/p>\n","protected":false},"excerpt":{"rendered":"\u010cesk\u00e9 zpracovatelsk\u00e9 firmy pozorovaly b\u011bhem srpna obecn\u011b siln\u011bj\u0161\u00ed expanzi d\u00edky ost\u0159ej\u0161\u00edmu zv\u00fd\u0161en\u00ed v\u00fdstupu a\u00a0nov\u00fdch zak\u00e1zek a\u00a0obnoven\u00ed r\u016fstu zam\u011bstnanosti.&hellip;\n","protected":false},"author":2,"featured_media":198267,"comment_status":"","ping_status":"","sticky":false,"template":"","format":"standard","meta":{"footnotes":"","_share_on_mastodon":"0"},"categories":[12],"tags":[67,68,43,63,679,592,36715,2132],"class_list":["post-198266","post","type-post","status-publish","format-standard","has-post-thumbnail","category-byznys","tag-business","tag-byznys","tag-ceska-republika","tag-hospodarstvi","tag-krize","tag-prumysl","tag-srpen","tag-vyroba"],"share_on_mastodon":{"url":"https:\/\/pubeurope.com\/@cz\/117195076055991152","error":""},"_links":{"self":[{"href":"https:\/\/www.europesays.com\/cz\/wp-json\/wp\/v2\/posts\/198266","targetHints":{"allow":["GET"]}}],"collection":[{"href":"https:\/\/www.europesays.com\/cz\/wp-json\/wp\/v2\/posts"}],"about":[{"href":"https:\/\/www.europesays.com\/cz\/wp-json\/wp\/v2\/types\/post"}],"author":[{"embeddable":true,"href":"https:\/\/www.europesays.com\/cz\/wp-json\/wp\/v2\/users\/2"}],"replies":[{"embeddable":true,"href":"https:\/\/www.europesays.com\/cz\/wp-json\/wp\/v2\/comments?post=198266"}],"version-history":[{"count":0,"href":"https:\/\/www.europesays.com\/cz\/wp-json\/wp\/v2\/posts\/198266\/revisions"}],"wp:featuredmedia":[{"embeddable":true,"href":"https:\/\/www.europesays.com\/cz\/wp-json\/wp\/v2\/media\/198267"}],"wp:attachment":[{"href":"https:\/\/www.europesays.com\/cz\/wp-json\/wp\/v2\/media?parent=198266"}],"wp:term":[{"taxonomy":"category","embeddable":true,"href":"https:\/\/www.europesays.com\/cz\/wp-json\/wp\/v2\/categories?post=198266"},{"taxonomy":"post_tag","embeddable":true,"href":"https:\/\/www.europesays.com\/cz\/wp-json\/wp\/v2\/tags?post=198266"}],"curies":[{"name":"wp","href":"https:\/\/api.w.org\/{rel}","templated":true}]}}