{"id":198270,"date":"2026-09-01T09:29:18","date_gmt":"2026-09-01T09:29:18","guid":{"rendered":"https:\/\/www.europesays.com\/cz\/198270\/"},"modified":"2026-09-01T09:29:18","modified_gmt":"2026-09-01T09:29:18","slug":"zlodeji-sabotuji-vlaky-mezi-libercem-a-zitavou-cesi-pro-jistotu-nasazuji-autobusy","status":"publish","type":"post","link":"https:\/\/www.europesays.com\/cz\/198270\/","title":{"rendered":"Zlod\u011bji sabotuj\u00ed vlaky mezi Libercem a\u00a0\u017ditavou. \u010ce\u0161i pro jistotu nasazuj\u00ed autobusy"},"content":{"rendered":"<p class=\"c_bB\">Opakovan\u00e9 sabot\u00e1\u017ee z\u00a0posledn\u00edch m\u011bs\u00edc\u016f komplikuj\u00ed provoz vlak\u016f na link\u00e1ch L7\u00a0a\u00a0RE2\u00a0mezi Libercem, Seifhennersdorfem a\u00a0Dr\u00e1\u017e\u010fany. Naposledy k\u00a0\u00fatoku na tra\u0165 do\u0161lo v\u00a0polovin\u011b srpna, kdy zlod\u011bji ukradli kabel\u00e1\u017e.<\/p>\n<p class=\"c_bB\">\u201eJi\u017e po p\u00e1t\u00e9 v\u00a0roce 2026\u00a0byl odcizen kabel \u017eelezni\u010dn\u00ed infrastruktury. V\u00a0d\u016fsledku toho mohou vlaky v\u00a0sou\u010dasn\u00e9 dob\u011b proj\u00ed\u017ed\u011bt dot\u010den\u00fdm \u00fasekem trat\u011b pouze s\u00a0omezen\u00edmi: odjezdy jsou \u010d\u00e1ste\u010dn\u011b zpo\u017ed\u011bny a\u00a0je nutn\u00e9 dodr\u017eovat ni\u017e\u0161\u00ed rychlosti,\u201c informoval 18.\u00a0srpna provozovatel vlak\u016f Trilex, spole\u010dnost Die L\u00e4nderbahn.<\/p>\n<p><a data-dot=\"atm-link\" target=\"_self\" href=\"https:\/\/www.novinky.cz\/clanek\/krimi-recidivista-opakovane-kradl-kabely-na-zeleznici-hrozi-mu-sest-let-40566981\" class=\"c_I\" rel=\"nofollow noopener\"><img fetchpriority=\"high\" height=\"2250\" width=\"4000\" src=\"https:\/\/www.europesays.com\/cz\/wp-content\/uploads\/2026\/09\/policie-koridor-kabely-kradez-vazba-lipnik-nad-becvou-jezernice-prerovsko.jpeg\" loading=\"eager\" decoding=\"sync\" class=\"c_t c_r\"\/><\/a><\/p>\n<p class=\"c_bB\">Upozornil, \u017ee proto\u017ee je tra\u0165 p\u0159ev\u00e1\u017en\u011b jednokolejn\u00e1, doch\u00e1z\u00ed v\u00a0d\u016fsledku t\u011bchto omezen\u00ed tak\u00e9 ke zpo\u017ed\u011bn\u00ed pl\u00e1novan\u00fdch k\u0159\u00ed\u017een\u00ed vlak\u016f a\u00a0zpo\u017ed\u011bn\u00ed se tak prom\u00edtaj\u00ed do cel\u00e9ho j\u00edzdn\u00edho \u0159\u00e1du dal\u0161\u00edch navazuj\u00edc\u00edch linek. <\/p>\n<p class=\"c_bB\">Za dohled nad infrastrukturou m\u00e1 zodpov\u011bdnost polsk\u00e1 strana, kter\u00e1 by tak\u00e9 m\u011bla situaci s\u00a0opakovan\u00fdmi kr\u00e1de\u017eemi \u0159e\u0161it. K\u00a0n\u011bkolika \u00famysln\u00fdm po\u0161kozen\u00edm \u017eelezni\u010dn\u00ed infrastruktury toti\u017e do\u0161lo od kv\u011btna zejm\u00e9na u\u00a0Pojar\u00f3wa. Na \u0159e\u0161en\u00ed probl\u00e9mu tak nyn\u00ed spolupracuj\u00ed spr\u00e1vci infrastruktury i\u00a0bezpe\u010dnostn\u00ed slo\u017eky v\u00a0\u010cesku, Polsku a\u00a0N\u011bmecku.<\/p>\n<p class=\"c_bB\">Mluv\u010d\u00ed policie Libereck\u00e9ho kraje Vojt\u011bch Robovsk\u00fd potvrdil, \u017ee na problematice s\u00a0krajsk\u00fdm dopravcem, spole\u010dnost\u00ed KORID LK, spolupracuj\u00ed a\u00a0mimo jin\u00e9 nap\u0159\u00edklad p\u0159edali kontakty na kolegy v\u00a0sousedn\u00edch zem\u00edch.<\/p>\n<p class=\"c_bB\">\u201eV r\u00e1mci na\u0161eho v\u00fdkonu slu\u017eby prov\u00e1d\u00edme nam\u00e1tkov\u00e9 kontroly \u017eelezni\u010dn\u00edho svr\u0161ku na t\u00e9to konkr\u00e9tn\u00ed trati na na\u0161em \u00fazem\u00ed,\u201c uvedl Robovsk\u00fd s\u00a0t\u00edm, \u017ee posledn\u00ed p\u0159\u00edpad souvisej\u00edc\u00ed s\u00a0kr\u00e1de\u017e\u00ed kabel\u00e1\u017ee \u010di zabezpe\u010dovac\u00edm za\u0159\u00edzen\u00edm na \u010desk\u00e9 \u010d\u00e1sti trat\u011b \u0159e\u0161ili na sklonku lo\u0148sk\u00e9ho roku. <\/p>\n<p class=\"c_bB\">Nyn\u00ed jsou probl\u00e9my prim\u00e1rn\u011b na polsk\u00e9 stran\u011b, kde se p\u0159\u00edpady zab\u00fdvaj\u00ed pol\u0161t\u00ed policist\u00e9.<\/p>\n<p class=\"c_bB\">\u201ePro cestuj\u00edc\u00ed je nejd\u016fle\u017eit\u011bj\u0161\u00ed, aby se na vlak mohli spolehnout. Sou\u010dasn\u00e1 situace p\u0159in\u00e1\u0161\u00ed zpo\u017ed\u011bn\u00ed, kter\u00e1 komplikuj\u00ed ka\u017edodenn\u00ed cestov\u00e1n\u00ed. Libereck\u00fd kraj proto vyzval k\u00a0aktivit\u011b a\u00a0p\u0159eshrani\u010dn\u00ed spolupr\u00e1ci policejn\u00ed i\u00a0pohrani\u010dn\u00ed slo\u017eky a\u00a0po\u017e\u00e1dal spr\u00e1vce trat\u00ed o\u00a0urychlen\u00ed postup\u016f p\u0159i odstra\u0148ov\u00e1n\u00ed \u0161kod,\u201c uvedl Daniel David (Starostov\u00e9 pro Libereck\u00fd kraj), n\u00e1m\u011bstek hejtmana Libereck\u00e9ho kraje pro resort dopravy.<\/p>\n<p>Pro \u0161kol\u00e1ky budou pro jistotu p\u0159istaveny autobusy<\/p>\n<p class=\"c_bB\">Libereck\u00fd kraj kv\u016fli hroz\u00edc\u00edmu mo\u017en\u00e9mu v\u00fdpadku na trati v\u00a0prvn\u00edch dnech \u0161koln\u00edho roku preventivn\u011b pos\u00edl\u00ed rann\u00ed dopravu z\u00a0Hr\u00e1dku nad Nisou do Liberce je\u0161t\u011b autobusy. Dopln\u00ed tak vlakov\u00e9 spoje, kter\u00e9 by m\u011bly jet bez omezen\u00ed. Prvn\u00ed autobus vyjede z\u00a0autobusov\u00e9ho n\u00e1dra\u017e\u00ed v\u00a0Hr\u00e1dku v\u00a06.45\u00a0hodin a\u00a0druh\u00fd v\u00a07.05\u00a0hodin.<\/p>\n<p class=\"c_bB\">\u201eV posledn\u00ed dob\u011b doch\u00e1zelo kv\u016fli \u00famysln\u00e9mu po\u0161kozov\u00e1n\u00ed \u017eelezni\u010dn\u00ed infrastruktury na \u00fazem\u00ed Polska ke zpo\u017ed\u011bn\u00ed n\u011bkter\u00fdch vlakov\u00fdch spoj\u016f Trilex. \u017d\u00e1k\u016fm a\u00a0student\u016fm proto dopravce doporu\u010duje do\u010dasn\u011b volit spoj s\u00a0dostate\u010dnou \u010dasovou rezervou p\u0159ed za\u010d\u00e1tkem vyu\u010dov\u00e1n\u00ed a\u00a0p\u0159ed cestou sledovat aktu\u00e1ln\u00ed informace o\u00a0provozu vlak\u016f na jeho webov\u00fdch str\u00e1nk\u00e1ch,\u201c doporu\u010dila mluv\u010d\u00ed krajsk\u00e9ho \u00fa\u0159adu Michaela K\u0159ivkov\u00e1.<\/p>\n<p class=\"c_bB\">Organizovan\u00e9 kr\u00e1de\u017ee kabel\u016f na \u017eeleznici v\u00a0t\u00e9to oblasti Polska jsou dlouhodob\u00fdm probl\u00e9mem. Podle polsk\u00fdch region\u00e1ln\u00edch m\u00e9di\u00ed jsou nejkriti\u010dt\u011bj\u0161\u00edmi m\u00edsty, kde k\u00a0opakovan\u00e9mu po\u0161kozov\u00e1n\u00ed infrastruktury doch\u00e1z\u00ed, tzv. z\u00fa\u017een\u00ed u\u00a0Bogatynie a\u00a0Pojar\u00f3wa a\u00a0v t\u011bsn\u00e9 bl\u00edzkosti polsko-n\u011bmeck\u00e9ho hrani\u010dn\u00edho mostu v\u00a0Hirschfelde. Zlod\u011bji z\u00a0Polska maj\u00ed na sv\u011bdom\u00ed podobn\u00e9 v\u00fdpady tak\u00e9 na \u017eeleznici v\u00a0N\u011bmecku. Nap\u0159\u00edklad kr\u00e1de\u017e\u00ed des\u00edtek metr\u016f kabel\u016f po\u0161kodili semafory na \u017eelezni\u010dn\u00ed trati G\u00f6rlitz\u2013Cottbus letos v\u00a0kv\u011btnu a\u00a0zp\u016fsobili tak \u0161kodu Deutsche Bahn. Pachatele se tehdy poda\u0159ilo dopadnout.<\/p>\n<p><a data-dot=\"atm-link\" target=\"_self\" href=\"https:\/\/www.novinky.cz\/clanek\/domaci-zpravy-liberecky-kraj-cestujici-na-frydlantsku-a-jizerskohorske-zeleznici-se-ve-vlacich-dockaji-vetsiho-komfortu-40594754\" class=\"c_I\" rel=\"nofollow noopener\"><img height=\"1848\" width=\"3285\" src=\"https:\/\/www.europesays.com\/cz\/wp-content\/uploads\/2026\/09\/doprava-vlaky-frydlantsko-jizerkohorska-zeleznice-liberecky-kraj.jpeg\" loading=\"eager\" decoding=\"sync\" class=\"c_t c_r\"\/><\/a><\/p>\n","protected":false},"excerpt":{"rendered":"Opakovan\u00e9 sabot\u00e1\u017ee z\u00a0posledn\u00edch m\u011bs\u00edc\u016f komplikuj\u00ed provoz vlak\u016f na link\u00e1ch L7\u00a0a\u00a0RE2\u00a0mezi Libercem, Seifhennersdorfem a\u00a0Dr\u00e1\u017e\u010fany. Naposledy k\u00a0\u00fatoku na tra\u0165 do\u0161lo&hellip;\n","protected":false},"author":2,"featured_media":198271,"comment_status":"","ping_status":"","sticky":false,"template":"","format":"standard","meta":{"footnotes":"","_share_on_mastodon":"0"},"categories":[7],"tags":[43,42,41,40,514,32588,6902,1671,117,1692,39959],"class_list":["post-198270","post","type-post","status-publish","format-standard","has-post-thumbnail","category-cesko","tag-ceska-republika","tag-cesko","tag-czech-republic","tag-czechia","tag-doprava","tag-kradez-kabelu","tag-liberecko","tag-liberecky-kraj","tag-polsko","tag-vlaky","tag-zitava"],"share_on_mastodon":{"url":"https:\/\/pubeurope.com\/@cz\/117195084230505355","error":""},"_links":{"self":[{"href":"https:\/\/www.europesays.com\/cz\/wp-json\/wp\/v2\/posts\/198270","targetHints":{"allow":["GET"]}}],"collection":[{"href":"https:\/\/www.europesays.com\/cz\/wp-json\/wp\/v2\/posts"}],"about":[{"href":"https:\/\/www.europesays.com\/cz\/wp-json\/wp\/v2\/types\/post"}],"author":[{"embeddable":true,"href":"https:\/\/www.europesays.com\/cz\/wp-json\/wp\/v2\/users\/2"}],"replies":[{"embeddable":true,"href":"https:\/\/www.europesays.com\/cz\/wp-json\/wp\/v2\/comments?post=198270"}],"version-history":[{"count":0,"href":"https:\/\/www.europesays.com\/cz\/wp-json\/wp\/v2\/posts\/198270\/revisions"}],"wp:featuredmedia":[{"embeddable":true,"href":"https:\/\/www.europesays.com\/cz\/wp-json\/wp\/v2\/media\/198271"}],"wp:attachment":[{"href":"https:\/\/www.europesays.com\/cz\/wp-json\/wp\/v2\/media?parent=198270"}],"wp:term":[{"taxonomy":"category","embeddable":true,"href":"https:\/\/www.europesays.com\/cz\/wp-json\/wp\/v2\/categories?post=198270"},{"taxonomy":"post_tag","embeddable":true,"href":"https:\/\/www.europesays.com\/cz\/wp-json\/wp\/v2\/tags?post=198270"}],"curies":[{"name":"wp","href":"https:\/\/api.w.org\/{rel}","templated":true}]}}