{"id":198328,"date":"2026-09-01T10:18:21","date_gmt":"2026-09-01T10:18:21","guid":{"rendered":"https:\/\/www.europesays.com\/cz\/198328\/"},"modified":"2026-09-01T10:18:21","modified_gmt":"2026-09-01T10:18:21","slug":"trumpova-popularita-se-drzi-na-rekordne-nizke-urovni-novinky","status":"publish","type":"post","link":"https:\/\/www.europesays.com\/cz\/198328\/","title":{"rendered":"Trumpova popularita se dr\u017e\u00ed na rekordn\u011b n\u00edzk\u00e9 \u00farovni &#8211; Novinky"},"content":{"rendered":"<p><a href=\"https:\/\/news.google.com\/rss\/articles\/CBMipAFBVV95cUxQeEhzT3BfcV9lZ3A2ZnowYlJ0X1UxRWxHSktVbmRUOFVIUF9ENjRBVmlybmQwSjNfWXc4R2V6U0Q4cDJPWmZGTmtGWUdSMGpiNjhJRDVkb1JpMXNXbGRncnZLY25IR1o5RFNzajNTakN1UHJFR1JuR0h3bXY2MUJoemJYdWFkYTdwNkVfcEJ4Y0hWVllUdVRfeVBtTzdjSjRGdVJuNg?oc=5\" target=\"_blank\" rel=\"nofollow noopener\">Trumpova popularita se dr\u017e\u00ed na rekordn\u011b n\u00edzk\u00e9 \u00farovni<\/a>&nbsp;&nbsp;Novinky<a href=\"https:\/\/news.google.com\/rss\/articles\/CBMiugFBVV95cUxOV2h2WnFlTUxmei1WN0J4OVB5c0d0NkV5SmNWMXBlMWhKZURBdmd2eHlNa3lJdWJYSjhXYWRaeFp5dXJoS00wclZIcTUwanBybVlTcDNOSGZ1TnpGLW9xV2haVGQ2QlhubEctTXU0MnJ3UE9lLTgzcmliSGRudVctM2hrTzJWSkhyZTBwVDVuNFFWNEVaRjRnTlJycmlBSFhiczlLVGVGblY2UkpKT1dPeTk2aFpiLWxVUHc?oc=5\" target=\"_blank\" rel=\"nofollow noopener\">Volby do Kongresu jsou otev\u0159en\u011bj\u0161\u00ed, ne\u017e se zd\u00e1. Demokrat\u00e9 se boj\u00ed, \u017ee Trump v\u00fdsledky napadne<\/a>&nbsp;&nbsp;CNN Prima NEWS<a href=\"https:\/\/news.google.com\/rss\/articles\/CBMirwFBVV95cUxOMlpLa3dtMkE3amlPUEZWNmJPNVdUTWw4aV9DZ3VVdWdwWHhPZHpXcl9uelF2SFRkZ3RNZm84MEpQMEplZTNKTW1ZUFEzN09Xd3FCZWNLZ2tjck5iU2UtSGJtdTJiSGRNU2V3bjhzUWNMQTg2Q0lTcDRiVzdvaU9ENVNmT0hoLUFnSi1QRFlndHRxVG51dExDXzQ0MFIzSVFQUjV5YzhkQUVOY0otTllF?oc=5\" target=\"_blank\" rel=\"nofollow noopener\">Jak prezident pot\u00e1p\u00ed vlastn\u00ed stranu: Republik\u00e1ni se d\u011bs\u00ed volebn\u00edho masakru<\/a>&nbsp;&nbsp;Centrum.cz<a href=\"https:\/\/news.google.com\/rss\/articles\/CBMiyAFBVV95cUxPb2RnbHhNYXVMU3RQOGxFSHQ2b090TFQxWTNYaWhjdGh5X0pkRlJxQVZuY1pNYmdoNDNrTDNYZVZ6WTl5RFBjLVFyeDd5S3E5ZE5iSW9EVGx2d2gtWml1eG9JYVJSVWQyMlJVZmFsaGc5QWJabHZRYzIzV2dYMnFNalRBQnhBZlhwZzE1Zm55c0VCVEZUV2V3Yzd4UVRFN1JTS2NGNVd0ajNNektGUFhFSEF2UWlzUVJjWmNDWTFtUThTVldnNDZDOdIBzgFBVV95cUxQWl9DTWRRQTZkV3lrcEdxR0tkY1JuMUtUWTl2TG5FbGJLNnBYYVlSRW9vblhacEt3XzNma3hQVGNHSDQxclM5eVF2SzdzN1lvcDRGQVB0YXpiSjNWWHpUMS1HM25PYkhrQkhkcXl0MW1uaHNNTXQyQ0R3TnVGQ3J2LVpXdEZjdGRYcWdXT2UtNmRsY1NnVHVmTzFMS2R4bHI4SGtDMW5zWW96MTVSUDVibHVIWEJYNTd6Uy1fSjhYSGxtS2laNU5XTmFjTnhLQQ?oc=5\" target=\"_blank\" rel=\"nofollow noopener\">Trumpovi hroz\u00ed volebn\u00ed v\u00fdprask. Demokrat\u00e9 ale mus\u00ed zvr\u00e1tit trendy minulosti<\/a>&nbsp;&nbsp;www.prahanadlani.cz<a href=\"https:\/\/news.google.com\/rss\/articles\/CBMitAFBVV95cUxQZ0ZQNUx0eGJScEtLN0VfM0pwRlRrZ3B6SUxVYnRlazlXTWxzVnR3UC0yN2ptQUd5UlBrbjNkSEJFNnk3NGFJYi1hbExpV2U1ZXdTRmNLZlpjeUJlQUJiSXZKNG5ueWtvaWU0LWlTSlZjaGhTanBXdGNNb29zRkI2dnc3cnhUZllIdEdLZ1p1aWx5ZjVxdHdhYjlfMEs2VGhXbkp4MEpPSUpzem16WWtrek40Ylg?oc=5\" target=\"_blank\" rel=\"nofollow noopener\">Republik\u00e1ni se ob\u00e1vaj\u00ed, \u017ee nekone\u010dn\u00e1 v\u00e1lka v \u00cdr\u00e1nu negativn\u011b ovlivn\u00ed pr\u016fb\u011b\u017en\u00e9 volby.<\/a>&nbsp;&nbsp;vietnam.vn<\/p>\n","protected":false},"excerpt":{"rendered":"Trumpova popularita se dr\u017e\u00ed na rekordn\u011b n\u00edzk\u00e9 \u00farovni&nbsp;&nbsp;NovinkyVolby do Kongresu jsou otev\u0159en\u011bj\u0161\u00ed, ne\u017e se zd\u00e1. Demokrat\u00e9 se boj\u00ed,&hellip;\n","protected":false},"author":2,"featured_media":198329,"comment_status":"","ping_status":"","sticky":false,"template":"","format":"standard","meta":{"footnotes":"","_share_on_mastodon":"0"},"categories":[11],"tags":[212,7825,2471,5085,1005,54,959,53,52],"class_list":["post-198328","post","type-post","status-publish","format-standard","has-post-thumbnail","category-svet","tag-donald-trump","tag-konflikt-usa-izrael-iran","tag-kongres","tag-popularita","tag-pruzkum","tag-svet","tag-volby","tag-world","tag-world-news"],"share_on_mastodon":{"url":"https:\/\/pubeurope.com\/@cz\/117195276880129692","error":""},"_links":{"self":[{"href":"https:\/\/www.europesays.com\/cz\/wp-json\/wp\/v2\/posts\/198328","targetHints":{"allow":["GET"]}}],"collection":[{"href":"https:\/\/www.europesays.com\/cz\/wp-json\/wp\/v2\/posts"}],"about":[{"href":"https:\/\/www.europesays.com\/cz\/wp-json\/wp\/v2\/types\/post"}],"author":[{"embeddable":true,"href":"https:\/\/www.europesays.com\/cz\/wp-json\/wp\/v2\/users\/2"}],"replies":[{"embeddable":true,"href":"https:\/\/www.europesays.com\/cz\/wp-json\/wp\/v2\/comments?post=198328"}],"version-history":[{"count":0,"href":"https:\/\/www.europesays.com\/cz\/wp-json\/wp\/v2\/posts\/198328\/revisions"}],"wp:featuredmedia":[{"embeddable":true,"href":"https:\/\/www.europesays.com\/cz\/wp-json\/wp\/v2\/media\/198329"}],"wp:attachment":[{"href":"https:\/\/www.europesays.com\/cz\/wp-json\/wp\/v2\/media?parent=198328"}],"wp:term":[{"taxonomy":"category","embeddable":true,"href":"https:\/\/www.europesays.com\/cz\/wp-json\/wp\/v2\/categories?post=198328"},{"taxonomy":"post_tag","embeddable":true,"href":"https:\/\/www.europesays.com\/cz\/wp-json\/wp\/v2\/tags?post=198328"}],"curies":[{"name":"wp","href":"https:\/\/api.w.org\/{rel}","templated":true}]}}