{"id":198352,"date":"2026-09-01T10:41:24","date_gmt":"2026-09-01T10:41:24","guid":{"rendered":"https:\/\/www.europesays.com\/cz\/198352\/"},"modified":"2026-09-01T10:41:24","modified_gmt":"2026-09-01T10:41:24","slug":"v-cesku-radi-bourky-objevil-se-i-shelf-cloud-mapa-ukazuje-kde-naprsi-nejvic","status":"publish","type":"post","link":"https:\/\/www.europesays.com\/cz\/198352\/","title":{"rendered":"V \u010cesku \u0159\u00e1d\u00ed bou\u0159ky: Objevil se i shelf cloud. MAPA ukazuje, kde napr\u0161\u00ed nejv\u00edc"},"content":{"rendered":"<p>\n                        Do \u010ceska ji\u017e v pond\u011bl\u00ed b\u011bhem r\u00e1na a dopoledne dorazily d\u00e9\u0161\u0165 a p\u0159eh\u00e1\u0148ky. M\u00edsty se mohou objevit i bou\u0159ky. Meteorologov\u00e9 z \u010cesk\u00e9ho hydrometeorologick\u00e9ho \u00fastavu (\u010cHM\u00da) zve\u0159ejnili mapu ukazuj\u00edc\u00ed, kde v nejbli\u017e\u0161\u00edch hodin\u00e1ch spadne nejv\u00edce sr\u00e1\u017eek. Na Facebooku \u010cHM\u00da se tak\u00e9 objevilo video tzv. shelf cloudu, kter\u00fd vznikl nad Plzn\u00ed.\n                    <\/p>\n<p>Obloha v\u00a0pond\u011bl\u00ed r\u00e1no bude zata\u017een\u00e1, <a target=\"_blank\" href=\"https:\/\/cnn.iprima.cz\/pocasi-dest\" rel=\"nofollow noopener\">objev\u00ed se d\u00e9\u0161\u0165<\/a> a p\u0159eh\u00e1\u0148ky, lok\u00e1ln\u011b i bou\u0159ky. <a target=\"_blank\" href=\"https:\/\/www.facebook.com\/photo?fbid=1470940181721485&amp;set=pcb.1470944418387728&amp;locale=cs_CZ\" rel=\"nofollow noopener\">Mapa<\/a>, kterou meteorologov\u00e9 zve\u0159ejnili na sv\u00e9m Facebooku, ukazuje, \u017ee sr\u00e1\u017eky do pond\u011bln\u00edho poledne nejv\u00edce zas\u00e1hnou v\u011bt\u0161inu republiky s v\u00fdjimkou Zl\u00ednsk\u00e9ho a \u010d\u00e1st\u00ed Jihomoravsk\u00e9ho, Olomouck\u00e9ho a Moravskoslezsk\u00e9ho kraje. Na\u00a0n\u011bkter\u00fdch m\u00edstech napr\u0161\u00ed a\u017e 13 milimetr\u016f sr\u00e1\u017eek.<\/p>\n<p>\u010cT\u011aTE TAK\u00c9: <a target=\"_blank\" href=\"https:\/\/cnn.iprima.cz\/neni-dest-jako-dest-odbornici-nastinili-proc-ani-po-velkych-lijacich-nerostou-houby-520176\" rel=\"nofollow noopener\">Ani prudk\u00e9 lij\u00e1ky houb\u00e1m nepomohou. Odborn\u00edci vysv\u011btlili, pro\u010d v \u010desk\u00fdch les\u00edch st\u00e1le nerostou<\/a><\/p>\n<p>Kolem poledne bude v \u010cech\u00e1ch sr\u00e1\u017eek a obla\u010dnosti ub\u00fdvat a odpoledne se tak stane i na Morav\u011b a ve Slezsku. Bude polojasno s pouze ojedin\u011bl\u00fdmi p\u0159eh\u00e1\u0148kami, informuje \u010cHM\u00da v <a target=\"_blank\" href=\"https:\/\/www.chmi.cz\/predpoved-pocasi\/dnes?obdobi=dnes-rano\" rel=\"nofollow noopener\">denn\u00ed p\u0159edpov\u011bdi<\/a>. Denn\u00ed maxima jsou stanovena na 22 a\u017e 26 stup\u0148\u016f Celsia, na jihov\u00fdchod\u011b a v\u00fdchod\u011b m\u016f\u017ee b\u00fdt a\u017e 28 \u00b0C.<\/p>\n<p>\u010cHM\u00da r\u00e1no tak\u00e9 zve\u0159ejnil <a target=\"_blank\" href=\"https:\/\/www.facebook.com\/reel\/1676444456785135?locale=cs_CZ\" rel=\"nofollow noopener\">video<\/a> zachycuj\u00edc\u00ed fascinuj\u00edc\u00ed meteorologick\u00fd jev \u2013 takzvan\u00fd shelf cloud, kter\u00fd se objevuje na \u010dele postupuj\u00edc\u00ed bou\u0159ky. Z\u00e1b\u011bry jej ukazuj\u00ed nad Plzn\u00ed.<\/p>\n<p>Situaci ve sv\u00e9m kraji m\u016f\u017eete sledovat prost\u0159ednictv\u00edm radaru:<\/p>\n<p>Pozn.: K zobrazen\u00ed aktu\u00e1ln\u00ed situace rozklikn\u011bte na radaru v lev\u00e9m horn\u00edm rohu p\u0159\u00edslu\u0161nou kategorii. Na \u010dasov\u00e9 ose ve spodn\u00ed \u010d\u00e1sti si pak zvolte den a hodinu, kter\u00e9 v\u00e1s zaj\u00edmaj\u00ed.<\/p>\n<p>\u00datern\u00ed r\u00e1no p\u0159ichyst\u00e1 malou obla\u010dnost, v pr\u016fb\u011bhu prvn\u00edho \u0161koln\u00edho dne v\u0161ak bude obla\u010dno. V severn\u00ed polovin\u011b republiky se mohou objevit ojedin\u011bl\u00e9 p\u0159eh\u00e1\u0148ky. Nejvy\u0161\u0161\u00ed denn\u00ed teploty by se m\u011bly pohybovat mezi 20 a 24 stupni, na jihu Moravy je maximum 27 stup\u0148\u016f.<\/p>\n<p>Ve st\u0159edu meteorologov\u00e9 podle <a target=\"_blank\" href=\"https:\/\/www.chmi.cz\/predpoved-pocasi\/tyden\" rel=\"nofollow noopener\">t\u00fddenn\u00ed p\u0159edpov\u011bdi<\/a> o\u010dek\u00e1vaj\u00ed obla\u010dno a\u017e polojasno, m\u00edsty se m\u016f\u017ee p\u0159echodn\u011b i zat\u00e1hnout. P\u0159eh\u00e1\u0148ky nebo slab\u00fd d\u00e9\u0161\u0165 se vyskytnou ojedin\u011ble, s\u00a0vy\u0161\u0161\u00ed pravd\u011bpodobnost\u00ed na severu a severov\u00fdchod\u011b \u00fazem\u00ed. Denn\u00ed maxima budou v\u00a0rozmez\u00ed 20 a\u017e 25 \u00b0C, tepleji bude op\u011bt na ji\u017en\u00ed Morav\u011b \u2013 konkr\u00e9tn\u011b a\u017e o dva stupn\u011b.<\/p>\n<p>VIDEO: P\u0159edpov\u011b\u010f po\u010das\u00ed na nadch\u00e1zej\u00edc\u00ed dny<\/p>\n<p>Obla\u010dno a\u017e polojasno bude ve \u010dtvrtek, odpoledne a ve\u010der m\u016f\u017ee b\u00fdt m\u00edsty a\u017e zata\u017eeno s v\u00fdjime\u010dn\u00fdmi p\u0159eh\u00e1\u0148kami. Oproti p\u0159edchoz\u00edm dn\u00edm se lehce otepl\u00ed, teploty se budou pohybovat v rozmez\u00ed od 21 do 26 stup\u0148\u016f.<\/p>\n<p>Z\u00e1v\u011br pracovn\u00edho t\u00fddne p\u0159inese obla\u010dno a\u017e polojasno a riziko ojedin\u011bl\u00fdch p\u0159eh\u00e1n\u011bk. B\u011bhem p\u00e1tku se nav\u00edc zejm\u00e9na na severu a severov\u00fdchod\u011b republiky mohou vyskytnout \u010detn\u011bj\u0161\u00ed sr\u00e1\u017eky. Nejvy\u0161\u0161\u00ed denn\u00ed teploty by m\u011bly b\u00fdt mezi 23 a 27 \u00b0C.<\/p>\n<p>MOHLO V\u00c1M UNIKNOUT: <a target=\"_blank\" href=\"https:\/\/cnn.iprima.cz\/brutalni-nic-takoveho-jsem-nevidel-rika-expert-k-zaberum-z-nepalu-sesuvy-hrozi-i-v-evrope-520444\" rel=\"nofollow noopener\">Brut\u00e1ln\u00ed, to jsem je\u0161t\u011b nevid\u011bl, \u0159\u00edk\u00e1 expert k z\u00e1b\u011br\u016fm z Nep\u00e1lu. Ob\u0159\u00ed sesuvy hroz\u00ed i v Evrop\u011b<\/a><\/p>\n","protected":false},"excerpt":{"rendered":"Do \u010ceska ji\u017e v pond\u011bl\u00ed b\u011bhem r\u00e1na a dopoledne dorazily d\u00e9\u0161\u0165 a p\u0159eh\u00e1\u0148ky. M\u00edsty se mohou objevit i&hellip;\n","protected":false},"author":2,"featured_media":198353,"comment_status":"","ping_status":"","sticky":false,"template":"","format":"standard","meta":{"footnotes":"","_share_on_mastodon":"0"},"categories":[10],"tags":[3862,42,1843,17,21,1162,2770,16,1863,255,1440,18,19,22,20],"class_list":["post-198352","post","type-post","status-publish","format-standard","has-post-thumbnail","category-zpravy","tag-bourka","tag-cesko","tag-cesky-hydrometeorologicky-ustav","tag-headlines","tag-hlavni-udalosti","tag-jihomoravsky-kraj","tag-morava","tag-news","tag-plzen","tag-pocasi","tag-predpoved-pocasi","tag-top-news","tag-top-stories","tag-udalosti-dne","tag-zpravy"],"share_on_mastodon":{"url":"https:\/\/pubeurope.com\/@cz\/117195366870508728","error":""},"_links":{"self":[{"href":"https:\/\/www.europesays.com\/cz\/wp-json\/wp\/v2\/posts\/198352","targetHints":{"allow":["GET"]}}],"collection":[{"href":"https:\/\/www.europesays.com\/cz\/wp-json\/wp\/v2\/posts"}],"about":[{"href":"https:\/\/www.europesays.com\/cz\/wp-json\/wp\/v2\/types\/post"}],"author":[{"embeddable":true,"href":"https:\/\/www.europesays.com\/cz\/wp-json\/wp\/v2\/users\/2"}],"replies":[{"embeddable":true,"href":"https:\/\/www.europesays.com\/cz\/wp-json\/wp\/v2\/comments?post=198352"}],"version-history":[{"count":0,"href":"https:\/\/www.europesays.com\/cz\/wp-json\/wp\/v2\/posts\/198352\/revisions"}],"wp:featuredmedia":[{"embeddable":true,"href":"https:\/\/www.europesays.com\/cz\/wp-json\/wp\/v2\/media\/198353"}],"wp:attachment":[{"href":"https:\/\/www.europesays.com\/cz\/wp-json\/wp\/v2\/media?parent=198352"}],"wp:term":[{"taxonomy":"category","embeddable":true,"href":"https:\/\/www.europesays.com\/cz\/wp-json\/wp\/v2\/categories?post=198352"},{"taxonomy":"post_tag","embeddable":true,"href":"https:\/\/www.europesays.com\/cz\/wp-json\/wp\/v2\/tags?post=198352"}],"curies":[{"name":"wp","href":"https:\/\/api.w.org\/{rel}","templated":true}]}}