{"id":198368,"date":"2026-09-01T10:51:12","date_gmt":"2026-09-01T10:51:12","guid":{"rendered":"https:\/\/www.europesays.com\/cz\/198368\/"},"modified":"2026-09-01T10:51:12","modified_gmt":"2026-09-01T10:51:12","slug":"evropa-neni-v-nejlepsi-kondici-varoval-babis-vyzval-k-vytvoreni-stredoevropske-aliance","status":"publish","type":"post","link":"https:\/\/www.europesays.com\/cz\/198368\/","title":{"rendered":"Evropa nen\u00ed v nejlep\u0161\u00ed kondici, varoval Babi\u0161. Vyzval k vytvo\u0159en\u00ed st\u0159edoevropsk\u00e9 aliance"},"content":{"rendered":"<p>Zem\u011b st\u0159edoevropsk\u00e9ho regionu cht\u011bj\u00ed prom\u011bnit svou rostouc\u00ed ekonomickou s\u00edlu v re\u00e1ln\u00fd vliv na rozhodov\u00e1n\u00ed cel\u00e9ho unijn\u00edho bloku. Na setk\u00e1n\u00ed ve Slovinsku navrhl premi\u00e9r Andrej Babi\u0161 vytv\u00e1\u0159en\u00ed c\u00edlen\u00fdch alianc\u00ed. Maj\u00ed v r\u00e1mci EU br\u00e1nit finance na rozvoj region\u016f a postavit se p\u0159ebujel\u00e9 byrokracii nebo drah\u00fdm zelen\u00fdm opat\u0159en\u00edm.<\/p>\n<p>\u201eSetk\u00e1n\u00ed zde je v jist\u00e9m smyslu pokusem vyslat na\u0161im partner\u016fm zpr\u00e1vu, \u017ee se st\u0159edoevropsk\u00e9 zem\u011b st\u00e1vaj\u00ed v r\u00e1mci Unie siln\u011bj\u0161\u00edmi, odoln\u011bj\u0161\u00edmi, konkurenceschopn\u011bj\u0161\u00edmi, demokrati\u010dt\u011bj\u0161\u00edmi a vlivn\u011bj\u0161\u00edmi,\u201c prohl\u00e1sil chorvatsk\u00fd premi\u00e9r Andrej Plenkovi\u0107 na setk\u00e1n\u00ed ve slovinsk\u00e9m Bledu.<\/p>\n<p>M\u00edt v\u011bt\u0161\u00ed vliv<\/p>\n<p>Premi\u00e9\u0159i \u010ceska, Ma\u010farska, Slovinska a Chorvatska vyzvali k t\u011bsn\u011bj\u0161\u00ed region\u00e1ln\u00ed spolupr\u00e1ci. Cht\u011bj\u00ed, aby st\u0159edn\u00ed Evropa z\u00edskala v\u011bt\u0161\u00ed vliv na rozhodov\u00e1n\u00ed v r\u00e1mci evropsk\u00e9ho bloku. Hovo\u0159ili tak\u00e9 o spole\u010dn\u00e9m postupu p\u0159i jedn\u00e1n\u00ed <a href=\"https:\/\/ekonomickydenik.cz\/babis-odmita-skrty-rozpocet-eu\/\" target=\"_blank\" rel=\"noreferrer noopener nofollow\">o p\u0159\u00ed\u0161t\u00edm unijn\u00edm rozpo\u010dtu<\/a> a reakci st\u0159edn\u00ed Evropy na ekonomick\u00e9, energetick\u00e9 a migra\u010dn\u00ed tlaky. <\/p>\n<p>Premi\u00e9r Andrej Babi\u0161 argumentoval t\u00edm, \u017ee je pot\u0159eba u\u017e\u0161\u00ed koordinace, proto\u017ee \u201eEvropa nen\u00ed v dne\u0161n\u00ed dob\u011b v nejlep\u0161\u00ed kondici\u201c.<\/p>\n<p>Ma\u010farsk\u00fd premi\u00e9r P\u00e9ter Magyar tak\u00e9 uv\u00edtal \u00fasil\u00ed o pos\u00edlen\u00ed region\u00e1ln\u00ed spolupr\u00e1ce. \u201eSt\u0159edn\u00ed Evropa m\u016f\u017ee b\u00fdt st\u0159edem Evropy, ale mus\u00edme si ud\u011blat dom\u00e1c\u00ed \u00fakoly,\u201c \u0159ekl Magyar.<\/p>\n<p>Babi\u0161 navrhuje koalice<\/p>\n<p>\u201eDnes je pro n\u00e1s nejd\u016fle\u017eit\u011bj\u0161\u00ed vytv\u00e1\u0159et koalice,\u201c \u0159ekl Babi\u0161. Navrhl, aby \u010dlensk\u00e9 zem\u011b uzav\u00edraly aliance, kter\u00e9 budou podporovat konkurenceschopnost. Nebo zachov\u00e1n\u00ed financov\u00e1n\u00ed politiky soudr\u017enosti b\u011bhem jedn\u00e1n\u00ed o unijn\u00edm rozpo\u010dtu na obdob\u00ed 2028 a\u017e 2034. Ocenil tak\u00e9 o\u017eiven\u00ed Visegr\u00e1dsk\u00e9 skupiny, kterou tvo\u0159\u00ed \u010cesko, Ma\u010farsko, Polsko a Slovensko.<\/p>\n<p>Aliance st\u0159edoevropsk\u00fdch zem\u00ed v minul\u00fdch letech oslabila kv\u016fli neshod\u00e1m ohledn\u011b rusk\u00e9 invaze na Ukrajinu, ale znovu se obnovila na summitu letos v \u010dervnu. Jej\u00ed l\u00edd\u0159i se dohodli na koordinaci v ot\u00e1zk\u00e1ch rozpo\u010dtu EU, energetiky, migrace, zem\u011bd\u011blstv\u00ed a konkurenceschopnosti, ale tak\u00e9 roz\u0161i\u0159ov\u00e1n\u00ed EU o zem\u011b z\u00e1padn\u00edho Balk\u00e1nu.<\/p>\n<p>Kritika nadm\u011brn\u00e9 regulace<\/p>\n<p>Plenkovi\u0107 uvedl, \u017ee migrace, brexit, pandemie a v\u00e1lky na Ukrajin\u011b a Bl\u00edzk\u00e9m v\u00fdchod\u011b zm\u011bnily Evropu. Za spole\u010dn\u00e9 region\u00e1ln\u00ed v\u00fdzvy ozna\u010dil klesaj\u00edc\u00ed po\u010det obyvatel a pos\u00edlen\u00ed energetick\u00e9 infrastruktury. <\/p>\n<p>Slovinsk\u00fd premi\u00e9r Janez Jan\u0161a argumentoval t\u00edm, \u017ee \u010dlenstv\u00ed v EU sice p\u0159ineslo v\u00edce finan\u010dn\u00edch prost\u0159edk\u016f na rozvoj a vy\u0161\u0161\u00ed standardy, na druhou stranu ale evropsk\u00e9 instituce st\u00e1le \u010dast\u011bji reaguj\u00ed na krize nadm\u011brnou regulac\u00ed. \u201eV\u0161echno je regulovan\u00e9. To je slabina EU,\u201c \u0159ekl.<\/p>\n<p><img loading=\"lazy\" decoding=\"async\" width=\"1024\" height=\"683\" src=\"https:\/\/www.europesays.com\/cz\/wp-content\/uploads\/2026\/09\/son06099-1024x683.jpg\" alt=\"\" class=\"wp-image-169878\"  \/>Premi\u00e9r Andrej Babi\u0161. Ilustra\u010dn\u00ed foto: \u00da\u0159ad vl\u00e1dy \u010cR<\/p>\n<p>Magyar obvinil unijn\u00ed instituce z nespravedliv\u00e9ho zach\u00e1zen\u00ed s Ma\u010farskem ohledn\u011b migrace, a to i p\u0159es jeho roli v ochran\u011b vn\u011bj\u0161\u00edch hranic bloku. Babi\u0161 zase kritizoval zelenou politiku a evropsk\u00fd Green Deal, kter\u00fd povede k vy\u0161\u0161\u00edm cen\u00e1m energi\u00ed a k oslabov\u00e1n\u00ed evropsk\u00e9ho pr\u016fmyslu. <\/p>\n<p>Diskuse s n\u00e1zvem \u201eFormov\u00e1n\u00ed Evropy z jej\u00edho st\u0159edu\u201c <a href=\"https:\/\/www.bledstrategicforum.org\/platform\/bsf\" rel=\"nofollow noopener\" target=\"_blank\">uk\u00e1zala mo\u017enosti koordinace a spolupr\u00e1ce<\/a> jako zp\u016fsobu, jak mohou st\u0159edoevropsk\u00e9 zem\u011b uplatnit sv\u016fj vliv. Jedn\u00e1n\u00ed o p\u0159\u00ed\u0161t\u00edm sedmilet\u00e9m rozpo\u010dtu prov\u011b\u0159\u00ed, zda dok\u00e1\u017eou vl\u00e1dy zem\u00ed st\u0159edn\u00ed Evropy skute\u010dn\u011b spolupracovat.<\/p>\n","protected":false},"excerpt":{"rendered":"Zem\u011b st\u0159edoevropsk\u00e9ho regionu cht\u011bj\u00ed prom\u011bnit svou rostouc\u00ed ekonomickou s\u00edlu v re\u00e1ln\u00fd vliv na rozhodov\u00e1n\u00ed cel\u00e9ho unijn\u00edho bloku. Na&hellip;\n","protected":false},"author":2,"featured_media":198369,"comment_status":"","ping_status":"","sticky":false,"template":"","format":"standard","meta":{"footnotes":"","_share_on_mastodon":"0"},"categories":[3],"tags":[266,1222,708,373,109,108,106,571,383,796,117,45,588,965,45373],"class_list":["post-198368","post","type-post","status-publish","format-standard","has-post-thumbnail","category-evropa","tag-andrej-babis","tag-chorvatsko","tag-ekonomika","tag-eu","tag-europa","tag-europe","tag-evropa","tag-evropska-unie","tag-green-deal","tag-madarsko","tag-polsko","tag-slovensko","tag-slovinsko","tag-strategie","tag-visegradska-skupina"],"share_on_mastodon":{"url":"https:\/\/pubeurope.com\/@cz\/117195406397353399","error":""},"_links":{"self":[{"href":"https:\/\/www.europesays.com\/cz\/wp-json\/wp\/v2\/posts\/198368","targetHints":{"allow":["GET"]}}],"collection":[{"href":"https:\/\/www.europesays.com\/cz\/wp-json\/wp\/v2\/posts"}],"about":[{"href":"https:\/\/www.europesays.com\/cz\/wp-json\/wp\/v2\/types\/post"}],"author":[{"embeddable":true,"href":"https:\/\/www.europesays.com\/cz\/wp-json\/wp\/v2\/users\/2"}],"replies":[{"embeddable":true,"href":"https:\/\/www.europesays.com\/cz\/wp-json\/wp\/v2\/comments?post=198368"}],"version-history":[{"count":0,"href":"https:\/\/www.europesays.com\/cz\/wp-json\/wp\/v2\/posts\/198368\/revisions"}],"wp:featuredmedia":[{"embeddable":true,"href":"https:\/\/www.europesays.com\/cz\/wp-json\/wp\/v2\/media\/198369"}],"wp:attachment":[{"href":"https:\/\/www.europesays.com\/cz\/wp-json\/wp\/v2\/media?parent=198368"}],"wp:term":[{"taxonomy":"category","embeddable":true,"href":"https:\/\/www.europesays.com\/cz\/wp-json\/wp\/v2\/categories?post=198368"},{"taxonomy":"post_tag","embeddable":true,"href":"https:\/\/www.europesays.com\/cz\/wp-json\/wp\/v2\/tags?post=198368"}],"curies":[{"name":"wp","href":"https:\/\/api.w.org\/{rel}","templated":true}]}}