{"id":198530,"date":"2026-09-01T12:59:34","date_gmt":"2026-09-01T12:59:34","guid":{"rendered":"https:\/\/www.europesays.com\/cz\/198530\/"},"modified":"2026-09-01T12:59:34","modified_gmt":"2026-09-01T12:59:34","slug":"ministerstvo-kultury-dostane-v-rozpoctu-navic-jednu-miliardu-uvedl-klempir","status":"publish","type":"post","link":"https:\/\/www.europesays.com\/cz\/198530\/","title":{"rendered":"Ministerstvo kultury dostane v\u00a0rozpo\u010dtu nav\u00edc jednu miliardu, uvedl Klemp\u00ed\u0159"},"content":{"rendered":"<p class=\"e_bX\">P\u0159\u00ed\u0161t\u00ed rok p\u016fjde na kulturu o\u00a0miliardu korun v\u00edc, uvedl dnes ministr kultury Oto Klemp\u00ed\u0159 (za Motoristy) na <a data-dot=\"atm-link\" target=\"_blank\" rel=\"noopener nofollow\" href=\"https:\/\/x.com\/OtoKlempir\/status\/2094404056592560633\" class=\"e_n\">s\u00edti X<\/a>. N\u00e1vrh <a data-dot=\"atm-link\" target=\"_blank\" rel=\"noopener nofollow\" href=\"https:\/\/mf.gov.cz\/cs\/ministerstvo\/media\/tiskove-zpravy\/2026\/rozpocet-2027-rekordni-investice-dostupnejsi-zdrav-64998\" class=\"e_n\">rozpo\u010dtu<\/a>, kter\u00fd dnes vl\u00e1d\u011b p\u0159edlo\u017eila ministryn\u011b financ\u00ed Alena Schillerov\u00e1 (ANO), po\u010d\u00edt\u00e1 pro ministerstvo kultury p\u0159\u00ed\u0161t\u00ed rok s\u00a018,6\u00a0miliardy korun, letos m\u00e1 resort na v\u00fddaje 17,6\u00a0miliardy K\u010d. V\u00a0\u010dervnu Klemp\u00ed\u0159 podle odbor\u00e1\u0159\u016f mluvil o\u00a0tom, \u017ee by cht\u011bl, aby jeho ministerstvo hospoda\u0159ilo p\u0159\u00ed\u0161t\u00ed rok a\u017e s\u00a021\u00a0miliardami korun.<\/p>\n<p class=\"e_bX\">\u201eV p\u0159\u00ed\u0161t\u00edm roce p\u016fjde na kulturu o\u00a0miliardu korun v\u00edc. D\u00edky tomu dok\u00e1\u017eeme l\u00e9pe podpo\u0159it \u017eiv\u00e9 um\u011bn\u00ed i\u00a0opravy pam\u00e1tek, kter\u00e9 \u010dekaj\u00ed na investice roky. Vl\u00e1da dnes schv\u00e1lila nav\u00fd\u0161en\u00ed mezd, a\u00a0to se dotkne i\u00a0lid\u00ed, bez kter\u00fdch by kultura neexistovala,\u201c napsal Klemp\u00ed\u0159. Z\u00a0profes\u00ed, kter\u00e9 si podle n\u011bj finan\u010dn\u011b polep\u0161\u00ed, jmenoval kastel\u00e1ny, restaur\u00e1tory, kostym\u00e9rky, herce a\u00a0here\u010dky. Vl\u00e1da dnes schv\u00e1lila zm\u011bnu platov\u00fdch tabulek ve ve\u0159ejn\u00e9 sf\u00e9\u0159e od ledna, podle kter\u00e9 by \u017e\u00e1dn\u00fd z\u00a0tarif\u016f nem\u011bl b\u00fdt pod minim\u00e1ln\u00ed mzdou \u010di zaru\u010den\u00fdm platem.<\/p>\n<p class=\"e_bX\">V \u010dervnu Klemp\u00ed\u0159 podle z\u00e1stupc\u016f odbor\u016f i\u00a0zam\u011bstnavatel\u016f informoval tripartitu v\u00a0kultu\u0159e o\u00a0po\u017eadavku, aby jeho ministerstvo p\u0159\u00ed\u0161t\u00ed rok hospoda\u0159ilo a\u017e s\u00a021\u00a0miliardami korun, co\u017e by bylo o\u00a03,42\u00a0miliardy korun v\u00edce ne\u017e letos. Po jedn\u00e1n\u00ed o\u00a0rozpo\u010dtu se Schillerovou pak 19.\u00a0srpna Klemp\u00ed\u0159 bez konkr\u00e9tn\u00edho \u00fadaje \u0159ekl, \u017ee kultura nebude bita a\u00a0\u017ee dojednal prakticky v\u0161e, co pot\u0159eboval. Za prioritu ozna\u010dil \u017eivou kulturu a\u00a0ministerstvem p\u0159\u00edmo \u0159\u00edzen\u00e9 organizace. S\u00a0rekordn\u00ed \u010d\u00e1stkou 21,52\u00a0miliardy korun ministerstvo kultury hospoda\u0159ilo za minul\u00e9 vl\u00e1dy v\u00a0roce 2025, kdy ale jeho rozpo\u010det zv\u00fd\u0161ily pen\u00edze z\u00a0N\u00e1rodn\u00edho pl\u00e1nu obnovy.<\/p>\n<p class=\"e_bX\">Vl\u00e1da Andreje Babi\u0161e (ANO) v\u00a0<a data-dot=\"atm-link\" target=\"_blank\" rel=\"noopener nofollow\" href=\"https:\/\/vlada.gov.cz\/cz\/vlada\/programove-prohlaseni\/programove-prohlaseni-vlady-224629\/#kultura\" class=\"e_n\">programov\u00e9m prohl\u00e1\u0161en\u00ed<\/a> p\u0159isl\u00edbila zv\u00fd\u0161en\u00ed plat\u016f pracovn\u00edk\u016f v\u00a0kultu\u0159e, kte\u0159\u00ed dlouhodob\u011b pat\u0159\u00ed k\u00a0nejh\u016f\u0159e odm\u011b\u0148ovan\u00fdm profes\u00edm ve ve\u0159ejn\u00e9m sektoru. U\u00a0pam\u00e1tek dokument zmi\u0148oval pos\u00edlen\u00ed ve\u0159ejn\u00e9 podpory, kter\u00e1 je nezbytn\u00e1 pro ochranu kulturn\u00edho d\u011bdictv\u00ed. Podle prohl\u00e1\u0161en\u00ed m\u00e1 vzniknout v\u00edcelet\u00fd finan\u010dn\u00ed pl\u00e1n, z\u00a0n\u011bho\u017e chce vl\u00e1da platit ochranu a\u00a0obnovu pam\u00e1tek, v\u00fdstavbu nov\u00fdch kulturn\u00edch za\u0159\u00edzen\u00ed a\u00a0roz\u0161i\u0159ov\u00e1n\u00ed i\u00a0zkvalit\u0148ov\u00e1n\u00ed p\u0159\u00edsp\u011bvkov\u00fdch organizac\u00ed.<\/p>\n<p class=\"e_bX\">Vl\u00e1da dnes nejednala o\u00a0nov\u00e9 st\u00e1tn\u00ed kulturn\u00ed politice do roku 2030, kterou Klemp\u00ed\u0159\u016fv resort p\u0159edlo\u017eil v\u00a0l\u00e9t\u011b. N\u00e1vrh kritizovaly profesn\u00ed asociace, sdru\u017een\u00ed, platformy i\u00a0odbory. Dnes r\u00e1no Kulturn\u00ed a\u00a0kreativn\u00ed federace vyzvala vl\u00e1du, aby n\u00e1vrh na St\u00e1tn\u00ed kulturn\u00ed politiku vl\u00e1dy \u010cR na obdob\u00ed 2026\u00a0a\u017e 2029\u00a0zcela odm\u00edtla.<\/p>\n<p><a data-dot=\"mol-article-card-media\" aria-hidden=\"true\" tabindex=\"-1\" href=\"https:\/\/www.seznamzpravy.cz\/clanek\/domaci-politika-ceska-dluhova-republika-jeste-tam-nejsme-ale-drzime-smer-314298\" class=\"e_n f_l8\" rel=\"nofollow noopener\" target=\"_blank\"><img fetchpriority=\"high\" height=\"1912\"   width=\"3400\" src=\"https:\/\/www.europesays.com\/cz\/wp-content\/uploads\/2026\/09\/1788267573_665_c7a8.jpeg\" loading=\"eager\" decoding=\"sync\" class=\"e_aa e_Z\"\/><\/a><a data-dot=\"mol-article-card-media\" aria-hidden=\"true\" tabindex=\"-1\" href=\"https:\/\/www.seznamzpravy.cz\/clanek\/ekonomika-finance-deset-veci-kterych-si-vsimnout-v-rozpoctu-2027-314224\" class=\"e_n f_l8\" rel=\"nofollow noopener\" target=\"_blank\"><img height=\"1800\"   width=\"3200\" src=\"https:\/\/www.europesays.com\/cz\/wp-content\/uploads\/2026\/09\/21f1.jpeg\" loading=\"eager\" decoding=\"sync\" class=\"e_aa e_Z\"\/><\/a><\/p>\n","protected":false},"excerpt":{"rendered":"P\u0159\u00ed\u0161t\u00ed rok p\u016fjde na kulturu o\u00a0miliardu korun v\u00edc, uvedl dnes ministr kultury Oto Klemp\u00ed\u0159 (za Motoristy) na s\u00edti&hellip;\n","protected":false},"author":2,"featured_media":198531,"comment_status":"","ping_status":"","sticky":false,"template":"","format":"standard","meta":{"footnotes":"","_share_on_mastodon":"0"},"categories":[10],"tags":[17,21,3920,16,2644,137,18,19,22,20],"class_list":["post-198530","post","type-post","status-publish","format-standard","has-post-thumbnail","category-zpravy","tag-headlines","tag-hlavni-udalosti","tag-ministerstvo-kultury-mkcr","tag-news","tag-oto-klempir","tag-rozpocet","tag-top-news","tag-top-stories","tag-udalosti-dne","tag-zpravy"],"share_on_mastodon":{"url":"https:\/\/pubeurope.com\/@cz\/117195909590738508","error":""},"_links":{"self":[{"href":"https:\/\/www.europesays.com\/cz\/wp-json\/wp\/v2\/posts\/198530","targetHints":{"allow":["GET"]}}],"collection":[{"href":"https:\/\/www.europesays.com\/cz\/wp-json\/wp\/v2\/posts"}],"about":[{"href":"https:\/\/www.europesays.com\/cz\/wp-json\/wp\/v2\/types\/post"}],"author":[{"embeddable":true,"href":"https:\/\/www.europesays.com\/cz\/wp-json\/wp\/v2\/users\/2"}],"replies":[{"embeddable":true,"href":"https:\/\/www.europesays.com\/cz\/wp-json\/wp\/v2\/comments?post=198530"}],"version-history":[{"count":0,"href":"https:\/\/www.europesays.com\/cz\/wp-json\/wp\/v2\/posts\/198530\/revisions"}],"wp:featuredmedia":[{"embeddable":true,"href":"https:\/\/www.europesays.com\/cz\/wp-json\/wp\/v2\/media\/198531"}],"wp:attachment":[{"href":"https:\/\/www.europesays.com\/cz\/wp-json\/wp\/v2\/media?parent=198530"}],"wp:term":[{"taxonomy":"category","embeddable":true,"href":"https:\/\/www.europesays.com\/cz\/wp-json\/wp\/v2\/categories?post=198530"},{"taxonomy":"post_tag","embeddable":true,"href":"https:\/\/www.europesays.com\/cz\/wp-json\/wp\/v2\/tags?post=198530"}],"curies":[{"name":"wp","href":"https:\/\/api.w.org\/{rel}","templated":true}]}}