{"id":198586,"date":"2026-09-01T14:05:12","date_gmt":"2026-09-01T14:05:12","guid":{"rendered":"https:\/\/www.europesays.com\/cz\/198586\/"},"modified":"2026-09-01T14:05:12","modified_gmt":"2026-09-01T14:05:12","slug":"schick-prodlouzil-blbou-naladu-hvezda-sepsula-cesko-za-fotbalove-ms","status":"publish","type":"post","link":"https:\/\/www.europesays.com\/cz\/198586\/","title":{"rendered":"Schick prodlou\u017eil blbou n\u00e1ladu. Hv\u011bzda sepsula \u010cesko za fotbalov\u00e9 MS"},"content":{"rendered":"<p class=\"e_bX\">Slavia ovl\u00e1dla derby, v\u00a0Anglii prob\u011bhl unik\u00e1tn\u00ed duel \u010desk\u00fdch g\u00f3lman\u016f. Nejv\u011bt\u0161\u00ed fotbalov\u00fd poprask ale vyvolal \u00fato\u010dn\u00edk Patrik Schick, kter\u00fd prohl\u00e1sil: \u201eCel\u00e9 mistrovstv\u00ed sv\u011bta jsme pojali laxn\u011b a\u017e neprofesion\u00e1ln\u011b.\u201c Co t\u00edm myslel?<\/p>\n<p class=\"e_bX\">Lep\u0161\u00edho fotbalistu \u010cesko nem\u00e1 &#8211; a\u00a0zd\u00e1 se, \u017ee ani p\u00e1r let m\u00edt nebude. \u201e<a data-dot=\"atm-tag-link\" href=\"https:\/\/www.seznamzpravy.cz\/tag\/patrik-schick-22705\" class=\"e_n atm-tag-link\" rel=\"nofollow noopener\" target=\"_blank\">Patrik Schick<\/a> je jedin\u00e1 evropsk\u00e1 hv\u011bzda \u010desk\u00e9ho fotbalu,\u201c \u0159\u00edk\u00e1 fotbalov\u00fd report\u00e9r Seznam Zpr\u00e1v Jan Pali\u010dka v\u00a0nov\u00e9m vyd\u00e1n\u00ed podcastu MVP. A\u00a0proto i\u00a0MVP tentokr\u00e1t za\u010d\u00edn\u00e1 t\u00edm, co se Schick rozhodl sd\u011blit.<\/p>\n<p class=\"e_bX\">U\u010dinil tak v\u00a0jin\u00e9m podcastu To nem\u00e1 kam s\u00e1zkov\u00e9 spole\u010dnosti Fortuna. A\u00a0b\u0159itce zkritizoval \u010desk\u00e9 vystoupen\u00ed na <a data-dot=\"atm-tag-link\" href=\"https:\/\/www.seznamzpravy.cz\/tag\/mistrovstvi-sveta-ve-fotbale-37105\" class=\"e_n atm-tag-link\" rel=\"nofollow noopener\" target=\"_blank\">mistrovstv\u00ed sv\u011bta v\u00a0Mexiku a\u00a0USA<\/a>. Za podm\u00ednky pro hr\u00e1\u010de. Za \u00fadajn\u00fd p\u0159\u00edstup k\u00a0cel\u00e9 megaakci. Za to, \u017ee si v\u00a0n\u00e1rodn\u00edm t\u00fdmu hr\u00e1\u010di nezvy\u0161ovali osobn\u00ed kredit.<\/p>\n<p class=\"e_bX\">\u201eReprezentace mi sp\u00ed\u0161 brala, ne\u017e n\u011bco d\u00e1vala. M\u011bla to b\u00fdt odm\u011bna. My jsme ale n\u00e1ro\u010f\u00e1k, kam jsme se jeli znehodnotit. A\u00a0to mi docela vadilo,\u201c pronesl doslova Schick s\u00a0dodatkem: \u201eCel\u00e9 mistrovstv\u00ed jsme pojali laxn\u011b, neprofesion\u00e1ln\u011b, a\u00a0nebylo to jen o\u00a0tom, co jsme d\u011blali na h\u0159i\u0161ti, ale v\u0161echno okolo.\u201c<\/p>\n<p><a data-dot=\"mol-article-card-media\" aria-hidden=\"true\" tabindex=\"-1\" href=\"https:\/\/www.seznamzpravy.cz\/clanek\/sport-fotbal-slavia-ztrapnila-spartu-ve-slavnem-derby-jake-pribehy-jsme-videli-314198\" class=\"e_n f_l8\" rel=\"nofollow noopener\" target=\"_blank\"><img height=\"1687\"   width=\"3000\" src=\"https:\/\/www.europesays.com\/cz\/wp-content\/uploads\/2026\/09\/bf98.jpeg\" loading=\"lazy\" decoding=\"async\" class=\"e_aa e_Z e_T\"\/><\/a><\/p>\n<p class=\"e_bX\">To vzbudilo v\u00e1\u0161n\u011b i\u00a0v t\u00fdmu MVP.<\/p>\n<p class=\"e_bX\">\u201eMysl\u00edm, \u017ee reprezentace nen\u00ed od toho, aby hr\u00e1\u010de n\u011bjak\u00fdm zp\u016fsobem zv\u00fdhod\u0148ovala nebo prod\u00e1vala. M\u00edt na sob\u011b dres se lv\u00ed\u010dkem je \u010dest. Generace p\u0159ed Patrikem to tak vn\u00edmaly, mo\u017en\u00e1 i\u00a0siln\u011bji,\u201c p\u0159ipom\u00edn\u00e1 Pali\u010dka, zat\u00edmco jin\u00fd expert MVP a\u00a0b\u00fdval\u00fd ligov\u00fd hr\u00e1\u010d Anton\u00edn Rosa nam\u00edtal: \u201eZa m\u011b je naivn\u00ed si myslet, \u017ee hr\u00e1\u010di budou reprezentovat jen kv\u016fli ot\u00e1zce hrdosti. Mysl\u00edm, \u017ee nen\u00ed na m\u00edst\u011b hejtit, kdy\u017e m\u00e1 n\u011bkdo v\u00a0hlav\u011b, \u017ee reprezentace je i\u00a0n\u011bco, co mi pom\u016f\u017ee v\u00a0kari\u00e9\u0159e.\u201c<\/p>\n<p class=\"e_bX\">Shoda naopak vl\u00e1dla na tom, \u017ee miz\u00e9rie na \u0161ampion\u00e1tu vyvolala v\u00a0\u010desk\u00e9m fotbale \u201eblbou n\u00e1ladu\u201c, kter\u00e1 p\u0159etrv\u00e1v\u00e1.<\/p>\n<p class=\"e_bX\">\u201eI po dvou m\u011bs\u00edc\u00edch jsem toho po\u0159\u00e1d pln\u00fd, dote\u010f je z\u00a0toho c\u00edtit pachu\u0165 a\u00a0je mi to hrozn\u011b l\u00edto,\u201c \u0159\u00edk\u00e1 Pali\u010dka, kter\u00fd byl s\u00a0t\u00fdmem p\u0159\u00edmo na m\u00edst\u011b. \u201eA Patrik to te\u010f p\u0159i\u017eivil.\u201c<\/p>\n<p class=\"e_bX\">Schick z\u00e1rove\u0148 nebyl natolik konkr\u00e9tn\u00ed, aby objasnil spory mezi hr\u00e1\u010di a\u00a0tren\u00e9rem <a data-dot=\"atm-tag-link\" href=\"https:\/\/www.seznamzpravy.cz\/tag\/miroslav-koubek-95056\" class=\"e_n atm-tag-link\" rel=\"nofollow noopener\" target=\"_blank\">Miroslavem Koubkem<\/a>, o\u00a0nich\u017e se hovo\u0159ilo u\u017e v\u00a0pr\u016fb\u011bhu \u0161ampion\u00e1tu. Nav\u00edc je t\u0159eba dodat, \u017ee s\u00e1m Koubek tyto zv\u011bsti opakovan\u011b pop\u0159el.<\/p>\n<p class=\"e_bX\">\u201eA pr\u00e1v\u011b detaily by m\u011b zaj\u00edmaly,\u201c \u0159\u00edk\u00e1 Pali\u010dka. \u201eByl jsem tam a\u00a0vid\u011bl jsem, \u017ee n\u00e1lada v\u00a0n\u00e1ro\u010f\u00e1ku je \u0161patn\u00e1, nebojovn\u00e1, \u017ee ti kluci byli po prvn\u00edm z\u00e1pase apati\u010dt\u00ed, nic jim ne\u0161lo, nem\u011bli v\u016fli se s\u00a0t\u00edm porvat. A\u00a0te\u010f bych si tam cht\u011bl dosadit Patrikovy zku\u0161enosti. Co bylo \u0161patn\u011b? Opravdu je tren\u00e9r Koubek b\u011bhem soust\u0159ed\u011bn\u00ed v\u00a0Dallasu tot\u00e1ln\u011b p\u0159etr\u00e9noval?\u201c<\/p>\n<p class=\"e_bX\">Zm\u00ednil, \u017ee by si ve\u0159ejnost i\u00a0kv\u016fli tomu zaslou\u017eila vid\u011bt anal\u00fdzu \u0161ampion\u00e1tu, ji\u017e m\u011bl p\u0159ipravit gener\u00e1ln\u00ed mana\u017eer <a data-dot=\"atm-tag-link\" href=\"https:\/\/www.seznamzpravy.cz\/tag\/pavel-nedved-22561\" class=\"e_n atm-tag-link\" rel=\"nofollow noopener\" target=\"_blank\">Pavel Nedv\u011bd<\/a> a\u00a0kterou se u\u017e V\u00fdkonn\u00fd v\u00fdbor <a data-dot=\"atm-tag-link\" href=\"https:\/\/www.seznamzpravy.cz\/tag\/fotbalova-asociace-cr-facr-1372\" class=\"e_n atm-tag-link\" rel=\"nofollow noopener\" target=\"_blank\">FA\u010cR<\/a> zab\u00fdv\u00e1. Schickovo vystoupen\u00ed nicm\u00e9n\u011b o\u017eivuje i\u00a0jin\u00e9 t\u00e9ma &#8211; jak\u00e1 m\u00e1 b\u00fdt role hv\u011bzd v\u00a0reprezentaci a\u00a0kdy si v\u00fdjime\u010dn\u00ed hr\u00e1\u010di zaslou\u017e\u00ed privilegia.<\/p>\n<p class=\"e_bX\">\u201eU Schicka je to tak trochu delik\u00e1tn\u00ed, proto\u017ee on je opravdu hv\u011bzda sv\u011btov\u00e9ho form\u00e1tu, na kter\u00e9 u\u017e nejsme \u00fapln\u011b zvykl\u00ed,\u201c dod\u00e1v\u00e1 dal\u0161\u00ed \u010dlen MVP a\u00a0b\u00fdval\u00fd juniorsk\u00fd reprezentant Karel Tvaroh. \u201eNav\u00edc nen\u00ed t\u00fdmov\u00fd hr\u00e1\u010d a\u00a0l\u00eddr mu\u017estva, sp\u00ed\u0161 kluk, kter\u00fd si hraje s\u00e1m na sebe &#8211; a\u00a0n\u011bkdy to je dob\u0159e. Ne v\u0161echny superhv\u011bzdy pot\u00e1hnou mu\u017estvo, n\u011bkdy si u\u00a0toho pot\u0159ebuj\u00ed i\u00a0\u017e\u00edt sv\u016fj \u017eiv\u016ftek, hr\u00e1t sami na sebe a\u00a0vlastn\u011b pak budou lep\u0161\u00edmi hr\u00e1\u010di,\u201c dod\u00e1v\u00e1 Rosa.<\/p>\n<p><a data-dot=\"mol-article-card-media\" aria-hidden=\"true\" tabindex=\"-1\" href=\"https:\/\/www.seznamzpravy.cz\/clanek\/sport-fotbal-ms-ve-fotbale-genialni-i-naladovy-schick-nebyl-hyckan-a-reprezentace-ho-prestala-bavit-309399\" class=\"e_n f_l8\" rel=\"nofollow noopener\" target=\"_blank\"><img height=\"1012\"   width=\"1800\" src=\"https:\/\/www.europesays.com\/cz\/wp-content\/uploads\/2026\/09\/fotbal-ms-schick.jpeg\" loading=\"lazy\" decoding=\"async\" class=\"e_aa e_Z e_T\"\/><\/a><\/p>\n<p class=\"e_bX\">M\u016f\u017eou se je\u0161t\u011b vztahy hv\u011bzdn\u00e9ho \u00fato\u010dn\u00edka s\u00a0reprezentac\u00ed napravit? Schick uvedl, \u017ee si za rozhodnut\u00edm stoj\u00ed a\u00a0neo\u010dek\u00e1v\u00e1, \u017ee by to zm\u011bnila ani p\u0159\u00edpadn\u00e1 n\u00e1v\u0161t\u011bva nov\u00e9ho kou\u010de <a data-dot=\"atm-tag-link\" href=\"https:\/\/www.seznamzpravy.cz\/tag\/santi-denia-130982\" class=\"e_n atm-tag-link\" rel=\"nofollow noopener\" target=\"_blank\">Santiho Denii<\/a>.<\/p>\n<p class=\"e_bX\">\u201ePokud bude m\u00edt p\u0159\u00edstup, \u017ee v\u011b\u0159\u00ed, \u017ee se m\u016f\u017ee n\u011bco zm\u011bnit, tak bych si ho zp\u00e1tky v\u00a0n\u00e1ro\u010f\u00e1ku p\u0159\u00e1l. Ale pokud tomu nev\u011b\u0159\u00ed\u0161, tak tam podle m\u011b u\u017e nem\u00e1\u0161 b\u00fdt. V\u00a0tomhle sm\u011bru to bylo od Patrika zral\u00e9 rozhodnut\u00ed,\u201c uzav\u00edr\u00e1 Tvaroh.<\/p>\n<p><a data-dot=\"atm-link\" target=\"_blank\" rel=\"noopener nofollow\" href=\"https:\/\/podcasty.seznam.cz\/podcast\/mvp\" class=\"e_n f_cg\"><\/a><\/p>\n<p class=\"e_bX\">Podcast &#8211; MVP &#8211; infoboxFoto: Seznam Zpr\u00e1vy<\/p>\n<p class=\"e_bX\">Fotbal ze v\u0161ech mo\u017en\u00fdch i\u00a0nemo\u017en\u00fdch \u00fahl\u016f pohledu. MVP jsou b\u00fdval\u00ed fotbalov\u00ed profesion\u00e1lov\u00e9 Karel Tvaroh, Anton\u00edn Rosa, Tom\u00e1\u0161 Ku\u010dera a\u00a0zku\u0161en\u00fd novin\u00e1\u0159 Jan Pali\u010dka, \u0161\u00e9f sportovn\u00ed rubriky Seznam Zpr\u00e1v. Spole\u010dn\u011b s\u00a0n\u00e1mi hledejte nejd\u016fle\u017eit\u011bj\u0161\u00ed hr\u00e1\u010de, tren\u00e9ry, p\u0159estupy, akce, probl\u00e9my. Do hloubky a\u00a0s humorem. I\u00a0vy m\u016f\u017eete b\u00fdt MVP. Ka\u017ed\u00e9 \u00fater\u00fd na webu Seznam Zpr\u00e1v.<\/p>\n","protected":false},"excerpt":{"rendered":"Slavia ovl\u00e1dla derby, v\u00a0Anglii prob\u011bhl unik\u00e1tn\u00ed duel \u010desk\u00fdch g\u00f3lman\u016f. Nejv\u011bt\u0161\u00ed fotbalov\u00fd poprask ale vyvolal \u00fato\u010dn\u00edk Patrik Schick, kter\u00fd&hellip;\n","protected":false},"author":2,"featured_media":198587,"comment_status":"","ping_status":"","sticky":false,"template":"","format":"standard","meta":{"footnotes":"","_share_on_mastodon":"0"},"categories":[15],"tags":[10021,2201,326,6782,3101,18388,3049,1275,4492,974,1149,40404,94,93],"class_list":["post-198586","post","type-post","status-publish","format-standard","has-post-thumbnail","category-sport","tag-antonin-kinsky-mladsi","tag-brian-priske","tag-fotbal","tag-fotbalova-asociace-cr-facr","tag-jindrich-trpisovsky","tag-lukas-hornicek","tag-miroslav-koubek","tag-mistrovstvi-sveta-ve-fotbale","tag-patrik-schick","tag-pavel-nedved","tag-premier-league","tag-santi-denia","tag-sport","tag-sports"],"share_on_mastodon":{"url":"https:\/\/pubeurope.com\/@cz\/117196169680513433","error":""},"_links":{"self":[{"href":"https:\/\/www.europesays.com\/cz\/wp-json\/wp\/v2\/posts\/198586","targetHints":{"allow":["GET"]}}],"collection":[{"href":"https:\/\/www.europesays.com\/cz\/wp-json\/wp\/v2\/posts"}],"about":[{"href":"https:\/\/www.europesays.com\/cz\/wp-json\/wp\/v2\/types\/post"}],"author":[{"embeddable":true,"href":"https:\/\/www.europesays.com\/cz\/wp-json\/wp\/v2\/users\/2"}],"replies":[{"embeddable":true,"href":"https:\/\/www.europesays.com\/cz\/wp-json\/wp\/v2\/comments?post=198586"}],"version-history":[{"count":0,"href":"https:\/\/www.europesays.com\/cz\/wp-json\/wp\/v2\/posts\/198586\/revisions"}],"wp:featuredmedia":[{"embeddable":true,"href":"https:\/\/www.europesays.com\/cz\/wp-json\/wp\/v2\/media\/198587"}],"wp:attachment":[{"href":"https:\/\/www.europesays.com\/cz\/wp-json\/wp\/v2\/media?parent=198586"}],"wp:term":[{"taxonomy":"category","embeddable":true,"href":"https:\/\/www.europesays.com\/cz\/wp-json\/wp\/v2\/categories?post=198586"},{"taxonomy":"post_tag","embeddable":true,"href":"https:\/\/www.europesays.com\/cz\/wp-json\/wp\/v2\/tags?post=198586"}],"curies":[{"name":"wp","href":"https:\/\/api.w.org\/{rel}","templated":true}]}}