{"id":198618,"date":"2026-09-01T14:35:11","date_gmt":"2026-09-01T14:35:11","guid":{"rendered":"https:\/\/www.europesays.com\/cz\/198618\/"},"modified":"2026-09-01T14:35:11","modified_gmt":"2026-09-01T14:35:11","slug":"lexus-nx-prosel-modernizaci-nabidne-novou-kabinu-i-pohon","status":"publish","type":"post","link":"https:\/\/www.europesays.com\/cz\/198618\/","title":{"rendered":"Lexus NX pro\u0161el modernizac\u00ed, nab\u00eddne novou kabinu i\u00a0pohon"},"content":{"rendered":"<p class=\"c_bB\">Lexus NX, p\u0159edstaven\u00fd v\u00a0roce 2021, p\u0159in\u00e1\u0161\u00ed v\u00a0r\u00e1mci modernizace dal\u0161\u00ed evoluci designov\u00e9ho stylu Vital x Tech s\u00a0d\u016frazem na eleganci i\u00a0sportovnost. Vp\u0159edu vid\u00edme upravenou bezr\u00e1me\u010dkovou masku chladi\u010de s\u00a0v\u0159etenovit\u00fdm tvarem, zcela nov\u00e1 sv\u011btla \u201edo ka\u017ed\u00e9ho po\u010das\u00ed\u201c s\u00a0nov\u00fdm podpisem a\u00a0tak\u00e9 upraven\u00e9 n\u00e1razn\u00edky.<\/p>\n<p class=\"c_bB\">Automobilka lehce poupravila kola, dostupn\u00e1 ve velikosti 18\u00a0a\u00a020\u00a0palc\u016f, kryty zrc\u00e1tek i\u00a0n\u00e1stavce prah\u016f. Vzadu pak vid\u00edme nov\u00e1 sv\u011btla i\u00a0osv\u011btlen\u00e9 logo zna\u010dky. K\u00a0dispozici je \u0161ir\u0161\u00ed paleta barev a\u00a0nechyb\u00ed ani sportovn\u011b lad\u011bn\u00e1 verze F Sport. Celkov\u011b v\u016fz v\u00a0r\u00e1mci modernizace povyrostl o\u00a030\u00a0mm na fin\u00e1ln\u00edch 4690\u00a0mm.<\/p>\n<p class=\"c_bB\">Kabina p\u0159eb\u00edr\u00e1 architekturu palubn\u00ed desky z\u00a0model\u016f ES a\u00a0TZ. Za kulat\u00fdm volantem s\u00a0klasick\u00fdmi tla\u010d\u00edtky vid\u00edme 12,3palcov\u00fd p\u0159\u00edstrojov\u00fd \u0161t\u00edt, uprost\u0159ed palubn\u00ed desky je 14palcov\u00fd displej infotainmentu a\u00a0nechyb\u00ed ani head-up displej.<\/p>\n<p><img fetchpriority=\"high\" height=\"853\"   width=\"1280\" src=\"https:\/\/www.europesays.com\/cz\/wp-content\/uploads\/2026\/09\/lexus-nx-suv-crossover-facelift.jpeg\" loading=\"eager\" decoding=\"sync\" class=\"c_t c_r\"\/>Foto: Lexus<\/p>\n<p class=\"c_bB\">Automobilka s\u00e1z\u00ed na minimalistick\u00fd design s\u00a0minimem fyzick\u00fdch tla\u010d\u00edtek, nab\u00edz\u00ed v\u0161ak i\u00a0skryt\u00e9 sp\u00edna\u010de, kter\u00e9 se rozsv\u00edt\u00ed po p\u0159ibl\u00ed\u017een\u00ed prstu. D\u016fraz byl kladen tak\u00e9 na udr\u017eitelnost a\u00a0maxim\u00e1ln\u00ed komfort, \u010demu\u017e napom\u00e1h\u00e1 syst\u00e9m Sensory Concierge synchronizuj\u00edc\u00ed osv\u011btlen\u00ed, hudbu, klimatizaci, v\u016fn\u011b i\u00a0teplotu sedadel.<\/p>\n<p>V\u00edce v\u00fdkonu, v\u011bt\u0161\u00ed baterie<\/p>\n<p class=\"c_bB\">Pod kapotou se objevuj\u00ed vylep\u0161en\u00e9 pohonn\u00e9 jednotky postaven\u00e9 na \u0161est\u00e9 generaci hybridn\u00edch technologi\u00ed. Z\u00e1kladem je klasick\u00e1 hybridn\u00ed motorizace NX 350h, dostupn\u00e1 s\u00a0pohonem p\u0159edn\u00edch i\u00a0v\u0161ech kol, jej\u00edm\u017e z\u00e1kladem je 2,5litrov\u00fd \u010dty\u0159v\u00e1lec.<\/p>\n<p class=\"c_bB\">Z\u00e1kladn\u00ed hybrid slibuje v\u00fdkon 199\u00a0kon\u00ed, d\u00edky nov\u00e9 baterii je v\u0161ak pohonn\u00fd syst\u00e9m leh\u010d\u00ed. Slibuje tak lep\u0161\u00ed akceleraci, zv\u00fd\u0161en\u00ed ta\u017en\u00e9 kapacity na 1,5\u00a0tuny a\u00a0automobilka o\u010dek\u00e1v\u00e1 i\u00a0nejni\u017e\u0161\u00ed emise CO2\u00a0v\u00a0r\u00e1mci dan\u00e9 t\u0159\u00eddy.<\/p>\n<p class=\"c_bB\">Plug-in hybridn\u00ed NX 450h+ m\u00e1 baterii s\u00a0kapacitou zv\u011bt\u0161enou z\u00a018\u00a0na 23\u00a0kWh a\u00a0vylep\u0161enou elektroniku. V\u00fdkon tak vzr\u016fst\u00e1 na 307\u00a0kon\u00ed (z 292\u00a0kon\u00ed), zrychlen\u00ed z\u00a0nuly na 100\u00a0km\/h zvl\u00e1d\u00e1 v\u016fz za 6,1\u00a0sekundy a\u00a0ta\u017en\u00e1 kapacita stoupla na 1,5\u00a0tuny.<\/p>\n<p><a data-dot=\"atm-link\" target=\"_self\" href=\"https:\/\/www.garaz.cz\/clanek\/novinky-lexus-privazi-luxusniho-obrika-pro-rodiny-ma-sest-mist-k-sezeni-a-zvuk-atmosferickeho-desetivalce-21016961\" class=\"c_I\" rel=\"nofollow noopener\"><img height=\"1221\" width=\"2172\" src=\"https:\/\/www.europesays.com\/cz\/wp-content\/uploads\/2026\/09\/lexus-tz.jpeg\" loading=\"eager\" decoding=\"sync\" class=\"c_t c_r\"\/><\/a><\/p>\n<p class=\"c_bB\">Plug-in hybrid m\u00e1 standardn\u011b pohon v\u0161ech kol a\u00a0slibuje elektrick\u00fd dojezd a\u017e 100\u00a0kilometr\u016f. Nov\u011b podporuje tak\u00e9 DC rychlonab\u00edjen\u00ed, kdy by nabit\u00ed z\u00a010\u00a0na 80\u00a0procent m\u011blo trvat pouh\u00fdch 30\u00a0minut. Komfort pak zvy\u0161uje i\u00a0elektricky ovl\u00e1dan\u00e9 v\u00ed\u010dko z\u00e1suvky.<\/p>\n<p class=\"c_bB\">Automobilka slibuje tak\u00e9 vy\u0161\u0161\u00ed po\u017eitek z\u00a0j\u00edzdy, nap\u0159\u00edklad d\u00edky zlep\u0161en\u00ed pozice za volantem. Sedadlo \u0159idi\u010de je uchycen\u00e9 n\u00ed\u017e, volant m\u00e1 men\u0161\u00ed pr\u016fm\u011br i\u00a0\u0161ir\u0161\u00ed mo\u017enosti nastaven\u00ed a\u00a0nov\u00fd je i\u00a0ped\u00e1l akceler\u00e1toru. Karoserie m\u00e1 vy\u0161\u0161\u00ed tuhost pro lep\u0161\u00ed komfort i\u00a0stabilitu, v\u016fz m\u00e1 l\u00e9pe odst\u00edn\u011bn\u00fd hluk i\u00a0vibrace a\u00a0jeho lad\u011bn\u00ed prob\u00edhalo p\u0159\u00edmo na N\u00fcrburgringu.<\/p>\n<p class=\"c_bB\">Vylep\u0161en\u00ed prob\u011bhla rovn\u011b\u017e v\u00a0oblasti technologick\u00e9 a\u00a0bezpe\u010dnostn\u00ed v\u00fdbavy, v\u010detn\u011b nov\u00e9ho bal\u00ed\u010dku on-line slu\u017eeb, standardn\u00edho paketu Lexus Safety System+. V\u016fz bude mo\u017en\u00e9 p\u0159edobjedn\u00e1vat ji\u017e v\u00a0r\u00e1mci podzimu 2026, na evropsk\u00e9 trhy v\u0161ak bude v\u016fz ofici\u00e1ln\u011b uveden a\u017e za\u010d\u00e1tkem jara 2027.<\/p>\n<p><a data-dot=\"atm-link\" target=\"_self\" href=\"https:\/\/www.novinky.cz\/clanek\/auto-lexus-nx-prichazi-v-nove-generaci-je-prvnim-plug-in-hybridem-znacky-40363090\" class=\"c_I\" rel=\"nofollow noopener\"><img height=\"720\" width=\"1280\" src=\"https:\/\/www.europesays.com\/cz\/wp-content\/uploads\/2026\/09\/R1eGH7.jpeg\" loading=\"eager\" decoding=\"sync\" class=\"c_t c_r\"\/><\/a><\/p>\n","protected":false},"excerpt":{"rendered":"Lexus NX, p\u0159edstaven\u00fd v\u00a0roce 2021, p\u0159in\u00e1\u0161\u00ed v\u00a0r\u00e1mci modernizace dal\u0161\u00ed evoluci designov\u00e9ho stylu Vital x Tech s\u00a0d\u016frazem na eleganci&hellip;\n","protected":false},"author":2,"featured_media":198619,"comment_status":"","ping_status":"","sticky":false,"template":"","format":"standard","meta":{"footnotes":"","_share_on_mastodon":"0"},"categories":[12],"tags":[67,68,6973,71,3205,8384,5455,1885],"class_list":["post-198618","post","type-post","status-publish","format-standard","has-post-thumbnail","category-byznys","tag-business","tag-byznys","tag-facelift","tag-hybridy-hev","tag-lexus","tag-lexus-nx","tag-modernizace","tag-plug-in-hybrid-phev"],"share_on_mastodon":{"url":"https:\/\/pubeurope.com\/@cz\/117196287314237612","error":""},"_links":{"self":[{"href":"https:\/\/www.europesays.com\/cz\/wp-json\/wp\/v2\/posts\/198618","targetHints":{"allow":["GET"]}}],"collection":[{"href":"https:\/\/www.europesays.com\/cz\/wp-json\/wp\/v2\/posts"}],"about":[{"href":"https:\/\/www.europesays.com\/cz\/wp-json\/wp\/v2\/types\/post"}],"author":[{"embeddable":true,"href":"https:\/\/www.europesays.com\/cz\/wp-json\/wp\/v2\/users\/2"}],"replies":[{"embeddable":true,"href":"https:\/\/www.europesays.com\/cz\/wp-json\/wp\/v2\/comments?post=198618"}],"version-history":[{"count":0,"href":"https:\/\/www.europesays.com\/cz\/wp-json\/wp\/v2\/posts\/198618\/revisions"}],"wp:featuredmedia":[{"embeddable":true,"href":"https:\/\/www.europesays.com\/cz\/wp-json\/wp\/v2\/media\/198619"}],"wp:attachment":[{"href":"https:\/\/www.europesays.com\/cz\/wp-json\/wp\/v2\/media?parent=198618"}],"wp:term":[{"taxonomy":"category","embeddable":true,"href":"https:\/\/www.europesays.com\/cz\/wp-json\/wp\/v2\/categories?post=198618"},{"taxonomy":"post_tag","embeddable":true,"href":"https:\/\/www.europesays.com\/cz\/wp-json\/wp\/v2\/tags?post=198618"}],"curies":[{"name":"wp","href":"https:\/\/api.w.org\/{rel}","templated":true}]}}