{"id":198680,"date":"2026-09-01T15:25:09","date_gmt":"2026-09-01T15:25:09","guid":{"rendered":"https:\/\/www.europesays.com\/cz\/198680\/"},"modified":"2026-09-01T15:25:09","modified_gmt":"2026-09-01T15:25:09","slug":"macinka-jednal-na-slovensku-nyni-miri-a-do-irska-s-japonskem-podepsal-mezivladni-dohodu-idnes-cz","status":"publish","type":"post","link":"https:\/\/www.europesays.com\/cz\/198680\/","title":{"rendered":"Macinka jednal na Slovensku, nyn\u00ed m\u00ed\u0159\u00ed a do Irska. S Japonskem podepsal mezivl\u00e1dn\u00ed dohodu &#8211; iDNES.cz"},"content":{"rendered":"<p><a href=\"https:\/\/news.google.com\/rss\/articles\/CBMinwFBVV95cUxNRjlET3FWN2NJLW1qSUs5VjBNbGVEOEFSUU9ZOXBPc21wWXVxeDJaa1JPOTY3X0ZCS3A5Q3VVa21zaU00Uzh5Y0s5Y1N2U0I0cGs1LV8tNl82bElXNVN1bk91dmk5QUVrY25NV0kxVGxYVUpxRjF0YUt6andESXg0Z082MHN6MDZGRVhIbklQRDFpOVBBTzg4dmQ4SmRTRnc?oc=5\" target=\"_blank\" rel=\"nofollow noopener\">Macinka jednal na Slovensku, nyn\u00ed m\u00ed\u0159\u00ed a do Irska. S Japonskem podepsal mezivl\u00e1dn\u00ed dohodu<\/a>&nbsp;&nbsp;iDNES.cz<a href=\"https:\/\/news.google.com\/rss\/articles\/CBMivwFBVV95cUxPMWRzbjB1QmFhbjcxbUMzX2RGUFlPcUVDZjd6VFZvNm40NmVreU9kQU9oZUNlUExBQVc2ek1MVENLMkpsVmdQcVpDdUdpeE5YRUdaUHh3azM5dVR2ZkdId0RXMVM5WHZqdlFVdUZmYURtZmJpYjRkTWcxZmVDdVdpd2JJQldCVmVWcS1wYnN6VUs3a0lQZ0lHSG1vZTk4dlYtVmluOUZ3a0VPMEF4Z2pLa0pjUUQ0X01POUt4UWhKVQ?oc=5\" target=\"_blank\" rel=\"nofollow noopener\">Japonsko je pro n\u00e1s kl\u00ed\u010dov\u00fdm partnerem, \u0159ekl Macinka po jedn\u00e1n\u00ed V4<\/a>&nbsp;&nbsp;\u010cT24<a href=\"https:\/\/news.google.com\/rss\/articles\/CBMie0FVX3lxTFBNQ3hBeHNtaENEd01IbmczRFcyTGF0eHBiVElNS0ozd3NweTFJNDlwX2Y0dTRKanlvY3FrOUYxNXEtc3ZxS3NJQk4xVnViLWZSd2ZZWUVyUDVFQlU2MHFJdVFjVG9Hakc1bjlvQ1M4Ynd0S3FnUlpvaDc0Zw?oc=5\" target=\"_blank\" rel=\"nofollow noopener\">Jedn\u00e1n\u00ed V4 s Japonskem i unijn\u00ed zased\u00e1n\u00ed. Macinka odl\u00e9t\u00e1 na Slovensko a do Irska<\/a>&nbsp;&nbsp;R\u00e1dio Impuls<a href=\"https:\/\/news.google.com\/rss\/articles\/CBMioAFBVV95cUxQVEUtRk14Q3dJOHZiYUR3T0cwZVZ1N1BHWWdWMUVMU1RjVU5kelhuUzNsOHpYREpXZDBtYmIyRzBGRmRaVHZKUnhyU1ZRQkZwSnNTZmduQUgwNDMxMk1tMmpvSGZqMzlqamd4NHQ3dk02NVVjaEt2Y1BhTFU2Q01fcHRXejY3Q1pzM0xOMGZWcEVVNUdQM1doN1hmWE5DT1d3?oc=5\" target=\"_blank\" rel=\"nofollow noopener\">Ministr Macinka nav\u0161t\u00edv\u00ed Slovensko a Irsko, z\u00fa\u010dastn\u00ed se jedn\u00e1n\u00ed V4 s Japonskem i neform\u00e1ln\u00edho setk\u00e1n\u00ed \u0161\u00e9f\u016f diplomaci\u00ed EU (Gymnich)<\/a>&nbsp;&nbsp;Ministerstvo zahrani\u010dn\u00edch v\u011bc\u00ed<a href=\"https:\/\/news.google.com\/rss\/articles\/CBMi1gFBVV95cUxNZmN0ZTAwQlhMOFF1ZFZHWUJFZS1xV0lmTFc0elotclduVTBiVzdjS0VncklTS3NXR1JNWHlBTUNyX0RyR3otSzl4UzV1SnhORG9SU1paeXdkbTAzdGhQNTNLT0JPU01ScGNOX01GcGRPZWhsZkRFTTFtTXRsTHJMcGJHM3I3cXpzaEpFRHdCNmJQQ2NOOVFHUzdUUFY0NWxzTXVFVXc1QVBpTzYtNlBPYkxNS2IxR1pzamp0SnNDVjFyLUFaSFoxb1FLNTFfLW84TVNKTlN30gHbAUFVX3lxTE5nZFFPNG5nQjlSbzUxSnVobm5vTDZhbm0zRGh2Zk1waWJmR0NuYWhnSXNMd0dWNFhEY09FTS1naTBDY0Jkc291VDhCdG9JY0JJWWdNYndjY2NSQmhBa3ZEM29BWlk0RDBVNk9BejdHQmExTnpPb2VXb1NwQmU3aGlEbkd2b1ZWLVFBS0FsekY2cm9wZldhS0VqaXdSTF9FUUVTZURlaTJzdjR6ZU1YX2pWYkY3M3NqQzM5YXIyeGVycTBWTlRkZHFDWG9DdWdDNmFUNVoxNUFZVU05Zw?oc=5\" target=\"_blank\" rel=\"nofollow noopener\">Jedn\u00e1n\u00ed V4 s Japonskem i unijn\u00ed zased\u00e1n\u00ed. Macinka je na Slovensku, pak odlet\u00ed do Irska<\/a>&nbsp;&nbsp;prahanadlani.cz<\/p>\n","protected":false},"excerpt":{"rendered":"Macinka jednal na Slovensku, nyn\u00ed m\u00ed\u0159\u00ed a do Irska. S Japonskem podepsal mezivl\u00e1dn\u00ed dohodu&nbsp;&nbsp;iDNES.czJaponsko je pro n\u00e1s kl\u00ed\u010dov\u00fdm&hellip;\n","protected":false},"author":2,"featured_media":198681,"comment_status":"","ping_status":"","sticky":false,"template":"","format":"standard","meta":{"footnotes":"","_share_on_mastodon":"0"},"categories":[11],"tags":[949,245,54,53,52],"class_list":["post-198680","post","type-post","status-publish","format-standard","has-post-thumbnail","category-svet","tag-irsko","tag-japonsko","tag-svet","tag-world","tag-world-news"],"share_on_mastodon":{"url":"https:\/\/pubeurope.com\/@cz\/117196483767973913","error":""},"_links":{"self":[{"href":"https:\/\/www.europesays.com\/cz\/wp-json\/wp\/v2\/posts\/198680","targetHints":{"allow":["GET"]}}],"collection":[{"href":"https:\/\/www.europesays.com\/cz\/wp-json\/wp\/v2\/posts"}],"about":[{"href":"https:\/\/www.europesays.com\/cz\/wp-json\/wp\/v2\/types\/post"}],"author":[{"embeddable":true,"href":"https:\/\/www.europesays.com\/cz\/wp-json\/wp\/v2\/users\/2"}],"replies":[{"embeddable":true,"href":"https:\/\/www.europesays.com\/cz\/wp-json\/wp\/v2\/comments?post=198680"}],"version-history":[{"count":0,"href":"https:\/\/www.europesays.com\/cz\/wp-json\/wp\/v2\/posts\/198680\/revisions"}],"wp:featuredmedia":[{"embeddable":true,"href":"https:\/\/www.europesays.com\/cz\/wp-json\/wp\/v2\/media\/198681"}],"wp:attachment":[{"href":"https:\/\/www.europesays.com\/cz\/wp-json\/wp\/v2\/media?parent=198680"}],"wp:term":[{"taxonomy":"category","embeddable":true,"href":"https:\/\/www.europesays.com\/cz\/wp-json\/wp\/v2\/categories?post=198680"},{"taxonomy":"post_tag","embeddable":true,"href":"https:\/\/www.europesays.com\/cz\/wp-json\/wp\/v2\/tags?post=198680"}],"curies":[{"name":"wp","href":"https:\/\/api.w.org\/{rel}","templated":true}]}}