{"id":198688,"date":"2026-09-01T15:33:20","date_gmt":"2026-09-01T15:33:20","guid":{"rendered":"https:\/\/www.europesays.com\/cz\/198688\/"},"modified":"2026-09-01T15:33:20","modified_gmt":"2026-09-01T15:33:20","slug":"reziser-zdenek-troska-opet-podlehl-pohadce-nereziruje-ale-hraje","status":"publish","type":"post","link":"https:\/\/www.europesays.com\/cz\/198688\/","title":{"rendered":"Re\u017eis\u00e9r Zden\u011bk Tro\u0161ka op\u011bt podlehl poh\u00e1dce: Nere\u017e\u00edruje, ale hraje!"},"content":{"rendered":"<p>Z\u00e1mek ve Zru\u010di nad S\u00e1zavou obsadili filma\u0159i a re\u017eis\u00e9r Ivo Machar\u00e1\u010dek (50) zlana\u0159il do role D\u011bkana pr\u00e1v\u011b <a class=\"celebrity celebwiki\" href=\"https:\/\/celebwiki.blesk.cz\/osobnost\/2281\/zdenek-troska\/\" target=\"_blank\" rel=\"nofollow noopener\">Tro\u0161ku<\/a>. Ten ji s pot\u011b\u0161en\u00edm vzal, proto\u017ee Machar\u00e1\u010dek je pro n\u011bho d\u00edky film\u016fm Tajemstv\u00ed star\u00e9 bambitky 1 a 2 z\u00e1rukou \u00fasp\u011bchu.<\/p>\n<p style=\"text-align: center;\">Zden\u011bk Tro\u0161ka: Nebudu u\u017e nic to\u010dit, ani za nic! I mi proto vyhro\u017euj\u00ed!<\/p>\n<p>    <a href=\"https:\/\/www.ahaonline.cz\/clanek\/zhave-drby\/234169\/posledni-nadeje-pohasly-srdce-by-chtelo-telo-reklo-ne-smutni-troska.html\" rel=\"nofollow noopener\" target=\"_blank\"><\/p>\n<p>        <img decoding=\"async\" src=\"https:\/\/www.europesays.com\/cz\/wp-content\/uploads\/2026\/09\/8239176.jpg\" alt=\"Posledn\u00ed nad\u011bje pohasly! Srdce by cht\u011blo, t\u011blo \u0159eklo ne, smutn\u00ed Tro\u0161ka\" title=\"Posledn\u00ed nad\u011bje pohasly! Srdce by cht\u011blo, t\u011blo \u0159eklo ne, smutn\u00ed Tro\u0161ka\" height=\"140\" width=\"220\" class=\"lazyload \" loading=\"lazy\" \/><\/p>\n<p>    <\/a><\/p>\n<p>\u201eJsem p\u0159esv\u011bd\u010den, \u017ee se s L\u00edn\u00fdm kr\u00e1lovstv\u00edm vrac\u00edme k dobrodru\u017en\u00e9mu p\u0159\u00edb\u011bhu pln\u00e9ho humoru, nap\u011bt\u00ed, l\u00e1sky a kouzel. Bude to zajist\u00e9 op\u011bt \u00fasp\u011b\u0161n\u00e1 poh\u00e1dka, tak pro\u010d bych si v n\u00ed, i kdy\u017e m\u00e1m pidi roli, nezahr\u00e1l,\u201c <a href=\"https:\/\/www.blesk.cz\/clanek\/celebrity-ceske-celebrity\/847263\/kral-pohadek-troska-73-meni-profesi-z-rezisera-je-herec.html\" target=\"_blank\" rel=\"noopener nofollow\">komentoval re\u017eis\u00e9r<\/a> sv\u016fj do\u010dasn\u00fd \u00faprk z venkovsk\u00e9 idyly<a href=\"https:\/\/www.blesk.cz\/clanek\/celebrity-ceske-celebrity\/842256\/v-hosticich-slavili-ruzickovou-dorazil-i-venca-konopnik-a-vsem-vyrazil-dech.html\" target=\"_blank\" rel=\"noopener nofollow\"> v jeho milovan\u00fdch Ho\u0161tic\u00edch<\/a>.<\/p>\n<p>Princeznu ztv\u00e1rn\u00ed Sofie Anna \u0160vehl\u00edkov\u00e1 (20), kter\u00e1 si zahr\u00e1la princeznu i ve v\u00e1no\u010dn\u00ed poh\u00e1dce Z\u00e1hada stra\u0161ideln\u00e9ho z\u00e1mku (2025). Jej\u00edm partnerem bude Maxmili\u00e1n Dolansk\u00fd (21) jako spolu\u017e\u00e1k Le\u0161ek. Kr\u00e1lovsk\u00fd p\u00e1r p\u0159edstavuje Jaroslav Plesl (51) s Veronikou Khek Kuba\u0159ovou (39) a v \u010darod\u011bjnici Drahom\u00edru se p\u0159evt\u011bl\u00ed Elizaveta Maximov\u00e1 (34).<\/p>\n<p style=\"text-align: center;\">Obl\u00e9kl <a class=\"celebrity celebwiki\" href=\"https:\/\/celebwiki.blesk.cz\/osobnost\/3872\/lida-baarova\/\" target=\"_blank\" rel=\"nofollow noopener\">Baarovou<\/a> i Princeznu ze mlejna: Se sc\u00e9nografem R\u016f\u017ei\u010dkou (\u202074) se lou\u010dil i Tro\u0161ka<\/p>\n<p>L\u00edn\u00e9 kr\u00e1lovstv\u00ed m\u00e1 m\u00edt premi\u00e9ru v kinech a\u017e v b\u0159eznu p\u0159\u00ed\u0161t\u00edho roku. Filma\u0159i tak u\u017e nyn\u00ed piln\u011b pracuj\u00ed na nov\u00e9 poh\u00e1dce, kter\u00e1 m\u00e1 div\u00e1ky nal\u00e1kat nejen na zn\u00e1m\u00e9 hereck\u00e9 tv\u00e1\u0159e, ale tak\u00e9 na humor, dobrodru\u017estv\u00ed, l\u00e1sku a kouzla. Maximov\u00e1 se p\u0159itom v roli \u010darod\u011bjnice Drahom\u00edry p\u0159edstav\u00ed po boku kr\u00e1lovsk\u00e9ho p\u00e1ru, kter\u00fd ztv\u00e1rn\u00ed Plesl s Khek Kuba\u0159ovou.<\/p>\n<p>    <a href=\"https:\/\/www.ahaonline.cz\/clanek\/zhave-drby\/232353\/troska-zvazuje-ucast-nuti-me-do-takovych-kravin-uz-jsem-mimo.html\" rel=\"nofollow noopener\" target=\"_blank\"><\/p>\n<p>        <img decoding=\"async\" src=\"https:\/\/www.europesays.com\/cz\/wp-content\/uploads\/2026\/09\/8239176.jpg\" alt=\"Tro\u0161ka zva\u017euje \u00fa\u010dast: Nut\u00ed m\u011b do takov\u00fdch kravin, u\u017e jsem mimo\" title=\"Tro\u0161ka zva\u017euje \u00fa\u010dast: Nut\u00ed m\u011b do takov\u00fdch kravin, u\u017e jsem mimo\" height=\"140\" width=\"220\" class=\"lazyload \" loading=\"lazy\" \/><\/p>\n<p>    <\/a><\/p>\n","protected":false},"excerpt":{"rendered":"Z\u00e1mek ve Zru\u010di nad S\u00e1zavou obsadili filma\u0159i a re\u017eis\u00e9r Ivo Machar\u00e1\u010dek (50) zlana\u0159il do role D\u011bkana pr\u00e1v\u011b Tro\u0161ku.&hellip;\n","protected":false},"author":2,"featured_media":198689,"comment_status":"","ping_status":"","sticky":false,"template":"","format":"standard","meta":{"footnotes":"","_share_on_mastodon":"0"},"categories":[14],"tags":[24825,12019,79,44048,9248,45556,11316,23178,45555,80,5094,163,12704],"class_list":["post-198688","post","type-post","status-publish","format-standard","has-post-thumbnail","category-zabava","tag-aha","tag-elizaveta-maximova","tag-entertainment","tag-ivo-macharacek","tag-jaroslav-plesl","tag-kralovska-akademie","tag-pohadka","tag-reziser","tag-tajemstvi-stare-bambitky","tag-zabava","tag-zdenek-troska","tag-zhave-drby","tag-zruc-nad-sazavou"],"share_on_mastodon":{"url":"https:\/\/pubeurope.com\/@cz\/117196515409298338","error":""},"_links":{"self":[{"href":"https:\/\/www.europesays.com\/cz\/wp-json\/wp\/v2\/posts\/198688","targetHints":{"allow":["GET"]}}],"collection":[{"href":"https:\/\/www.europesays.com\/cz\/wp-json\/wp\/v2\/posts"}],"about":[{"href":"https:\/\/www.europesays.com\/cz\/wp-json\/wp\/v2\/types\/post"}],"author":[{"embeddable":true,"href":"https:\/\/www.europesays.com\/cz\/wp-json\/wp\/v2\/users\/2"}],"replies":[{"embeddable":true,"href":"https:\/\/www.europesays.com\/cz\/wp-json\/wp\/v2\/comments?post=198688"}],"version-history":[{"count":0,"href":"https:\/\/www.europesays.com\/cz\/wp-json\/wp\/v2\/posts\/198688\/revisions"}],"wp:featuredmedia":[{"embeddable":true,"href":"https:\/\/www.europesays.com\/cz\/wp-json\/wp\/v2\/media\/198689"}],"wp:attachment":[{"href":"https:\/\/www.europesays.com\/cz\/wp-json\/wp\/v2\/media?parent=198688"}],"wp:term":[{"taxonomy":"category","embeddable":true,"href":"https:\/\/www.europesays.com\/cz\/wp-json\/wp\/v2\/categories?post=198688"},{"taxonomy":"post_tag","embeddable":true,"href":"https:\/\/www.europesays.com\/cz\/wp-json\/wp\/v2\/tags?post=198688"}],"curies":[{"name":"wp","href":"https:\/\/api.w.org\/{rel}","templated":true}]}}