{"id":198758,"date":"2026-09-01T16:37:12","date_gmt":"2026-09-01T16:37:12","guid":{"rendered":"https:\/\/www.europesays.com\/cz\/198758\/"},"modified":"2026-09-01T16:37:12","modified_gmt":"2026-09-01T16:37:12","slug":"cesko-zazilo-druhe-nejteplejsi-leto-rekordy-padaly-jako-nikdy-driv","status":"publish","type":"post","link":"https:\/\/www.europesays.com\/cz\/198758\/","title":{"rendered":"\u010cesko za\u017eilo druh\u00e9 nejteplej\u0161\u00ed l\u00e9to. Rekordy padaly jako nikdy d\u0159\u00edv"},"content":{"rendered":"<p class=\"c_bB\">L\u00e9to 2026\u00a0se t\u00edm za\u0159adilo na druh\u00e9 m\u00edsto mezi nejteplej\u0161\u00edmi letn\u00edmi sezonami od roku 1961.\u00a0Tepleji bylo pouze v\u00a0roce 2019, kdy pr\u016fm\u011brn\u00e1 teplota dos\u00e1hla 19,5\u00a0\u00b0C. Jen m\u00edrn\u011b chladn\u011bj\u0161\u00ed byla l\u00e9ta 2003, 2018\u00a0a\u00a02024.<\/p>\n<p class=\"c_bB\">Na mimo\u0159\u00e1dn\u011b tepl\u00e9m pr\u016fb\u011bhu leto\u0161n\u00edho l\u00e9ta se pod\u00edlely v\u0161echny t\u0159i m\u011bs\u00edce. \u010cerven a\u00a0srpen byly dokonce hodnoceny jako teplotn\u011b siln\u011b nadnorm\u00e1ln\u00ed s\u00a0odchylkou p\u0159esahuj\u00edc\u00ed +2\u00a0\u00b0C.<\/p>\n<p class=\"c_bB\">Nejteplej\u0161\u00ed byly posledn\u00ed \u010dervnov\u00fd a\u00a0prvn\u00ed srpnov\u00fd t\u00fdden. Pr\u00e1v\u011b b\u011bhem t\u011bchto obdob\u00ed padaly na \u0159ad\u011b m\u00edst absolutn\u00ed teplotn\u00ed rekordy. \u010cHM\u00da u\u017e d\u0159\u00edve uvedl, \u017ee sv\u00e1 dosavadn\u00ed maxima p\u0159ekonaly <a data-dot=\"atm-link\" target=\"_blank\" rel=\"noopener nofollow\" href=\"https:\/\/www.facebook.com\/photo\/?fbid=1449142583901245&amp;set=a.583086553840190\" class=\"c_I\">v\u00edce ne\u017e t\u0159i \u010dtvrtiny stanic<\/a> s\u00a0alespo\u0148 t\u0159icetiletou \u0159adou m\u011b\u0159en\u00ed.<\/p>\n<p><img fetchpriority=\"high\" height=\"1448\"   width=\"2048\" src=\"https:\/\/www.europesays.com\/cz\/wp-content\/uploads\/2026\/09\/chmu-teplota-rekord-pocasi.jpeg\" loading=\"eager\" decoding=\"sync\" class=\"c_t c_r\"\/>Foto: \u010cHM\u00da<\/p>\n<p class=\"c_bB\">Datum nam\u011b\u0159en\u00ed absolutn\u00edho rekordu teploty vzduchu na stanic\u00edch \u010cHM\u00da<\/p>\n<p>\u010cty\u0159ic\u00edtka p\u0159estala b\u00fdt raritou<\/p>\n<p class=\"c_bB\">Leto\u0161n\u00ed l\u00e9to p\u0159ineslo tak\u00e9 nov\u00fd absolutn\u00ed teplotn\u00ed rekord \u010ceska. Dosavadn\u00ed maximum 40,4\u00a0\u00b0C nam\u011b\u0159en\u00e9 v\u00a0roce 2012\u00a0v\u00a0Dob\u0159ichovic\u00edch, bylo p\u0159ekon\u00e1no o\u00a01,5\u00a0\u00b0C. Nov\u00fd rekord tak od 28.\u00a0\u010dervna \u010din\u00ed 41,9\u00a0\u00b0C. V\u00a0srpnu padl tak\u00e9 teplotn\u00ed rekord Moravy, kdy\u017e ve Str\u00e1\u017enici nam\u011b\u0159ili 41,0\u00a0\u00b0C.<\/p>\n<p class=\"c_bB\">Teploty nad 40\u00a0\u00b0C p\u0159itom byly na na\u0161em \u00fazem\u00ed a\u017e do leto\u0161n\u00edho l\u00e9ta mimo\u0159\u00e1dn\u011b vz\u00e1cn\u00e9. Zat\u00edmco mezi roky 1961\u00a0a\u017e 2025\u00a0byly spolehliv\u011b nam\u011b\u0159eny pouze b\u011bhem t\u0159\u00ed kalend\u00e1\u0159n\u00edch dn\u016f, letos se objevily b\u011bhem p\u011bti dn\u016f. Tak vysok\u00fd po\u010det je v\u00a0historii \u010desk\u00fdch m\u011b\u0159en\u00ed bezprecedentn\u00ed.<\/p>\n<p class=\"c_bB\">Historick\u00fdch hodnot dos\u00e1hl tak\u00e9 po\u010det supertropick\u00fdch dn\u016f s\u00a0denn\u00edm maximem nejm\u00e9n\u011b 35\u00a0\u00b0C a\u00a0tropick\u00fdch noc\u00ed s\u00a0denn\u00edm minimem nejm\u00e9n\u011b 20\u00a0\u00b0C. Supertropick\u00fd den byl letos v\u00a0\u010cesku zaznamen\u00e1n b\u011bhem 23\u00a0dn\u016f, \u010d\u00edm\u017e se vyrovnal dosavadn\u00ed rekord z\u00a0roku 2015.\u00a0Je\u0161t\u011b v\u00fdrazn\u011bj\u0161\u00ed byl po\u010det tropick\u00fdch noc\u00ed. Vyskytly se b\u011bhem 35\u00a0dn\u016f, co\u017e znamen\u00e1 nov\u00fd rekord.<\/p>\n<p><img height=\"630\"   width=\"945\" src=\"https:\/\/www.europesays.com\/cz\/wp-content\/uploads\/2026\/09\/chmu-pocasi-supertropicke-dny.jpeg\" loading=\"eager\" decoding=\"sync\" class=\"c_t c_r\"\/>Foto: \u010cHM\u00da<\/p>\n<p class=\"c_bB\">Po\u010det supertropick\u00fdch dn\u00ed b\u011bhem let 2011\u00a0a\u017e 2026<\/p>\n<p>Sr\u00e1\u017eek bylo m\u00e1lo, v\u00fdpar vysok\u00fd<\/p>\n<p class=\"c_bB\">Leto\u0161n\u00ed l\u00e9to v\u0161ak nebylo nep\u0159etr\u017eit\u011b hork\u00e9. Chladn\u011bj\u0161\u00ed obdob\u00ed se objevila zejm\u00e9na v\u00a0prvn\u00ed polovin\u011b \u010dervna a\u00a0ve druh\u00e9 polovin\u011b \u010dervence a\u00a0srpna. Tyto epizody sn\u00ed\u017eily celkov\u00fd sezonn\u00ed pr\u016fm\u011br natolik, \u017ee navzdory mimo\u0159\u00e1dn\u011b intenzivn\u00edm vln\u00e1m veder skon\u010dilo l\u00e9to 2026 \u201ea\u017e\u201c na druh\u00e9m m\u00edst\u011b.<\/p>\n<p class=\"c_bB\">Sr\u00e1\u017ekov\u011b bylo leto\u0161n\u00ed l\u00e9to naopak podpr\u016fm\u011brn\u00e9. V\u00fdrazn\u011b se na tom podepsal zejm\u00e9na \u010dervenec, kdy na na\u0161em \u00fazem\u00ed spadlo pouze 57\u00a0procent norm\u00e1lu z\u00a0let 1991\u00a0a\u017e 2020.\u00a0V\u00a0\u010dervnu a\u00a0srpnu bylo sr\u00e1\u017eek v\u00edce a\u00a0jejich mno\u017estv\u00ed se bl\u00ed\u017eilo norm\u00e1lu.<\/p>\n<p class=\"c_bB\">Nedostatek sr\u00e1\u017eek spole\u010dn\u011b s\u00a0intenzivn\u00edmi vlnami veder, kter\u00e9 v\u00fdrazn\u011b zvy\u0161ovaly v\u00fdpar, p\u0159isp\u011bl k\u00a0velmi nep\u0159\u00edzniv\u00e9 situaci se suchem. V\u00a0n\u011bkter\u00fdch obdob\u00edch panovalo na v\u011bt\u0161in\u011b \u00fazem\u00ed extr\u00e9mn\u00ed p\u016fdn\u00ed sucho a\u00a0\u0159ada vodn\u00edch tok\u016f se dostala na historicky n\u00edzk\u00e9 hodnoty.<\/p>\n<p><a data-dot=\"atm-link\" target=\"_self\" href=\"https:\/\/www.novinky.cz\/clanek\/pocasi-vedra-v-cesku-v-grafech-uz-ted-je-jasne-ze-se-leto-zapise-do-historie-40593337\" class=\"c_I\" rel=\"nofollow noopener\"><img height=\"688\" width=\"1224\" src=\"https:\/\/www.europesays.com\/cz\/wp-content\/uploads\/2026\/09\/graf-vedro-pocasi.png\" loading=\"eager\" decoding=\"sync\" class=\"c_t c_r\"\/><\/a><\/p>\n","protected":false},"excerpt":{"rendered":"L\u00e9to 2026\u00a0se t\u00edm za\u0159adilo na druh\u00e9 m\u00edsto mezi nejteplej\u0161\u00edmi letn\u00edmi sezonami od roku 1961.\u00a0Tepleji bylo pouze v\u00a0roce 2019,&hellip;\n","protected":false},"author":2,"featured_media":198759,"comment_status":"","ping_status":"","sticky":false,"template":"","format":"standard","meta":{"footnotes":"","_share_on_mastodon":"0"},"categories":[7],"tags":[43,42,41,40,13179,255,1561,7031,493,1316,33375],"class_list":["post-198758","post","type-post","status-publish","format-standard","has-post-thumbnail","category-cesko","tag-ceska-republika","tag-cesko","tag-czech-republic","tag-czechia","tag-leto","tag-pocasi","tag-rekord","tag-sucho","tag-teplo","tag-teplota","tag-vlna-veder"],"share_on_mastodon":{"url":"https:\/\/pubeurope.com\/@cz\/117196767291547065","error":""},"_links":{"self":[{"href":"https:\/\/www.europesays.com\/cz\/wp-json\/wp\/v2\/posts\/198758","targetHints":{"allow":["GET"]}}],"collection":[{"href":"https:\/\/www.europesays.com\/cz\/wp-json\/wp\/v2\/posts"}],"about":[{"href":"https:\/\/www.europesays.com\/cz\/wp-json\/wp\/v2\/types\/post"}],"author":[{"embeddable":true,"href":"https:\/\/www.europesays.com\/cz\/wp-json\/wp\/v2\/users\/2"}],"replies":[{"embeddable":true,"href":"https:\/\/www.europesays.com\/cz\/wp-json\/wp\/v2\/comments?post=198758"}],"version-history":[{"count":0,"href":"https:\/\/www.europesays.com\/cz\/wp-json\/wp\/v2\/posts\/198758\/revisions"}],"wp:featuredmedia":[{"embeddable":true,"href":"https:\/\/www.europesays.com\/cz\/wp-json\/wp\/v2\/media\/198759"}],"wp:attachment":[{"href":"https:\/\/www.europesays.com\/cz\/wp-json\/wp\/v2\/media?parent=198758"}],"wp:term":[{"taxonomy":"category","embeddable":true,"href":"https:\/\/www.europesays.com\/cz\/wp-json\/wp\/v2\/categories?post=198758"},{"taxonomy":"post_tag","embeddable":true,"href":"https:\/\/www.europesays.com\/cz\/wp-json\/wp\/v2\/tags?post=198758"}],"curies":[{"name":"wp","href":"https:\/\/api.w.org\/{rel}","templated":true}]}}