{"id":198772,"date":"2026-09-01T16:47:16","date_gmt":"2026-09-01T16:47:16","guid":{"rendered":"https:\/\/www.europesays.com\/cz\/198772\/"},"modified":"2026-09-01T16:47:16","modified_gmt":"2026-09-01T16:47:16","slug":"od-chirurgickeho-pristroje-vzplal-ohen-kriminaliste-setri-popaleni-rodicky-na-bulovce-aktualne-cz","status":"publish","type":"post","link":"https:\/\/www.europesays.com\/cz\/198772\/","title":{"rendered":"Od chirurgick\u00e9ho p\u0159\u00edstroje vzpl\u00e1l ohe\u0148. Kriminalist\u00e9 \u0161et\u0159\u00ed pop\u00e1len\u00ed rodi\u010dky na Bulovce \u2013 Aktu\u00e1ln\u011b.cz"},"content":{"rendered":"<p>Policist\u00e9 se o incidentu dozv\u011bd\u011bli z m\u00e9di\u00ed. \u201eKriminalist\u00e9 zji\u0161\u0165uj\u00ed ve\u0161ker\u00e9 informace, na z\u00e1klad\u011b kter\u00fdch rozhodnou, zda se jedn\u00e1 o podez\u0159en\u00ed z protipr\u00e1vn\u00edho jedn\u00e1n\u00ed,\u201c uvedl mluv\u010d\u00ed. Sama rodi\u010dka podle Da\u0148ka zat\u00edm trestn\u00ed ozn\u00e1men\u00ed nepodala.<\/p>\n<p>Podle informac\u00ed <a href=\"https:\/\/denikn.cz\/2168878\/pacientka-vzplala-pri-cisarskem-rezu-na-bulovce-skoncila-s-popaleninami-na-patnacti-procentech-tela\/\" target=\"_blank\" rel=\"nofollow noopener\">Den\u00edku N<\/a> cht\u011bli zdravotn\u00edci v z\u00e1v\u011bru c\u00edsa\u0159sk\u00e9ho \u0159ezu \u017een\u011b zastavit krv\u00e1cen\u00ed. Od chirurgick\u00e9ho p\u0159\u00edstroje ale vzpl\u00e1l ohe\u0148 v dob\u011b, kdy byla pacientka pot\u0159en\u00e1 dezinfekc\u00ed.<\/p>\n<p>Utrp\u011bla pop\u00e1leniny druh\u00e9ho a t\u0159et\u00edho stupn\u011b na 15 procentech t\u011bla &#8211; na vnit\u0159n\u00edch stran\u00e1ch stehen, boc\u00edch, podb\u0159i\u0161ku a genit\u00e1li\u00edch. Nemocnice ud\u00e1lost vy\u0161et\u0159uje.<\/p>\n<p>Nejedn\u00e1 se o prvn\u00ed incident na Gynekologicko-porodnick\u00e9 klinice Bulovky. P\u0159ed dv\u011bma roky person\u00e1l zam\u011bnil dv\u011b pacientky asijsk\u00e9ho p\u016fvodu. Kv\u016fli omylu jedna z \u017een absolvovala z\u00e1krok, p\u0159i n\u011bm\u017e potratila.<\/p>\n<p>P\u0159ipome\u0148te si: Fakultn\u00ed nemocnice Bulovka p\u0159ijala ob\u010dana USA p\u0159ev\u00e1\u017een\u00e9ho z Ugandy, kter\u00fd p\u0159i\u0161el do kontaktu s pacientem naka\u017een\u00fdm virem ebola<\/p>\n","protected":false},"excerpt":{"rendered":"Policist\u00e9 se o incidentu dozv\u011bd\u011bli z m\u00e9di\u00ed. \u201eKriminalist\u00e9 zji\u0161\u0165uj\u00ed ve\u0161ker\u00e9 informace, na z\u00e1klad\u011b kter\u00fdch rozhodnou, zda se jedn\u00e1&hellip;\n","protected":false},"author":2,"featured_media":198773,"comment_status":"","ping_status":"","sticky":false,"template":"","format":"standard","meta":{"footnotes":"","_share_on_mastodon":"0"},"categories":[10],"tags":[17,21,16,745,18,19,22,398,20],"class_list":["post-198772","post","type-post","status-publish","format-standard","has-post-thumbnail","category-zpravy","tag-headlines","tag-hlavni-udalosti","tag-news","tag-porod","tag-top-news","tag-top-stories","tag-udalosti-dne","tag-vysetrovani","tag-zpravy"],"share_on_mastodon":{"url":"https:\/\/pubeurope.com\/@cz\/117196806262726401","error":""},"_links":{"self":[{"href":"https:\/\/www.europesays.com\/cz\/wp-json\/wp\/v2\/posts\/198772","targetHints":{"allow":["GET"]}}],"collection":[{"href":"https:\/\/www.europesays.com\/cz\/wp-json\/wp\/v2\/posts"}],"about":[{"href":"https:\/\/www.europesays.com\/cz\/wp-json\/wp\/v2\/types\/post"}],"author":[{"embeddable":true,"href":"https:\/\/www.europesays.com\/cz\/wp-json\/wp\/v2\/users\/2"}],"replies":[{"embeddable":true,"href":"https:\/\/www.europesays.com\/cz\/wp-json\/wp\/v2\/comments?post=198772"}],"version-history":[{"count":0,"href":"https:\/\/www.europesays.com\/cz\/wp-json\/wp\/v2\/posts\/198772\/revisions"}],"wp:featuredmedia":[{"embeddable":true,"href":"https:\/\/www.europesays.com\/cz\/wp-json\/wp\/v2\/media\/198773"}],"wp:attachment":[{"href":"https:\/\/www.europesays.com\/cz\/wp-json\/wp\/v2\/media?parent=198772"}],"wp:term":[{"taxonomy":"category","embeddable":true,"href":"https:\/\/www.europesays.com\/cz\/wp-json\/wp\/v2\/categories?post=198772"},{"taxonomy":"post_tag","embeddable":true,"href":"https:\/\/www.europesays.com\/cz\/wp-json\/wp\/v2\/tags?post=198772"}],"curies":[{"name":"wp","href":"https:\/\/api.w.org\/{rel}","templated":true}]}}