{"id":198844,"date":"2026-09-01T18:00:12","date_gmt":"2026-09-01T18:00:12","guid":{"rendered":"https:\/\/www.europesays.com\/cz\/198844\/"},"modified":"2026-09-01T18:00:12","modified_gmt":"2026-09-01T18:00:12","slug":"jako-kdyby-se-promenil-ve-zrudu-licil-otec-krvave-besneni-v-rodine-v-plzni","status":"publish","type":"post","link":"https:\/\/www.europesays.com\/cz\/198844\/","title":{"rendered":"Jako kdyby se prom\u011bnil ve zr\u016fdu, l\u00ed\u010dil otec krvav\u00e9 b\u011bsn\u011bn\u00ed v\u00a0rodin\u011b v\u00a0Plzni"},"content":{"rendered":"<p class=\"c_bB\">U\u017e\u00edval toti\u017e pervitin a\u00a0projevila se u\u00a0n\u011bj toxick\u00e1 psych\u00f3za, tak\u017ee nemohl ovl\u00e1dat sv\u00e9 jedn\u00e1n\u00ed. K\u00a0rodinn\u00e9 trag\u00e9dii, je\u017e se stala p\u0159edloni v\u00a0m\u011bstsk\u00e9 \u010d\u00e1sti Slovany, se v\u00a0\u00fater\u00fd necht\u011bl vracet. <\/p>\n<p class=\"c_bB\">\u201eNic si nepamatuji,\u201c \u0159ekl ob\u017ealovan\u00fd a\u00a0po\u017e\u00e1dal soud, aby se hlavn\u00ed l\u00ed\u010den\u00ed i\u00a0v\u0161echna n\u00e1sleduj\u00edc\u00ed jedn\u00e1n\u00ed konala v\u00a0jeho nep\u0159\u00edtomnosti. V\u00a0sou\u010dasnosti je hospitalizov\u00e1n na psychiatrii v\u00a0Dob\u0159anech.<\/p>\n<p class=\"c_bB\">Rovn\u011b\u017e jeho otec odm\u00edtl v\u00a0\u00fater\u00fd vypov\u00eddat. Policii v\u0161ak v\u00a0p\u0159\u00edpravn\u00e9m \u0159\u00edzen\u00ed cel\u00fd incident detailn\u011b popsal. Z\u00a0ob\u00fdv\u00e1ku usly\u0161el syna, jak si ve vedlej\u0161\u00edm pokoji nahlas pov\u00edd\u00e1 s\u00e1m pro sebe. \u0160el za n\u00edm a\u00a0konfrontoval ho s\u00a0t\u00edm, \u017ee ur\u010dit\u011b nebere pot\u0159ebn\u00e9 l\u00e9ky. \u201eStra\u0161n\u011b se roz\u010d\u00edlil\u2026Byl sprost\u00fd. Ne\u010dekal jsem to, pra\u0161til m\u011b p\u011bst\u00ed do oka,\u201c l\u00ed\u010dil po\u0161kozen\u00fd.<\/p>\n<p><a data-dot=\"atm-link\" target=\"_self\" href=\"https:\/\/www.novinky.cz\/clanek\/krimi-bratra-ubodal-otce-tezce-zranil-mlady-muz-stoji-pred-soudem-jen-kvuli-opilstvi-40584636\" class=\"c_I\" rel=\"nofollow noopener\"><img fetchpriority=\"high\" height=\"1080\" width=\"1920\" src=\"https:\/\/www.europesays.com\/cz\/wp-content\/uploads\/2026\/09\/muz-soud-plzen.jpeg\" loading=\"eager\" decoding=\"sync\" class=\"c_t c_r\"\/><\/a><\/p>\n<p class=\"c_bB\">D\u00e1le uvedl, \u017ee syn m\u011bl dlouhodob\u011b probl\u00e9my s\u00a0drogami, bral pervitin, kv\u016fli \u010demu\u017e se u\u00a0n\u011bj v\u00a0minulosti objevily halucinace a\u00a0skon\u010dil na psychiatrii. \u201eJako kdyby se prom\u011bnil v\u00a0n\u011bjakou zr\u016fdu. M\u011bl \u00fapln\u011b jin\u00fd v\u00fdraz v\u00a0obli\u010deji. Cht\u011bl m\u011b zab\u00edt,\u201c vracel se ke krvav\u00e9mu konfliktu.<\/p>\n<p class=\"c_bB\">Dev\u011btadvacetilet\u00fd mu\u017e n\u00e1sledn\u011b na otce za\u00fato\u010dil dv\u011bma kuchy\u0148sk\u00fdmi no\u017ei. \u201eM\u00e1chal rukama jako zb\u011bsil\u00fd,\u201c pokra\u010doval po\u0161kozen\u00fd. Podle spisu se do incidentu vm\u00edsil druh\u00fd syn, jen\u017e \u00fatok nep\u0159e\u017eil.<\/p>\n<p class=\"c_bB\">Matka sourozenc\u016f rovn\u011b\u017e necht\u011bla v\u00a0\u00fater\u00fd p\u0159ed soudem vypov\u00eddat, \u00fadajn\u011b si nic z\u00a0inkriminovan\u00e9ho dne nevybavuje. V\u00a0p\u0159\u00edpravn\u00e9m \u0159\u00edzen\u00ed se v\u0161ak k\u00a0ud\u00e1losti vyj\u00e1d\u0159ila. <\/p>\n<p class=\"c_bB\">Podle \u017eeny nic nenasv\u011bd\u010dovalo tomu, \u017ee se bl\u00ed\u017e\u00ed ne\u0161t\u011bst\u00ed. \u201eSynov\u00e9 si pov\u00eddali, sm\u00e1li se spolu,\u201c zm\u00ednila. Pozd\u011bji do\u0161lo ke konfliktu. \u201eVzal no\u017ee a\u00a0za\u010dal jimi bodat. P\u0159esko\u010dilo mu, dodnes to nech\u00e1pu,\u201c shrnula b\u011bsn\u011bn\u00ed \u017eena, kter\u00e1 vyv\u00e1zla zcela bez zran\u011bn\u00ed. Jej\u00ed man\u017eel jako z\u00e1zrakem p\u0159e\u017eil.<\/p>\n<p class=\"c_bB\">Ob\u017ealovan\u00e9mu, jen\u017e nepracoval a\u00a0\u017eivili ho rodi\u010de, navrhuje st\u00e1tn\u00ed z\u00e1stupce \u0161estilet\u00e9 v\u011bzen\u00ed a\u00a0zabezpe\u010dovac\u00ed detenci. Soud bude pokra\u010dovat v\u00fdslechem znalc\u016f. <\/p>\n<p><a data-dot=\"atm-link\" target=\"_self\" href=\"https:\/\/www.novinky.cz\/clanek\/krimi-matka-mu-vycitala-ze-pije-a-nema-praci-mladik-ji-ubodal-dostal-12-let-40589971\" class=\"c_I\" rel=\"nofollow noopener\"><img height=\"1080\" width=\"1920\" src=\"https:\/\/www.europesays.com\/cz\/wp-content\/uploads\/2026\/09\/soud-vrazda-matka.jpeg\" loading=\"eager\" decoding=\"sync\" class=\"c_t c_r\"\/><\/a><\/p>\n","protected":false},"excerpt":{"rendered":"U\u017e\u00edval toti\u017e pervitin a\u00a0projevila se u\u00a0n\u011bj toxick\u00e1 psych\u00f3za, tak\u017ee nemohl ovl\u00e1dat sv\u00e9 jedn\u00e1n\u00ed. K\u00a0rodinn\u00e9 trag\u00e9dii, je\u017e se stala&hellip;\n","protected":false},"author":2,"featured_media":198845,"comment_status":"","ping_status":"","sticky":false,"template":"","format":"standard","meta":{"footnotes":"","_share_on_mastodon":"0"},"categories":[7],"tags":[43,42,41,40,45575,2117,313,1863,206,651,258,1644],"class_list":["post-198844","post","type-post","status-publish","format-standard","has-post-thumbnail","category-cesko","tag-ceska-republika","tag-cesko","tag-czech-republic","tag-czechia","tag-detence","tag-drogy","tag-otec","tag-plzen","tag-pokus-o-vrazdu","tag-rodina","tag-soud","tag-vrazda"],"share_on_mastodon":{"url":"https:\/\/pubeurope.com\/@cz\/117197093675489910","error":""},"_links":{"self":[{"href":"https:\/\/www.europesays.com\/cz\/wp-json\/wp\/v2\/posts\/198844","targetHints":{"allow":["GET"]}}],"collection":[{"href":"https:\/\/www.europesays.com\/cz\/wp-json\/wp\/v2\/posts"}],"about":[{"href":"https:\/\/www.europesays.com\/cz\/wp-json\/wp\/v2\/types\/post"}],"author":[{"embeddable":true,"href":"https:\/\/www.europesays.com\/cz\/wp-json\/wp\/v2\/users\/2"}],"replies":[{"embeddable":true,"href":"https:\/\/www.europesays.com\/cz\/wp-json\/wp\/v2\/comments?post=198844"}],"version-history":[{"count":0,"href":"https:\/\/www.europesays.com\/cz\/wp-json\/wp\/v2\/posts\/198844\/revisions"}],"wp:featuredmedia":[{"embeddable":true,"href":"https:\/\/www.europesays.com\/cz\/wp-json\/wp\/v2\/media\/198845"}],"wp:attachment":[{"href":"https:\/\/www.europesays.com\/cz\/wp-json\/wp\/v2\/media?parent=198844"}],"wp:term":[{"taxonomy":"category","embeddable":true,"href":"https:\/\/www.europesays.com\/cz\/wp-json\/wp\/v2\/categories?post=198844"},{"taxonomy":"post_tag","embeddable":true,"href":"https:\/\/www.europesays.com\/cz\/wp-json\/wp\/v2\/tags?post=198844"}],"curies":[{"name":"wp","href":"https:\/\/api.w.org\/{rel}","templated":true}]}}