{"id":198908,"date":"2026-09-01T19:08:34","date_gmt":"2026-09-01T19:08:34","guid":{"rendered":"https:\/\/www.europesays.com\/cz\/198908\/"},"modified":"2026-09-01T19:08:34","modified_gmt":"2026-09-01T19:08:34","slug":"opilec-ukradl-letadlo-a-miril-k-jaderne-elektrarne-madarske-gripeny-ho-srazily-do-pole","status":"publish","type":"post","link":"https:\/\/www.europesays.com\/cz\/198908\/","title":{"rendered":"Opilec ukradl letadlo a m\u00ed\u0159il k jadern\u00e9 elektr\u00e1rn\u011b. Ma\u010farsk\u00e9 Gripeny ho \u201esrazily\u201c do pole"},"content":{"rendered":"<p>\n                        O v\u00edkendu do\u0161lo v Ma\u010farsku k nezvykl\u00e9mu incidentu: opil\u00fd mu\u017e se tam zmocnil letadla a vzl\u00e9tl, vydali se v\u0161ak za n\u00edm piloti st\u00edha\u010dek a provinilce donutili p\u0159ist\u00e1t na slune\u010dnicov\u00e9m poli. Ani pot\u00e9 se v\u0161ak nevzdal a pokusil se ukr\u00e1st motorov\u00e9 vozidlo proj\u00ed\u017ed\u011bj\u00edc\u00edho \u0159idi\u010de, popsal web Yahoo News.\n                    <\/p>\n<p>Opil\u00fd mu\u017e vzl\u00e9tl v sobotu s letadlem typu Cessna 172 z leti\u0161t\u011b v Kalocse. N\u00e1sledovala vysokorychlostn\u00ed honi\u010dka, p\u0159i kter\u00e9 pilota v ukraden\u00e9m letadle pron\u00e1sledovala dv\u011b st\u00edhac\u00ed letadla. Honi\u010dka podle m\u00edstn\u00edch \u00fa\u0159ad\u016f skon\u010dila jeho nouzov\u00fdm p\u0159ist\u00e1n\u00edm na slune\u010dnicov\u00e9m poli, <a target=\"_blank\" href=\"https:\/\/people.com\/drunk-pilot-steals-plane-prompts-fighter-jet-chase-near-nuclear-plant-12073749\" rel=\"nofollow noopener\">uvedla platforma People.<\/a><\/p>\n<p>\u010cT\u011aTE TAK\u00c9: <a target=\"_blank\" href=\"https:\/\/cnn.iprima.cz\/pro-lajky-az-na-hranici-smrti-novy-trend-mladych-nahani-hruzu-520148\" rel=\"nofollow noopener\">Pro lajky a\u017e na hranici smrti. Brit\u00e1nii d\u011bs\u00ed nov\u00fd trend mlad\u00fdch \u0159idi\u010d\u016f<\/a><\/p>\n<p>Sv\u016fj let mu\u017e uskute\u010dnil pobl\u00ed\u017e jadern\u00e9 elektr\u00e1rny Paks \u2013 jedin\u00e9ho komer\u010dn\u00edho jadern\u00e9ho za\u0159\u00edzen\u00ed v zemi. Podle ma\u010farsk\u00e9ho ministra obrany Romulusze Ruszina-Szendiho radary letadlo okam\u017eit\u011b zachytily a do akce se vydala dvojice st\u00edhac\u00edch letoun\u016f Gripen. Mu\u017e pot\u00e9 s letadlem nouzov\u011b p\u0159ist\u00e1l\u200b v oblasti Gerjen, kam za n\u00edm dorazil i z\u00e1chrann\u00fd vrtuln\u00edk a pozemn\u00ed jednotky z\u00e1chran\u00e1\u0159\u016f.<\/p>\n<p lang=\"en\" dir=\"ltr\">Hungarian authorities detained a pilot who allegedly stole a plane while intoxicated. Fighter jets scrambled before he made an emergency landing in a sunflower field and attempted to flee. <a href=\"https:\/\/t.co\/Mv6IRZMEvO\" rel=\"nofollow\">pic.twitter.com\/Mv6IRZMEvO<\/a><\/p>\n<p>\u2014 Open Source Intel (@Osint613) <a href=\"https:\/\/x.com\/Osint613\/status\/2094069567240695920?ref_src=twsrc%5Etfw\" rel=\"nofollow\">August 30, 2026<\/a><\/p>\n<p>Mu\u017e po p\u0159ist\u00e1n\u00ed utrp\u011bl lehk\u00e1 zran\u011bn\u00ed, nehodlal se v\u010das vzd\u00e1t. \u201eV lehce zmaten\u00e9m stavu\u201c vb\u011bhl na silnici, kde zastavil proj\u00ed\u017ed\u011bj\u00edc\u00ed \u0159idi\u010d, aby mu pomohl. Mu\u017e v\u0161ak pomoc nevy\u017eadoval, m\u00edsto toho mu cht\u011bl ukr\u00e1st auto, v tom mu ale zabr\u00e1nili policist\u00e9. Ti nyn\u00ed vy\u0161et\u0159uj\u00ed, zda nebyl \u0159idi\u010d i pod vlivem drog. Proti mu\u017ei byla zah\u00e1jena \u0159\u00edzen\u00ed kv\u016fli obvin\u011bn\u00ed z neopr\u00e1vn\u011bn\u00e9ho zabaven\u00ed vozidla a dal\u0161\u00edch trestn\u00fdch \u010din\u016f, dodal <a target=\"_blank\" href=\"https:\/\/www.yahoo.com\/news\/world\/articles\/pilot-drunken-joyride-stolen-plane-103027948.html?guccounter=1\" rel=\"nofollow noopener\">web Yahoo News.<\/a><\/p>\n<p>MOHLO V\u00c1M UNIKNOUT: <a target=\"_blank\" href=\"https:\/\/cnn.iprima.cz\/delnici-uvizli-v-tunelech-nepalskych-elektraren-zachranar-popsal-jak-po-povodni-prezivaji-520616\" rel=\"nofollow noopener\">D\u011bln\u00edci uv\u00edzli v tunelech nep\u00e1lsk\u00fdch elektr\u00e1ren. Z\u00e1chran\u00e1\u0159 popsal, jak po povodni p\u0159e\u017e\u00edvaj\u00ed<\/a><\/p>\n<p class=\"!text-semibold-14-14 !text-black mb-0 mt-2\">\n                Eva vystudovala mezin\u00e1rodn\u00ed vztahy na Metropolitn\u00ed univerzit\u011b v Praze a absolvovala st\u00e1\u017ee zejm\u00e9na s diplomatick\u00fdm zam\u011b\u0159en\u00edm. Zaj\u00edmaj\u00ed ji t\u00e9mata v r\u00e1mci \u010desk\u00e9 i mezin\u00e1rodn\u00ed politick\u00e9 sc\u00e9ny, zejm\u00e9na vztahy v Evrop\u011b a transatlantick\u00e1 spolupr\u00e1ce. Sleduje v\u00fdvoj sv\u011btov\u00fdch i lok\u00e1ln\u00edch konflikt\u016f a v\u011bnuje se tak\u00e9 v\u00fdvoji \u010desk\u00e9 politiky. Mimo politiku r\u00e1da p\u0159isp\u011bje i do kulturn\u00ed rubriky \u010di do sekce krimi. Po pr\u00e1ci u\u010d\u00ed j\u00f3gu nebo jde na st\u011bnu, \u010dte detektivky a nejl\u00edp se c\u00edt\u00ed v p\u0159\u00edrod\u011b. Do redakce CNN Prima NEWS se p\u0159idala v srpnu 2026.\n            <\/p>\n<p>            <script async src=\"https:\/\/platform.twitter.com\/widgets.js\" charset=\"utf-8\"><\/script><\/p>\n","protected":false},"excerpt":{"rendered":"O v\u00edkendu do\u0161lo v Ma\u010farsku k nezvykl\u00e9mu incidentu: opil\u00fd mu\u017e se tam zmocnil letadla a vzl\u00e9tl, vydali se&hellip;\n","protected":false},"author":2,"featured_media":198909,"comment_status":"","ping_status":"","sticky":false,"template":"","format":"standard","meta":{"footnotes":"","_share_on_mastodon":"0"},"categories":[11],"tags":[45587,12484,40789,41607,7484,24110,796,45586,7485,18466,1231,8225,54,1230,53,52,45585],"class_list":["post-198908","post","type-post","status-publish","format-standard","has-post-thumbnail","category-svet","tag-cessna-172","tag-dopravni-nehoda","tag-gripen","tag-jaderna-elektrarna-paks","tag-katastrofy","tag-letecka-nehoda","tag-madarsko","tag-motorove-vozidlo","tag-nehody-a-mimoradne-udalosti","tag-nouzove-pristani","tag-pravo-a-spravedlnost","tag-stihacka","tag-svet","tag-trestna-cinnost","tag-world","tag-world-news","tag-yahoo-news"],"share_on_mastodon":{"url":"https:\/\/pubeurope.com\/@cz\/117197360867692871","error":""},"_links":{"self":[{"href":"https:\/\/www.europesays.com\/cz\/wp-json\/wp\/v2\/posts\/198908","targetHints":{"allow":["GET"]}}],"collection":[{"href":"https:\/\/www.europesays.com\/cz\/wp-json\/wp\/v2\/posts"}],"about":[{"href":"https:\/\/www.europesays.com\/cz\/wp-json\/wp\/v2\/types\/post"}],"author":[{"embeddable":true,"href":"https:\/\/www.europesays.com\/cz\/wp-json\/wp\/v2\/users\/2"}],"replies":[{"embeddable":true,"href":"https:\/\/www.europesays.com\/cz\/wp-json\/wp\/v2\/comments?post=198908"}],"version-history":[{"count":0,"href":"https:\/\/www.europesays.com\/cz\/wp-json\/wp\/v2\/posts\/198908\/revisions"}],"wp:featuredmedia":[{"embeddable":true,"href":"https:\/\/www.europesays.com\/cz\/wp-json\/wp\/v2\/media\/198909"}],"wp:attachment":[{"href":"https:\/\/www.europesays.com\/cz\/wp-json\/wp\/v2\/media?parent=198908"}],"wp:term":[{"taxonomy":"category","embeddable":true,"href":"https:\/\/www.europesays.com\/cz\/wp-json\/wp\/v2\/categories?post=198908"},{"taxonomy":"post_tag","embeddable":true,"href":"https:\/\/www.europesays.com\/cz\/wp-json\/wp\/v2\/tags?post=198908"}],"curies":[{"name":"wp","href":"https:\/\/api.w.org\/{rel}","templated":true}]}}