{"id":199008,"date":"2026-09-01T20:54:24","date_gmt":"2026-09-01T20:54:24","guid":{"rendered":"https:\/\/www.europesays.com\/cz\/199008\/"},"modified":"2026-09-01T20:54:24","modified_gmt":"2026-09-01T20:54:24","slug":"bile-rakve-a-zaplava-kvetin-most-se-loucil-s-maturantkami-ktere-tragicky-zahynuly-pri-nehode","status":"publish","type":"post","link":"https:\/\/www.europesays.com\/cz\/199008\/","title":{"rendered":"B\u00edl\u00e9 rakve a z\u00e1plava kv\u011btin. Most se lou\u010dil s maturantkami, kter\u00e9 tragicky zahynuly p\u0159i nehod\u011b"},"content":{"rendered":"<p>\n                        Rodina a kamar\u00e1di se rozlou\u010dili s Andreou a Lili, kter\u00e9 tragicky zahynuly p\u0159i dopravn\u00ed nehod\u011b u Mari\u00e1nsk\u00fdch Rad\u010dic na Mostecku. Jejich auto \u010deln\u011b srazil mlad\u00edk v siln\u00e9m voze n\u011bmeck\u00e9 v\u00fdroby, kter\u00fd podle sv\u011bdk\u016f z dosud nezji\u0161t\u011bn\u00fdch p\u0159\u00ed\u010din vjel do protism\u011bru. Dv\u011b d\u00edvky ve v\u011bku 18 a 19 let i p\u0159es rychlou pomoc sv\u011bdk\u016f a z\u00e1chran\u00e1\u0159\u016f zem\u0159ely na m\u00edst\u011b, dal\u0161\u00ed \u010dty\u0159i \u00fa\u010dastn\u00edci nehody se zranili.\n                    <\/p>\n<p>Smute\u010dn\u00ed s\u00ed\u0148 na h\u0159bitov\u011b v Most\u011b zaplnily podle \u0161t\u00e1bu Krimi zpr\u00e1v asi dv\u011b stovky lid\u00ed. Report\u00e9r Kristi\u00e1n \u0160ujan se jako jedin\u00fd z\u00e1stupce m\u00e9di\u00ed mohl po domluv\u011b s rodinou pod\u00edvat p\u0159ed za\u010d\u00e1tkem smute\u010dn\u00edho rozlou\u010den\u00ed dovnit\u0159.<\/p>\n<p>\u010cT\u011aTE TAK\u00c9: <a target=\"_blank\" href=\"https:\/\/cnn.iprima.cz\/ceskeho-turistu-v-male-fatre-zbili-kvuli-dalmatinovi-zadal-majitele-at-psa-uvaze-520659\" rel=\"nofollow noopener\">\u010cesk\u00e9ho turistu zbili v Mal\u00e9 Fat\u0159e kv\u016fli dalmatinovi. \u017d\u00e1dal majitele, a\u0165 psa uv\u00e1\u017ee<\/a><\/p>\n<p>Dv\u011b maturantky Lili a Andrejka spolu vyr\u016fstaly cel\u00fd \u017eivot, a proto i jejich b\u00edl\u00e9 rakve spo\u010dinuly na vyv\u00fd\u0161en\u00e9m katafalku vedle sebe. Zdrcen\u00ed p\u0159\u00edbuzn\u00ed a kamar\u00e1di m\u00edsto posledn\u00edho rozlou\u010den\u00ed zaplnili kv\u011btinami i v\u011bnci se srdceryvn\u00fdmi vzkazy. Nechyb\u011bly ani \u010dernob\u00edl\u00e9 fotografie obou d\u00edvek.<\/p>\n<p>Co se p\u0159esn\u011b ve\u010der 22. srpna na silnici nedaleko Mari\u00e1nsk\u00fdch Rad\u010dic stalo, zji\u0161\u0165uj\u00ed policist\u00e9. Podle dosavadn\u00edch informac\u00ed 19let\u00fd mlad\u00edk v siln\u00e9m voze n\u011bmeck\u00e9 v\u00fdroby podle kriminalist\u016f za zat\u00e1\u010dkou p\u0159ejel do protism\u011bru a smetl auto s mlad\u00fdmi d\u00edvkami. I p\u0159es rychlou pomoc sv\u011bdk\u016f a z\u00e1chran\u00e1\u0159\u016f Lili a Andrejka zem\u0159ely na m\u00edst\u011b, t\u0159et\u00ed kamar\u00e1dka skon\u010dila ve v\u00e1\u017en\u00e9m stavu v nemocnici, stejn\u011b jako dal\u0161\u00ed mlad\u00fd mu\u017e.<\/p>\n<p class=\"intro-title-mobile\">\n        \u010ct\u011bte tak\u00e9\n    <\/p>\n<p>        <a href=\"https:\/\/cnn.iprima.cz\/zena-bodala-velkymi-nozi-do-nahodnych-lidi-policie-ji-zastrelila-incident-zachytilo-video-520625\" class=\"image-link\" rel=\"nofollow noopener\" target=\"_blank\"><\/p>\n<p>            <img decoding=\"async\" loading=\"lazy\" class=\"image\" src=\"https:\/\/www.europesays.com\/cz\/wp-content\/uploads\/2026\/09\/2eddf94e463a402b4768448ca840c27b.jpg\" alt=\"Policie v New Yorku zast\u0159elila \u017eenu, kter\u00e1 pobodala dal\u0161\u00ed osobu.\"\/><\/p>\n<p>            <\/a><\/p>\n<p class=\"intro-title-desktop\">\n            \u010ct\u011bte tak\u00e9\n        <\/p>\n<p>                <a href=\"https:\/\/cnn.iprima.cz\/zena-bodala-velkymi-nozi-do-nahodnych-lidi-policie-ji-zastrelila-incident-zachytilo-video-520625\" class=\"title-link\" rel=\"nofollow noopener\" target=\"_blank\"><\/p>\n<p class=\"title\">\n                \u017dena bodala na Times Square do n\u00e1hodn\u00fdch lid\u00ed, policie ji zast\u0159elila. Incident zachytilo video\n            <\/p>\n<p>        <\/a><\/p>\n<p>                                                                                                1. z\u00e1\u0159 2026, 06:43<\/p>\n<p>                6 min \u010dten\u00ed<\/p>\n<p>\u201eJedna z osob ji\u017e byla propu\u0161t\u011bna do dom\u00e1c\u00edho l\u00e9\u010den\u00ed, druh\u00e1 osoba v\u010dera podstoupila \u00fasp\u011b\u0161n\u00fd opera\u010dn\u00ed z\u00e1krok,\u201c uvedla pro CNN Prima NEWS mluv\u010d\u00ed Krajsk\u00e9 zdravotn\u00ed Miloslava Ku\u010derov\u00e1. Po nehod\u011b skon\u010dili v nemocnici tak\u00e9 dal\u0161\u00ed dva \u00fa\u010dastn\u00edci nehody, jejich zran\u011bn\u00ed ale nebyla v\u00e1\u017en\u00e1.<\/p>\n<p>\u0160of\u00e9r podez\u0159el\u00fd z toho, \u017ee nehodu zavinil, z\u016fst\u00e1v\u00e1 na svobod\u011b. Podle sv\u011bdk\u016f pravd\u011bpodobn\u011b nezvl\u00e1dl \u0159\u00edzen\u00ed. \u201eP\u0159\u00edpad tragick\u00e9 nehody prov\u011b\u0159ujeme pro podez\u0159en\u00ed ze sp\u00e1ch\u00e1n\u00ed usmrcen\u00ed z nedbalosti. Ke zji\u0161t\u011bn\u00ed p\u0159\u00ed\u010din dopravn\u00ed nehody si kriminalist\u00e9 vy\u017e\u00e1dali zpracov\u00e1n\u00ed znaleck\u00fdch posudk\u016f,\u201c sd\u011blil mluv\u010d\u00ed mosteck\u00e9 policie V\u00e1clav Krieger. Pokud pravd\u011bpodobn\u00e9ho vin\u00edka nehody policist\u00e9 obvin\u00ed a st\u00e1tn\u00ed z\u00e1stupce jeho p\u0159\u00edpad po\u017eene k soudu, hroz\u00ed mu a\u017e t\u0159i roky v\u011bzen\u00ed.<\/p>\n<p>MOHLO V\u00c1M UNIKNOUT: <a target=\"_blank\" href=\"https:\/\/cnn.iprima.cz\/vzniceni-zeny-na-bulovce-resi-policie-dozvedela-se-o-nem-az-z-medii-matka-je-silne-popalena-520609\" rel=\"nofollow noopener\">Vzn\u00edcen\u00ed \u017eeny na Bulovce \u0159e\u0161\u00ed policie, dozv\u011bd\u011bla se o n\u011bm a\u017e z m\u00e9di\u00ed. Matka je siln\u011b pop\u00e1len\u00e1<\/a><\/p>\n<p class=\"!text-semibold-14-14 !text-black mb-0 mt-2\">\n                Je krajsk\u00fdm report\u00e9rem pro \u00dasteck\u00fd kraj a autorem \u010dl\u00e1nk\u016f on-line redakce CNN Prima NEWS.\n            <\/p>\n","protected":false},"excerpt":{"rendered":"Rodina a kamar\u00e1di se rozlou\u010dili s Andreou a Lili, kter\u00e9 tragicky zahynuly p\u0159i dopravn\u00ed nehod\u011b u Mari\u00e1nsk\u00fdch Rad\u010dic&hellip;\n","protected":false},"author":2,"featured_media":199009,"comment_status":"","ping_status":"","sticky":false,"template":"","format":"standard","meta":{"footnotes":"","_share_on_mastodon":"0"},"categories":[7],"tags":[43,42,41,40,12484,1176,7484,401,31781,511,7485,41365,4574,11635,39447,12483,649,2132],"class_list":["post-199008","post","type-post","status-publish","format-standard","has-post-thumbnail","category-cesko","tag-ceska-republika","tag-cesko","tag-czech-republic","tag-czechia","tag-dopravni-nehoda","tag-havarie","tag-katastrofy","tag-kvetiny","tag-mala-fatra","tag-most","tag-nehody-a-mimoradne-udalosti","tag-okres-most","tag-povoden","tag-rakev","tag-silnicni-dopravni-nehoda","tag-silnicni-nehoda","tag-spolecnost","tag-vyroba"],"share_on_mastodon":{"url":"https:\/\/pubeurope.com\/@cz\/117197777933938903","error":""},"_links":{"self":[{"href":"https:\/\/www.europesays.com\/cz\/wp-json\/wp\/v2\/posts\/199008","targetHints":{"allow":["GET"]}}],"collection":[{"href":"https:\/\/www.europesays.com\/cz\/wp-json\/wp\/v2\/posts"}],"about":[{"href":"https:\/\/www.europesays.com\/cz\/wp-json\/wp\/v2\/types\/post"}],"author":[{"embeddable":true,"href":"https:\/\/www.europesays.com\/cz\/wp-json\/wp\/v2\/users\/2"}],"replies":[{"embeddable":true,"href":"https:\/\/www.europesays.com\/cz\/wp-json\/wp\/v2\/comments?post=199008"}],"version-history":[{"count":0,"href":"https:\/\/www.europesays.com\/cz\/wp-json\/wp\/v2\/posts\/199008\/revisions"}],"wp:featuredmedia":[{"embeddable":true,"href":"https:\/\/www.europesays.com\/cz\/wp-json\/wp\/v2\/media\/199009"}],"wp:attachment":[{"href":"https:\/\/www.europesays.com\/cz\/wp-json\/wp\/v2\/media?parent=199008"}],"wp:term":[{"taxonomy":"category","embeddable":true,"href":"https:\/\/www.europesays.com\/cz\/wp-json\/wp\/v2\/categories?post=199008"},{"taxonomy":"post_tag","embeddable":true,"href":"https:\/\/www.europesays.com\/cz\/wp-json\/wp\/v2\/tags?post=199008"}],"curies":[{"name":"wp","href":"https:\/\/api.w.org\/{rel}","templated":true}]}}