{"id":199044,"date":"2026-09-01T21:35:23","date_gmt":"2026-09-01T21:35:23","guid":{"rendered":"https:\/\/www.europesays.com\/cz\/199044\/"},"modified":"2026-09-01T21:35:23","modified_gmt":"2026-09-01T21:35:23","slug":"v-izraeli-prestalo-fungovat-pet-ze-sesti-zarizeni-na-odsolovani-vody","status":"publish","type":"post","link":"https:\/\/www.europesays.com\/cz\/199044\/","title":{"rendered":"V Izraeli p\u0159estalo fungovat p\u011bt ze \u0161esti za\u0159\u00edzen\u00ed na odsolov\u00e1n\u00ed vody"},"content":{"rendered":"<p>  <a href=\"https:\/\/aa.ecn.cz\/img_upload\/e6ffb6c50bc1424ab10ecf09e063cd63\/depositphotos_73386579_s.jpg\" rel=\"lytebox[fotky] nofollow noopener\" title=\"Za\u0159\u00edzen\u00ed pro reverzn\u00ed osm\u00f3zu.\" data-desc=\"&lt;strong&gt;Za\u0159\u00edzen\u00ed pro reverzn\u00ed osm\u00f3zu.&lt;\/strong&gt;&lt;br&gt; &lt;div class=&quot;foto-autor&quot;&gt;&lt;span&gt;Zdroj |&lt;\/span&gt;   &lt;a href=&quot;https:\/\/cz.depositphotos.com\/&quot;&gt;Depositphotos&lt;\/a&gt;&lt;\/div&gt;\" target=\"_blank\">&#13;<br \/>\n    <img decoding=\"async\" src=\"https:\/\/www.europesays.com\/cz\/wp-content\/uploads\/2026\/09\/depositphotos_73386579_s.jpg!w=666.jpg\" title=\"Za\u0159\u00edzen\u00ed pro reverzn\u00ed osm\u00f3zu.\" alt=\"Za\u0159\u00edzen\u00ed pro reverzn\u00ed osm\u00f3zu.\" loading=\"lazy\" width=\"666\" border=\"0\"\/>&#13;<br \/>\n&#13;<br \/>\n  <\/a><br \/>\n  Za\u0159\u00edzen\u00ed pro reverzn\u00ed osm\u00f3zu.<\/p>\n<p>V Izraeli p\u0159estalo fungovat p\u011bt ze \u0161esti celost\u00e1tn\u00edch za\u0159\u00edzen\u00ed na odsolov\u00e1n\u00ed mo\u0159sk\u00e9 vody, kter\u00e1 pokr\u00fdvaj\u00ed velkou \u010d\u00e1st spot\u0159eby pitn\u00e9 vody v zemi. Podle izraelsk\u00fdch \u00fa\u0159ad\u016f za p\u0159eru\u0161en\u00edm provozu m\u016f\u017ee velk\u00e1 zakalenost mo\u0159sk\u00e9 vody zp\u016fsoben\u00e1 meteorologick\u00fdmi podm\u00ednkami. \u00da\u0159ady nechaly zav\u00e9st omezen\u00ed nap\u0159\u00edklad v zem\u011bd\u011blstv\u00ed a \u00fasporn\u00e1 opat\u0159en\u00ed na\u0159\u00eddila i radnice v Tel Avivu.<\/p>\n<p>Podle serveru The Times of Israel \u00fa\u0159ady pop\u00edraj\u00ed, \u017ee by probl\u00e9my zp\u016fsobily kybernetick\u00e9 \u00fatoky. Zastaven\u00ed provozu vysv\u011btlily nadm\u011brn\u00fdm zakalen\u00edm mo\u0159sk\u00e9 vody. Tu tak nelze do\u010dasn\u011b pou\u017e\u00edvat z obav, \u017ee by jej\u00ed zpracov\u00e1n\u00ed po\u0161kodilo filtra\u010dn\u00ed syst\u00e9my. Provozovatel\u00e9 za\u010dali odstavovat za\u0159\u00edzen\u00ed ji\u017e o v\u00edkendu, o stavu ale informovali a\u017e dnes.<\/p>\n<p>Server The Times of Israel poukazuje na to, \u017ee zpracovan\u00e1 mo\u0159sk\u00e1 voda pokr\u00fdv\u00e1 a\u017e 80 procent spot\u0159eby pitn\u00e9 vody v zemi. Za\u0159\u00edzen\u00ed na odsolov\u00e1n\u00ed maj\u00ed tak velk\u00fd v\u00fdznam pro obyvatelstvo i ekonomiku. Vl\u00e1da chce zah\u00e1jit p\u0159\u00ed\u0161t\u00ed rok v\u00fdstavbu dal\u0161\u00edho, sedm\u00e9ho celost\u00e1tn\u00edho za\u0159\u00edzen\u00ed.<\/p>\n<p>V\u00fdpadek v dod\u00e1vk\u00e1ch se izraelsk\u00e9 \u00fa\u0159ady sna\u017e\u00ed pokr\u00fdt z jin\u00fdch zdroj\u016f. M\u00edstn\u00ed \u00fa\u0159ady na jihu Izraele pak na\u0159\u00eddily omezen\u00ed nap\u0159\u00edklad v zem\u011bd\u011blstv\u00ed. Radnice v Tel Avivu vyzvala k redukci spot\u0159eby vody pro zbytn\u00e9 \u00fa\u010dely, nap\u0159\u00edklad zal\u00e9v\u00e1n\u00ed okrasn\u00e9 zelen\u011b \u010di pro sprchy na pl\u00e1\u017e\u00edch. Bez v\u011bt\u0161\u00edch omezen\u00ed je pak situace na severu Izraele, kde za\u0159\u00edzen\u00ed na odsolov\u00e1n\u00ed nemaj\u00ed v distribuci vody tak velkou v\u00e1hu, p\u00ed\u0161e server Ynet News.<\/p>\n<p>      reklama<\/p>\n","protected":false},"excerpt":{"rendered":"&#13; &#13; &#13; Za\u0159\u00edzen\u00ed pro reverzn\u00ed osm\u00f3zu. V Izraeli p\u0159estalo fungovat p\u011bt ze \u0161esti celost\u00e1tn\u00edch za\u0159\u00edzen\u00ed na odsolov\u00e1n\u00ed&hellip;\n","protected":false},"author":2,"featured_media":199045,"comment_status":"","ping_status":"","sticky":false,"template":"","format":"standard","meta":{"footnotes":"","_share_on_mastodon":"0"},"categories":[11],"tags":[3425,1977,514,1976,3217,150,159,1978,1445,54,3215,53,52,177],"class_list":["post-199044","post","type-post","status-publish","format-standard","has-post-thumbnail","category-svet","tag-asie","tag-biodiverzita","tag-doprava","tag-ekologie","tag-ekopolitika","tag-energetika","tag-klima","tag-krajina","tag-priroda","tag-svet","tag-voda","tag-world","tag-world-news","tag-zpravodajstvi"],"share_on_mastodon":{"url":"https:\/\/pubeurope.com\/@cz\/117197939135821345","error":""},"_links":{"self":[{"href":"https:\/\/www.europesays.com\/cz\/wp-json\/wp\/v2\/posts\/199044","targetHints":{"allow":["GET"]}}],"collection":[{"href":"https:\/\/www.europesays.com\/cz\/wp-json\/wp\/v2\/posts"}],"about":[{"href":"https:\/\/www.europesays.com\/cz\/wp-json\/wp\/v2\/types\/post"}],"author":[{"embeddable":true,"href":"https:\/\/www.europesays.com\/cz\/wp-json\/wp\/v2\/users\/2"}],"replies":[{"embeddable":true,"href":"https:\/\/www.europesays.com\/cz\/wp-json\/wp\/v2\/comments?post=199044"}],"version-history":[{"count":0,"href":"https:\/\/www.europesays.com\/cz\/wp-json\/wp\/v2\/posts\/199044\/revisions"}],"wp:featuredmedia":[{"embeddable":true,"href":"https:\/\/www.europesays.com\/cz\/wp-json\/wp\/v2\/media\/199045"}],"wp:attachment":[{"href":"https:\/\/www.europesays.com\/cz\/wp-json\/wp\/v2\/media?parent=199044"}],"wp:term":[{"taxonomy":"category","embeddable":true,"href":"https:\/\/www.europesays.com\/cz\/wp-json\/wp\/v2\/categories?post=199044"},{"taxonomy":"post_tag","embeddable":true,"href":"https:\/\/www.europesays.com\/cz\/wp-json\/wp\/v2\/tags?post=199044"}],"curies":[{"name":"wp","href":"https:\/\/api.w.org\/{rel}","templated":true}]}}