{"id":199048,"date":"2026-09-01T21:37:11","date_gmt":"2026-09-01T21:37:11","guid":{"rendered":"https:\/\/www.europesays.com\/cz\/199048\/"},"modified":"2026-09-01T21:37:11","modified_gmt":"2026-09-01T21:37:11","slug":"houbarske-zne-v-cesku-musel-jsem-do-lesa-s-koleckem-rika-muz-mapa-ukazuje-kde-vsude-rostou","status":"publish","type":"post","link":"https:\/\/www.europesays.com\/cz\/199048\/","title":{"rendered":"Houba\u0159sk\u00e9 \u017en\u011b v \u010cesku: Musel jsem do lesa s kole\u010dkem, \u0159\u00edk\u00e1 mu\u017e. MAPA ukazuje, kde v\u0161ude rostou"},"content":{"rendered":"<p>\n                        Po velmi chud\u00e9m \u00favodu leto\u0161n\u00ed houba\u0159sk\u00e9 sezony se zd\u00e1, \u017ee se \u010desk\u00e9 lesy v d\u016fsledku studen\u011bj\u0161\u00edho a de\u0161tiv\u00e9ho po\u010das\u00ed kone\u010dn\u011b probudily. Tematick\u00e9 skupiny na Facebooku jsou v posledn\u00edch dnech zcela pln\u00e9 p\u0159\u00edsp\u011bvk\u016f, v nich\u017e se \u010de\u0161t\u00ed houba\u0159i chlub\u00ed vrchovat\u00fdmi ko\u0161\u00edky. Krom\u011b h\u0159ib\u016f za\u010d\u00ednaj\u00ed ve velk\u00e9m r\u016fst tak\u00e9 klouzky, bedly, p\u00fdchavky \u010di kotr\u010de. Ze speci\u00e1ln\u00ed mapy \u010cesk\u00e9ho hydrometeorologick\u00e9ho \u00fastavu (\u010cHM\u00da) vypl\u00fdv\u00e1, \u017ee nejp\u0159\u00edzniv\u011bj\u0161\u00ed podm\u00ednky panuj\u00ed zejm\u00e9na v na\u0161em pohrani\u010d\u00ed.<\/p>\n<p>Zat\u00edmco je\u0161t\u011b p\u0159ed p\u00e1r dny tematick\u00e9 <a target=\"_blank\" href=\"https:\/\/www.facebook.com\/groups\/2524828320935099\" rel=\"nofollow noopener\">houba\u0159sk\u00e9 skupiny na Facebooku<\/a> zely pr\u00e1zdnotou, na p\u0159elomu srpna a z\u00e1\u0159\u00ed se za\u010daly plnit nejr\u016fzn\u011bj\u0161\u00edmi n\u00e1lezy. Lid\u00e9 po cel\u00e9 republice se chlub\u00ed p\u0159ecpan\u00fdmi ko\u0161i hn\u011bd\u00fdch i prav\u00fdch h\u0159ib\u016f, klouzk\u016f, bedel \u010di <a target=\"_blank\" href=\"https:\/\/www.facebook.com\/groups\/2524828320935099\/posts\/28165555959768983\" rel=\"nofollow noopener\">choro\u0161ovit\u00fdch kotr\u010d\u016f<\/a> a v\u011bd\u011bt o sob\u011b d\u00e1vaj\u00ed i lakovky.<\/p>\n<p><a target=\"_blank\" href=\"https:\/\/cnn.iprima.cz\/cesko-zive-sportovni-pocasi-i-tipy-na-akce-z-celeho-ceska-519021\" rel=\"nofollow noopener\">Pod\u00edvejte se \u017dIV\u011a, jak\u00e9 po\u010das\u00ed panuje ve sportovn\u00edch are\u00e1lech po cel\u00e9m \u010cesku<\/a> <\/p>\n<p>Pozornost si vyslou\u017eil tak\u00e9 houba\u0159 z D\u011b\u010d\u00edna, kter\u00fd sesb\u00edral houf p\u00fdchavek obrovsk\u00fdch. M\u00edsto klasick\u00e9ho ko\u0161\u00edku musel pou\u017e\u00edt stavebn\u00ed kole\u010dko. \u201eRuce nesta\u010dily. Nebojte, j\u00e1 se d\u011bl\u00edm. Tohle bych p\u0159ece s\u00e1m ani nesn\u011bdl,\u201c <a target=\"_blank\" href=\"https:\/\/www.facebook.com\/groups\/2524828320935099\/posts\/28167812092876703\" rel=\"nofollow noopener\">okomentoval sv\u016fj \u00falovek<\/a>. \u017de se podm\u00ednky pro sb\u011br hub s p\u0159\u00edchodem z\u00e1\u0159\u00ed v\u00fdrazn\u011b zlep\u0161ily, <a target=\"_blank\" href=\"https:\/\/www.chmi.cz\/namerena-data\/pravdepodobnost-rustu-hub?c=50.0000,15.8258,7.8448&amp;l=kraje,pravdepodobnost-rustu-hub,ZTM\" rel=\"nofollow noopener\">ukazuje i mapa \u010cHM\u00da<\/a>. Ta se v\u011bt\u0161inov\u011b zbarvila do b\u00e9\u017eov\u00e9 barvy, co\u017e znamen\u00e1 st\u0159edn\u00ed pravd\u011bpodobnost r\u016fstu hub.<\/p>\n<p>Houby \u2013 varov\u00e1n\u00ed<\/p>\n<p>Nikdo by nem\u011bl p\u0159ece\u0148ovat sv\u00e9 houba\u0159sk\u00e9 znalosti. N\u011bkter\u00e9 druhy, kter\u00e9 rostou v\u00a0\u010desk\u00fdch les\u00edch, jsou <a target=\"_blank\" href=\"https:\/\/cnn.iprima.cz\/pozor-na-smrtelne-jedovate-houby-nebezpecne-jsou-i-nektere-druhy-hribu-zampionu-ci-bedel-518162\" rel=\"nofollow noopener\">prudce i smrteln\u011b jedovat\u00e9<\/a>. V p\u0159\u00edpad\u011b nejistoty je v\u017edy lep\u0161\u00ed nahl\u00e9dnout do atlasu nebo zavolat zn\u00e1m\u00e9mu, kter\u00fd se v t\u00e9to problematice vyzn\u00e1 l\u00e9pe. Pozor je t\u0159eba d\u00e1vat tak\u00e9 na <a target=\"_blank\" href=\"https:\/\/cnn.iprima.cz\/hrib-kralovsky-i-lahodna-cisarka-pozor-na-chranene-houby-u-nichz-hrozi-milionove-pokuty-515445\" rel=\"nofollow noopener\">chr\u00e1n\u011bn\u00e9 houby<\/a>, za jejich\u017e sb\u011br hroz\u00ed vysok\u00e9 pokuty.<\/p>\n<p>V tomto ohledu tvo\u0159\u00ed v\u00fdjimku Jihomoravsk\u00fd kraj, kter\u00e9mu st\u00e1le z velk\u00e9 \u010d\u00e1sti n\u00e1le\u017e\u00ed nep\u0159\u00edzniv\u00e1 oran\u017eov\u00e1. Naopak nejl\u00e9pe je na tom na\u0161e pohrani\u010d\u00ed, a to zejm\u00e9na severn\u00ed \u010cechy. St\u00e1le \u010dast\u011bji se objevuje zelen\u00e1 barva predikuj\u00edc\u00ed vysokou pravd\u011bpodobnost r\u016fstu. Aktualizovanou mapu \u010cHM\u00da si m\u016f\u017eete prohl\u00e9dnout detailn\u011bji v \u00favodn\u00ed galerii tohoto \u010dl\u00e1nku.<\/p>\n<p>\u010cT\u011aTE TAK\u00c9: <a target=\"_blank\" href=\"https:\/\/cnn.iprima.cz\/houbari-v-lese-marne-patraji-ve-znojemskem-parku-mezitim-houby-rostou-lidem-pod-nohama-520258\" rel=\"nofollow noopener\">Pr\u00e1zdn\u00e9 ko\u0161\u00edky z lesa? Ve znojemsk\u00e9m parku rostou houby p\u0159\u00edmo pod nohama<\/a><\/p>\n<p>Obecn\u011b lze konstatovat, \u017ee na za\u010d\u00e1tku z\u00e1\u0159\u00ed panuje mnohem lep\u0161\u00ed situace, ne\u017e p\u0159edpokl\u00e1dali mnoz\u00ed mykologov\u00e9. N\u011bkte\u0159\u00ed experti je\u0161t\u011b ned\u00e1vno <a target=\"_blank\" href=\"https:\/\/cnn.iprima.cz\/houby-uz-neporostou-rika-expert-popsal-tragickou-situaci-v-lesich-a-zminil-jedinou-vyjimku-519030\" rel=\"nofollow noopener\">ve sv\u00fdch p\u0159edpov\u011bd\u00edch odhadovali<\/a>, \u017ee houby letos z d\u016fvodu sucha u\u017e v\u016fbec neporostou.<\/p>\n<p>MOHLO BY V\u00c1S ZAJ\u00cdMAT: <a target=\"_blank\" href=\"https:\/\/cnn.iprima.cz\/smula-ceskeho-houbare-bavi-internet-zabery-prchajiciho-hribu-jsou-hitem-488242\" rel=\"nofollow noopener\">Sm\u016fla \u010desk\u00e9ho houba\u0159e bav\u00ed internet. Z\u00e1b\u011bry prchaj\u00edc\u00edho h\u0159ibu jsou hitem<\/a><\/p>\n<p class=\"!text-semibold-14-14 !text-black mb-0 mt-2\">\n                V on-line zpravodajstv\u00ed CNN Prima NEWS za\u010dal pracovat v roce 2020. V\u011bnuje se p\u0159ev\u00e1\u017en\u011b dom\u00e1c\u00ed politick\u00e9 sc\u00e9n\u011b. Krom\u011b zpravodajsk\u00fdch text\u016f a rozhovor\u016f zpracov\u00e1v\u00e1 tak\u00e9 koment\u00e1\u0159e nebo glosy. Nenech\u00e1v\u00e1 ho chladn\u00fdm ani zahrani\u010dn\u00ed politika, akcentuje nap\u0159\u00edklad d\u011bn\u00ed kolem v\u00e1lky na Ukrajin\u011b. V p\u0159\u00edpad\u011b odleh\u010den\u011bj\u0161\u00edch t\u00e9mat se v\u011bnuje videohr\u00e1m \u010di houba\u0159en\u00ed. (Marek.Vesely@iprima.cz)\n            <\/p>\n","protected":false},"excerpt":{"rendered":"Po velmi chud\u00e9m \u00favodu leto\u0161n\u00ed houba\u0159sk\u00e9 sezony se zd\u00e1, \u017ee se \u010desk\u00e9 lesy v d\u016fsledku studen\u011bj\u0161\u00edho a de\u0161tiv\u00e9ho&hellip;\n","protected":false},"author":2,"featured_media":199049,"comment_status":"","ping_status":"","sticky":false,"template":"","format":"standard","meta":{"footnotes":"","_share_on_mastodon":"0"},"categories":[10],"tags":[45658,1843,17,21,34016,34017,34018,15953,11260,45659,851,45657,45660,8929,1504,16,255,45656,18,19,22,20],"class_list":["post-199048","post","type-post","status-publish","format-standard","has-post-thumbnail","category-zpravy","tag-bedla","tag-cesky-hydrometeorologicky-ustav","tag-headlines","tag-hlavni-udalosti","tag-houba","tag-houbareni","tag-houbari","tag-houby","tag-hrib","tag-jedla-houba","tag-jidlo","tag-klouzek","tag-kotrc","tag-les","tag-lesy","tag-news","tag-pocasi","tag-pychavka","tag-top-news","tag-top-stories","tag-udalosti-dne","tag-zpravy"],"share_on_mastodon":{"url":"https:\/\/pubeurope.com\/@cz\/117197946443228103","error":""},"_links":{"self":[{"href":"https:\/\/www.europesays.com\/cz\/wp-json\/wp\/v2\/posts\/199048","targetHints":{"allow":["GET"]}}],"collection":[{"href":"https:\/\/www.europesays.com\/cz\/wp-json\/wp\/v2\/posts"}],"about":[{"href":"https:\/\/www.europesays.com\/cz\/wp-json\/wp\/v2\/types\/post"}],"author":[{"embeddable":true,"href":"https:\/\/www.europesays.com\/cz\/wp-json\/wp\/v2\/users\/2"}],"replies":[{"embeddable":true,"href":"https:\/\/www.europesays.com\/cz\/wp-json\/wp\/v2\/comments?post=199048"}],"version-history":[{"count":0,"href":"https:\/\/www.europesays.com\/cz\/wp-json\/wp\/v2\/posts\/199048\/revisions"}],"wp:featuredmedia":[{"embeddable":true,"href":"https:\/\/www.europesays.com\/cz\/wp-json\/wp\/v2\/media\/199049"}],"wp:attachment":[{"href":"https:\/\/www.europesays.com\/cz\/wp-json\/wp\/v2\/media?parent=199048"}],"wp:term":[{"taxonomy":"category","embeddable":true,"href":"https:\/\/www.europesays.com\/cz\/wp-json\/wp\/v2\/categories?post=199048"},{"taxonomy":"post_tag","embeddable":true,"href":"https:\/\/www.europesays.com\/cz\/wp-json\/wp\/v2\/tags?post=199048"}],"curies":[{"name":"wp","href":"https:\/\/api.w.org\/{rel}","templated":true}]}}