{"id":199056,"date":"2026-09-01T21:46:09","date_gmt":"2026-09-01T21:46:09","guid":{"rendered":"https:\/\/www.europesays.com\/cz\/199056\/"},"modified":"2026-09-01T21:46:09","modified_gmt":"2026-09-01T21:46:09","slug":"velka-obet-babisovy-dcery-kvuli-otci-musela-skoncit","status":"publish","type":"post","link":"https:\/\/www.europesays.com\/cz\/199056\/","title":{"rendered":"Velk\u00e1 ob\u011b\u0165 Babi\u0161ovy dcery: Kv\u016fli otci musela skon\u010dit!"},"content":{"rendered":"<p><a class=\"celebrity celebwiki\" href=\"https:\/\/celebwiki.blesk.cz\/osobnost\/2367\/andrej-babis\/\" target=\"_blank\" rel=\"nofollow noopener\">Babi\u0161 dorazil<\/a> spole\u010dn\u011b s <a class=\"celebrity celebwiki\" href=\"https:\/\/celebwiki.blesk.cz\/osobnost\/4099\/vivien-babisova\/\" target=\"_blank\" rel=\"nofollow noopener\">Vivien<\/a> na oslavu 81. v\u00fdro\u010d\u00ed vietnamsk\u00e9 st\u00e1tnosti. Z fotografi\u00ed je patrn\u00e9, \u017ee si spole\u010denskou ud\u00e1lost u\u017eili a dcera premi\u00e9ra vedle sv\u00e9ho otce p\u016fsobila velmi elegantn\u011b. \u201eMoc r\u00e1d jsem i s Vivien p\u0159ijal pozv\u00e1n\u00ed na oslavu 81. v\u00fdro\u010d\u00ed st\u00e1tnosti Vietnamu. D\u011bkujeme za mil\u00e9 p\u0159ijet\u00ed a skv\u011blou atmosf\u00e9ru. \u010cesko-vietnamsk\u00e9 vztahy maj\u00ed dlouhou tradici a jsem r\u00e1d, \u017ee jsou dnes opravdu na nadstandardn\u00ed \u00farovni. Vietnam je pro n\u00e1s d\u016fle\u017eit\u00fd partner a vietnamsk\u00e1 komunita je skv\u011bl\u00e1,\u201c napsal Andrej Babi\u0161 ke zve\u0159ejn\u011bn\u00fdm fotografi\u00edm.<\/p>\n<p style=\"text-align: center;\">Babi\u0161 ve Sn\u011bmovn\u011b bou\u0159il: Zavolala mu dcera<\/p>\n<p>Vivien tentokr\u00e1t vsadila na nen\u00e1padnou eleganci, kter\u00e1 j\u00ed evidentn\u011b sedla. Sv\u011btl\u00e9 \u0161aty nechaly vyniknout jej\u00ed postavu, st\u0159ih zd\u016fraznil pas a nep\u0159ehl\u00e9dnuteln\u00fd l\u00edme\u010dek dodal jinak jednoduch\u00e9mu modelu \u0161mrnc. Outfit pak doplnila b\u00edl\u00fdmi lodi\u010dkami, d\u00edky nim\u017e p\u016fsobila celkov\u011b velmi upraven\u011b a slad\u011bn\u011b.<\/p>\n<p>Na ve\u0159ejnosti se p\u0159itom Vivien po boku sv\u00e9ho otce v posledn\u00ed dob\u011b p\u0159\u00edli\u0161 \u010dasto neobjevuje. Tentokr\u00e1t ale ud\u011blala v\u00fdjimku. Z\u00e1rove\u0148 se vydala vlastn\u00ed profesn\u00ed cestou pot\u00e9, co kv\u016fli otcovu n\u00e1vratu do premi\u00e9rsk\u00e9 funkce skon\u010dila v Agrofertu, p\u0159ipomn\u011bl server \u017divotv\u010cesku.cz.<\/p>\n<p style=\"text-align: center;\">Babi\u0161 se fotil v Pr\u016fhonic\u00edch. Jeho &#8222;zrzka&#8220; Zicklerov\u00e1 uk\u00e1zala pohled ze z\u00e1kulis\u00ed<\/p>\n","protected":false},"excerpt":{"rendered":"Babi\u0161 dorazil spole\u010dn\u011b s Vivien na oslavu 81. v\u00fdro\u010d\u00ed vietnamsk\u00e9 st\u00e1tnosti. Z fotografi\u00ed je patrn\u00e9, \u017ee si spole\u010denskou&hellip;\n","protected":false},"author":2,"featured_media":199057,"comment_status":"","ping_status":"","sticky":false,"template":"","format":"standard","meta":{"footnotes":"","_share_on_mastodon":"0"},"categories":[10],"tags":[266,17,21,16,651,521,18,19,22,45661,14446,163,20],"class_list":["post-199056","post","type-post","status-publish","format-standard","has-post-thumbnail","category-zpravy","tag-andrej-babis","tag-headlines","tag-hlavni-udalosti","tag-news","tag-rodina","tag-socialni-site","tag-top-news","tag-top-stories","tag-udalosti-dne","tag-vivien-babisova","tag-vzhled","tag-zhave-drby","tag-zpravy"],"share_on_mastodon":{"url":"https:\/\/pubeurope.com\/@cz\/117197982131798872","error":""},"_links":{"self":[{"href":"https:\/\/www.europesays.com\/cz\/wp-json\/wp\/v2\/posts\/199056","targetHints":{"allow":["GET"]}}],"collection":[{"href":"https:\/\/www.europesays.com\/cz\/wp-json\/wp\/v2\/posts"}],"about":[{"href":"https:\/\/www.europesays.com\/cz\/wp-json\/wp\/v2\/types\/post"}],"author":[{"embeddable":true,"href":"https:\/\/www.europesays.com\/cz\/wp-json\/wp\/v2\/users\/2"}],"replies":[{"embeddable":true,"href":"https:\/\/www.europesays.com\/cz\/wp-json\/wp\/v2\/comments?post=199056"}],"version-history":[{"count":0,"href":"https:\/\/www.europesays.com\/cz\/wp-json\/wp\/v2\/posts\/199056\/revisions"}],"wp:featuredmedia":[{"embeddable":true,"href":"https:\/\/www.europesays.com\/cz\/wp-json\/wp\/v2\/media\/199057"}],"wp:attachment":[{"href":"https:\/\/www.europesays.com\/cz\/wp-json\/wp\/v2\/media?parent=199056"}],"wp:term":[{"taxonomy":"category","embeddable":true,"href":"https:\/\/www.europesays.com\/cz\/wp-json\/wp\/v2\/categories?post=199056"},{"taxonomy":"post_tag","embeddable":true,"href":"https:\/\/www.europesays.com\/cz\/wp-json\/wp\/v2\/tags?post=199056"}],"curies":[{"name":"wp","href":"https:\/\/api.w.org\/{rel}","templated":true}]}}