{"id":199064,"date":"2026-09-01T21:54:24","date_gmt":"2026-09-01T21:54:24","guid":{"rendered":"https:\/\/www.europesays.com\/cz\/199064\/"},"modified":"2026-09-01T21:54:24","modified_gmt":"2026-09-01T21:54:24","slug":"studenti-v-praze-mohou-mesicne-zaplatit-za-kolej-i-13-tisic-korun-mist-je-nedostatek","status":"publish","type":"post","link":"https:\/\/www.europesays.com\/cz\/199064\/","title":{"rendered":"Studenti v Praze mohou m\u011bs\u00ed\u010dn\u011b zaplatit za kolej i 13 tis\u00edc korun. M\u00edst je nedostatek"},"content":{"rendered":"<p>\n                        Tis\u00edce vysoko\u0161kolsk\u00fdch student\u016f se za\u010d\u00e1tkem podzimu budou sm\u011b\u0159ovat na pra\u017esk\u00e9 koleje. Za ubytov\u00e1n\u00ed si ale oproti minul\u00e9mu akademick\u00e9mu roku op\u011bt p\u0159iplat\u00ed. M\u011bs\u00ed\u010dn\u00ed n\u00e1jem v jednol\u016f\u017ekov\u00e9m pokoji se m\u016f\u017ee vy\u0161plhat na v\u00edce ne\u017e 13 tis\u00edc korun. Podle poslankyn\u011b Kate\u0159iny Stojanov\u00e9 (Pir\u00e1ti) k rostouc\u00edm cen\u00e1m p\u0159isp\u00edv\u00e1 obrovsk\u00fd nedostatek m\u00edst, kter\u00e1 jsou nav\u00edc \u010dasto p\u0159ednostn\u011b p\u0159id\u011blov\u00e1na zahrani\u010dn\u00edm student\u016fm. Za cestu k vy\u0159e\u0161en\u00ed probl\u00e9mu pova\u017euje \u00fazkou spolupr\u00e1ci univerzit a m\u011bsta. Podle ministerstva \u0161kolstv\u00ed (M\u0160MT) se jedn\u00e1 o \u00faprav\u00e1ch vyu\u017eit\u00ed stipendijn\u00edho fondu, kter\u00fd by univerzit\u00e1m umo\u017enil tyto prost\u0159edky vyu\u017e\u00edt i na podporu kolej\u00ed.\n                    <\/p>\n<p>Za\u010d\u00e1tek akademick\u00e9ho roku pro vysoko\u0161kol\u00e1ky neznamen\u00e1 pouze n\u00e1vrat do aul a studoven, ale pro \u0159adu tak\u00e9 st\u011bhov\u00e1n\u00ed zp\u00e1tky do Prahy. \u010c\u00e1st z nich zam\u00ed\u0159\u00ed na koleje, kter\u00e9 se pro n\u011b stanou nov\u00fdm domovem. Cena kolejn\u00e9ho se p\u0159itom oproti lo\u0148sk\u00e9mu akademick\u00e9mu roku op\u011bt zv\u00fd\u0161ila a p\u0159edstava o levn\u00e9m bydlen\u00ed tak st\u00e1le m\u00e9n\u011b odr\u00e1\u017e\u00ed realitu. \u201eV\u011bt\u0161inou nejde o skokov\u00e9 zdra\u017een\u00ed, ale sp\u00ed\u0161e o pokra\u010dov\u00e1n\u00ed n\u011bkolikalet\u00e9ho trendu,\u201c uvedl ekonom Luk\u00e1\u0161 Kovanda.<\/p>\n<p>\u010cT\u011aTE TAK\u00c9: <a target=\"_blank\" href=\"https:\/\/cnn.iprima.cz\/praha-u-bytu-zaspala-pustila-se-piratka-nislerova-do-ods-dan-by-zvedla-i-u-celych-domu-518964\" rel=\"nofollow noopener\">Praha u byt\u016f zaspala, pustila se Nislerov\u00e1 do ODS. Da\u0148 by zvedla i u cel\u00fdch dom\u016f.<\/a><\/p>\n<p>Nap\u0159\u00edklad na Vysok\u00e9 \u0161kole ekonomick\u00e9 (V\u0160E) se podle Kovandy cena zvy\u0161uje o dv\u011b a\u017e t\u0159i procenta. \u201eNap\u0159\u00edklad l\u016f\u017eko ve dvoul\u016f\u017ekov\u00e9m pokoji na kolej\u00edch Blanice \u010di Vltava zdra\u017euje ze 149 na 153 korun za noc, tedy p\u0159ibli\u017en\u011b ze 4 470 na 4 590 korun za t\u0159icet dn\u00ed,\u201c popsal Kovanda. Cena za komfortn\u011bj\u0161\u00ed dvoul\u016f\u017ekov\u00e9 pokoje pak podle Kovandy m\u016f\u017ee p\u0159es\u00e1hnout a\u017e osm tis\u00edc korun m\u011bs\u00ed\u010dn\u011b. Samostatn\u00e9 jednol\u016f\u017ekov\u00e9 pokoje pak na n\u011bkter\u00fdch kolej\u00edch V\u0160E mohou st\u00e1t t\u00e9m\u011b\u0159 13 tis\u00edc m\u011bs\u00ed\u010dn\u011b.<\/p>\n<p class=\"intro-title-mobile\">\n        \u010ct\u011bte tak\u00e9\n    <\/p>\n<p>        <a href=\"https:\/\/cnn.iprima.cz\/vzali-nam-vltavu-burcuji-pirati-a-chteji-stavet-plovarny-objevili-nas-program-smeje-se-ano-518414\" class=\"image-link\" rel=\"nofollow noopener\" target=\"_blank\"><\/p>\n<p>            <img decoding=\"async\" loading=\"lazy\" class=\"image\" src=\"https:\/\/www.europesays.com\/cz\/wp-content\/uploads\/2026\/09\/1ac072b9e172ec0393fc166e496cdb02.jpg\" alt=\"Pir\u00e1tsk\u00e1 kandid\u00e1tka na prim\u00e1torku Tereza Nislerov\u00e1 na happeningu k t\u00e9matu klimatick\u00e9 zm\u011bny a veder. (30. 7. 2026)\"\/><\/p>\n<p>            <\/a><\/p>\n<p class=\"intro-title-desktop\">\n            \u010ct\u011bte tak\u00e9\n        <\/p>\n<p>                <a href=\"https:\/\/cnn.iprima.cz\/vzali-nam-vltavu-burcuji-pirati-a-chteji-stavet-plovarny-objevili-nas-program-smeje-se-ano-518414\" class=\"title-link\" rel=\"nofollow noopener\" target=\"_blank\"><\/p>\n<p class=\"title\">\n                Vzali n\u00e1m Vltavu, burcuj\u00ed Pir\u00e1ti a cht\u011bj\u00ed stav\u011bt plov\u00e1rny. Objevili n\u00e1\u0161 program, sm\u011bje se ANO\n            <\/p>\n<p>        <\/a><\/p>\n<p>                                                                                                11. srp 2026, 10:29<\/p>\n<p>                6 min \u010dten\u00ed<\/p>\n<p><a target=\"_blank\" href=\"https:\/\/kam.cuni.cz\/KAM-503-version1-or___stanoveni_standard_cen_za_ubyt_2026_cistopis.pdf\" rel=\"nofollow noopener\">Nov\u00fd cen\u00edk <\/a>m\u00e1 od leto\u0161n\u00edho kv\u011btna tak\u00e9 Univerzita Karlova (UK). Nejlevn\u011bj\u0161\u00ed postel v Praze nab\u00edz\u00ed UK ve \u010dty\u0159l\u016f\u017ekov\u00e9m pokoji na koleji \u0160vehlova za 107 korun na noc p\u0159i obsazen\u00ed do 300 dn\u00ed, tedy asi 3 210 korun m\u011bs\u00ed\u010dn\u011b. Nejdra\u017e\u0161\u00ed je pak nadstandardn\u00ed jednol\u016f\u017ekov\u00fd pokoj se soci\u00e1ln\u00edm za\u0159\u00edzen\u00edm na koleji Hv\u011bzda za 444 K\u010d za noc, \u010dili asi 13 320 K\u010d za m\u011bs\u00edc. Pokud se pod\u00edv\u00e1me na <a target=\"_blank\" href=\"https:\/\/kam.cuni.cz\/KAM-781-version1-or___stanoveni_standard_cen_za_ubyt_2025.pdf\" rel=\"nofollow noopener\">meziro\u010dn\u00ed srovn\u00e1n\u00ed<\/a>, tak nejlevn\u011bj\u0161\u00ed ubytov\u00e1n\u00ed zdra\u017eilo o 5 korun za noc a nejdra\u017e\u0161\u00ed o 21 korun za noc.<\/p>\n<p>Trend je patrn\u00fd i p\u0159i pohledu do hlub\u0161\u00ed minulosti. Podle <a target=\"_blank\" href=\"https:\/\/kam.cuni.cz\/KAM-540-version1-stanoveni_standard_cen_za_ubyt___od_162019___cistopis.pdf\" rel=\"nofollow noopener\">cen\u00edku z\u00a0roku 2019 <\/a>v\u00fd\u0161e zm\u00edn\u011bn\u00e9 l\u016f\u017eko na koleji \u0160vehlova st\u00e1lo 79 korun na noc a na Hv\u011bzd\u011b 305 korun za noc. Rozd\u00edl za m\u011bs\u00ed\u010dn\u00ed n\u00e1jem oproti sou\u010dasnosti tak \u010din\u00ed 840, respektive 4\u00a0170 korun.<\/p>\n<p>Probl\u00e9m s kapacitami<\/p>\n<p>Navzdory rostouc\u00edm cen\u00e1m ale koleje z\u016fst\u00e1vaj\u00ed levn\u011bj\u0161\u00ed variantou ne\u017e komer\u010dn\u00ed n\u00e1jemn\u00e9. Z\u00e1sadn\u00edm probl\u00e9mem tak nen\u00ed samotn\u00e1 cena, ale jejich nedostatek. Ze <a target=\"_blank\" href=\"https:\/\/www.savills.cz\/novinky-a-nazory\/savills-novinky\/385730\/studentske-bydleni-%C4%8Deka-v-evrop%C4%9B-siln%C3%BD-r%C5%AFst--poptavka-v-praze-v%C3%BDrazn%C4%9B-p%C5%99evy%C5%A1uje-nabidku\" rel=\"nofollow noopener\">studie spole\u010dnosti Savills <\/a>vypl\u00fdv\u00e1, \u017ee ka\u017ed\u00fd akademick\u00fd rok v Praze hled\u00e1 ubytov\u00e1n\u00ed asi 75 tis\u00edc vysoko\u0161kol\u00e1k\u016f. V roce 2024 ale bylo v Praze pouze asi 29 500 l\u016f\u017eek. \u201eVelk\u00e1 \u010d\u00e1st student\u016f je tak odk\u00e1z\u00e1na na b\u011b\u017en\u00fd n\u00e1jemn\u00ed trh, kde sout\u011b\u017e\u00ed o byty s mlad\u00fdmi zam\u011bstnanci, rodinami i zahrani\u010dn\u00edmi pracovn\u00edky. Nedostatek kolejn\u00edch kapacit se t\u00edm \u010d\u00e1ste\u010dn\u011b p\u0159el\u00e9v\u00e1 do tlaku na pra\u017esk\u00e9 n\u00e1jemn\u00e9,\u201c sd\u011blil Kovanda.<\/p>\n<p class=\"intro-title-mobile\">\n        \u010ct\u011bte tak\u00e9\n    <\/p>\n<p>        <a href=\"https:\/\/cnn.iprima.cz\/plaga-pod-ostrou-kritikou-za-utok-na-opozici-co-to-melete-svar-rozpoutala-detska-olympiada-519203\" class=\"image-link\" rel=\"nofollow noopener\" target=\"_blank\"><\/p>\n<p>            <img decoding=\"async\" loading=\"lazy\" class=\"image\" src=\"https:\/\/www.europesays.com\/cz\/wp-content\/uploads\/2026\/09\/b2065481f8acde8155ea2ad2c4e087b4.jpg\" alt=\"Ministr \u0161kolstv\u00ed Robert Plaga (za ANO)\"\/><\/p>\n<p>            <\/a><\/p>\n<p class=\"intro-title-desktop\">\n            \u010ct\u011bte tak\u00e9\n        <\/p>\n<p>                <a href=\"https:\/\/cnn.iprima.cz\/plaga-pod-ostrou-kritikou-za-utok-na-opozici-co-to-melete-svar-rozpoutala-detska-olympiada-519203\" class=\"title-link\" rel=\"nofollow noopener\" target=\"_blank\"><\/p>\n<p class=\"title\">\n                Plaga pod ostrou kritikou za \u00fatok na opozici: Co to melete? Sv\u00e1r rozpoutala d\u011btsk\u00e1 olympi\u00e1da\n            <\/p>\n<p>        <\/a><\/p>\n<p>                                                                                                13. srp 2026, 13:50<\/p>\n<p>                6 min \u010dten\u00ed<\/p>\n<p>Na probl\u00e9my s kolejn\u00edmi kapacitami upozor\u0148uj\u00ed i Pir\u00e1ti. \u201eP\u0159ed t\u0159emi lety jsem absolvovala sch\u016fzku se z\u00e1stupci rektor\u00e1tu \u010cesk\u00e9 zem\u011bd\u011blsk\u00e9 univerzity (\u010cZU), co\u017e je typ univerzity, kter\u00e1 m\u00e1 v\u00fdznamn\u00fd po\u010det zahrani\u010dn\u00edch student\u016f. Popt\u00e1vka po kolej\u00edch je v\u011bt\u0161\u00ed ne\u017e nab\u00eddka, a kdy\u017e se rozhoduj\u00ed, komu kolej poskytnou, jestli \u010desk\u00e9mu, nebo zahrani\u010dn\u00edmu studentovi, tak zohled\u0148uj\u00ed vzd\u00e1lenost od bydli\u0161t\u011b, \u010d\u00edm\u017e zahrani\u010dn\u00ed student v\u017edy zv\u00edt\u011bz\u00ed,\u201c \u0159ekla Stojanov\u00e1 pro CNN Prima NEWS.<\/p>\n<p>Cestou, jak cenu dr\u017eet na rozumn\u00e9 \u00farovni, je podle Stojanov\u00e9 roz\u0161\u00ed\u0159en\u00ed kapacit. Na n\u011bm ale mus\u00ed aktivn\u011b spolupracovat jak pra\u017esk\u00e9 univerzity, tak samotn\u00e9 m\u011bsto. \u201ePraha m\u00e1 spoustu prostor. Ned\u00e1vno se \u0159e\u0161ilo, jak\u00fd bude osud Karl\u00ednsk\u00fdch kas\u00e1ren. To je p\u0159esn\u011b ten typ pozemku ve vhodn\u00e9 \u010d\u00e1sti m\u011bsta, kde by tyhle bytov\u00e9 prostory mohly vzniknout. Praha je univerzitn\u00ed m\u011bsto, ale t\u011bmi bytov\u00fdmi kapacitami univerzitn\u00edmu m\u011bstu z\u00e1padn\u00edho st\u0159ihu prost\u011b neodpov\u00edd\u00e1, proto\u017ee tenhle typ pozemk\u016f nedok\u00e1\u017eeme vyu\u017e\u00edvat,\u201c dodala Stojanov\u00e1 s t\u00edm, \u017ee samotn\u00e9 univerzity jsou bl\u00edzk\u00e9 kooperaci s m\u011bstem naklon\u011bny.<\/p>\n<p>Situac\u00ed na kolej\u00edch se chce zab\u00fdvat i pir\u00e1tsk\u00e1 kandid\u00e1tka na pra\u017eskou prim\u00e1torku Tereza Nislerov\u00e1. \u201eChci se zam\u011b\u0159it na pos\u00edlen\u00ed a zlep\u0161en\u00ed studentsk\u00e9ho bydlen\u00ed a opravu kolej\u00ed ve spolupr\u00e1ci s vysok\u00fdmi \u0161kolami. Bydlen\u00ed v nich je \u010dasto ne\u00fanosn\u00e9 a pro samotn\u00e9 studenty nesnesiteln\u00e9. Koleje se \u010dasto nezm\u011bnily a lid\u00e9 bydl\u00ed za podm\u00ednek, kter\u00e9 jsou stejn\u00e9 jako p\u0159ed revoluc\u00ed,\u201c \u0159ekla novin\u00e1\u0159\u016fm za\u010d\u00e1tkem srpna na happeningu k bytov\u00e9 situaci mlad\u00fdch.<\/p>\n<p>Ministerstvo \u0161kolstv\u00ed jedn\u00e1 o \u00faprav\u00e1ch vyu\u017eit\u00ed stipendijn\u00edho fondu<\/p>\n<p>Ministerstvo \u0161kolstv\u00ed (M\u0160MT), nyn\u00ed v gesci Roberta Plagy (za ANO), evidenci kolejn\u00edch kapacit nevede ani nijak nestanovuje \u010di nehodnot\u00ed ceny ubytov\u00e1n\u00ed. Tyto z\u00e1le\u017eitosti jsou v kompetenci samospr\u00e1v jednotliv\u00fdch univerzit. M\u0160MT ale podporuje rozvoj a obnovu ubytovac\u00edch kapacit prost\u0159ednictv\u00edm investi\u010dn\u00edch program\u016f.<\/p>\n<p>\u201eKonkr\u00e9tn\u00ed investice a roz\u0161i\u0159ov\u00e1n\u00ed kolejn\u00edch kapacit jsou n\u00e1sledn\u011b v gesci jednotliv\u00fdch vysok\u00fdch \u0161kol. V minulosti M\u0160MT vypsalo dv\u011b dota\u010dn\u00ed v\u00fdzvy na modernizaci a rekonstrukce vysoko\u0161kolsk\u00fdch kolej\u00ed a menz v celkov\u00e9 v\u00fd\u0161i 1,5 miliardy korun,\u201c uvedl pro CNN Prima NEWS tiskov\u00fd mluv\u010d\u00ed M\u0160MT Ond\u0159ej Macura.<\/p>\n<p class=\"intro-title-mobile\">\n        \u010ct\u011bte tak\u00e9\n    <\/p>\n<p>        <a href=\"https:\/\/cnn.iprima.cz\/titul-za-dva-roky-ministerstvo-zvazuje-novy-typ-vyuky-na-vs-inspiraci-ma-v-evrope-518708\" class=\"image-link\" rel=\"nofollow noopener\" target=\"_blank\"><\/p>\n<p>            <img decoding=\"async\" loading=\"lazy\" class=\"image\" src=\"https:\/\/www.europesays.com\/cz\/wp-content\/uploads\/2026\/09\/e88aa5994ac67446aee34ea514d73f40.jpg\" alt=\"P\u0159edn\u00e1\u0161ka na vysok\u00e9 \u0161kole\"\/><\/p>\n<p>            <\/a><\/p>\n<p class=\"intro-title-desktop\">\n            \u010ct\u011bte tak\u00e9\n        <\/p>\n<p>                <a href=\"https:\/\/cnn.iprima.cz\/titul-za-dva-roky-ministerstvo-zvazuje-novy-typ-vyuky-na-vs-inspiraci-ma-v-evrope-518708\" class=\"title-link\" rel=\"nofollow noopener\" target=\"_blank\"><\/p>\n<p class=\"title\">\n                Titul za dva roky. Ministerstvo zva\u017euje revolu\u010dn\u00ed novinku, univerzity nejsou proti\n            <\/p>\n<p>        <\/a><\/p>\n<p>                                                                                                11. srp 2026, 05:45<\/p>\n<p>                6 min \u010dten\u00ed<\/p>\n<p>V r\u00e1mci p\u0159ipravovan\u00e9ho v\u011bcn\u00e9ho z\u00e1m\u011bru novely vysoko\u0161kolsk\u00e9ho z\u00e1kona se podle M\u0160MT jedn\u00e1 i o \u00faprav\u00e1ch vyu\u017eit\u00ed stipendijn\u00edho fondu. \u201eTyto prost\u0159edky by nov\u011b mohly b\u00fdt vyu\u017e\u00edv\u00e1ny v \u0161ir\u0161\u00edm pojet\u00ed, vedle stipendi\u00ed nap\u0159\u00edklad tak\u00e9 na podporu kolej\u00ed a menz \u010di poradensk\u00fdch a dal\u0161\u00edch podp\u016frn\u00fdch slu\u017eeb vysok\u00fdch \u0161kol,\u201c sd\u011blil Macura.<\/p>\n<p>M\u0160MT v sou\u010dasn\u00e9 dob\u011b tak\u00e9 spolupracuje s OECD na v\u00fdzkumn\u00e9m projektu, jeho\u017e v\u00fdstupem by m\u011bla b\u00fdt sada doporu\u010den\u00ed pro finan\u010dn\u00ed a nefinan\u010dn\u00ed podporu student\u016f vysok\u00fdch \u0161kol i uchaze\u010d\u016f o studium. \u201eZ\u00e1m\u011brem M\u0160MT je zahrnout doporu\u010den\u00ed do dal\u0161\u00edho jedn\u00e1n\u00ed o podob\u011b z\u00e1kona o vysok\u00fdch \u0161kol\u00e1ch,\u201c dodal Macura.<\/p>\n<p>MOHLI JSTE P\u0158EHL\u00c9DNOUT: <a target=\"_blank\" href=\"https:\/\/cnn.iprima.cz\/vyhyba-se-generace-z-vedoucim-pozicim-podle-sociologu-mladi-karieru-obetuji-jistote-518628\" rel=\"nofollow noopener\">Vyh\u00fdb\u00e1 se generace Z vedouc\u00edm pozic\u00edm? Podle sociolog\u016f mlad\u00ed kari\u00e9ru ob\u011btuj\u00ed jistot\u011b<\/a><\/p>\n<p class=\"!text-semibold-14-14 !text-black mb-0 mt-2\">\n                Vystudoval bohemistiku a historii na FF UK a aktu\u00e1ln\u011b medi\u00e1ln\u00ed studia na FSV UK. V\u011bnuje se p\u0159ev\u00e1\u017en\u011b dom\u00e1c\u00ed politice a p\u0159\u00edle\u017eitostn\u011b r\u00e1d zabrous\u00ed do oblasti kultury \u010di d\u011bjin. Ve voln\u00fdch chv\u00edl\u00edch r\u00e1d bloud\u00ed po m\u011bst\u011b s fotoapar\u00e1tem, p\u0159e\u010dte si kn\u00ed\u017eku nebo zahraje n\u011bjakou videohru. V redakci CNN Prima NEWS p\u016fsob\u00ed jako redaktor politick\u00e9ho d\u011bn\u00ed od podzimu 2023. (Petr.Silhan@iprima.cz)\n            <\/p>\n","protected":false},"excerpt":{"rendered":"Tis\u00edce vysoko\u0161kolsk\u00fdch student\u016f se za\u010d\u00e1tkem podzimu budou sm\u011b\u0159ovat na pra\u017esk\u00e9 koleje. Za ubytov\u00e1n\u00ed si ale oproti minul\u00e9mu akademick\u00e9mu&hellip;\n","protected":false},"author":2,"featured_media":199065,"comment_status":"","ping_status":"","sticky":false,"template":"","format":"standard","meta":{"footnotes":"","_share_on_mastodon":"0"},"categories":[7],"tags":[1311,3082,43,42,41,40,708,45662,9502,11137,2887,99,2886,11429,30673,19424],"class_list":["post-199064","post","type-post","status-publish","format-standard","has-post-thumbnail","category-cesko","tag-bydleni","tag-ceska-piratska-strana","tag-ceska-republika","tag-cesko","tag-czech-republic","tag-czechia","tag-ekonomika","tag-katerina-stojanova","tag-lukas-kovanda","tag-makroekonomie","tag-obchod-a-finance","tag-praha","tag-produkty-a-sluzby","tag-stavebnictvi-a-nemovitosti","tag-univerzita","tag-univerzita-karlova"],"share_on_mastodon":{"url":"https:\/\/pubeurope.com\/@cz\/117198013809130148","error":""},"_links":{"self":[{"href":"https:\/\/www.europesays.com\/cz\/wp-json\/wp\/v2\/posts\/199064","targetHints":{"allow":["GET"]}}],"collection":[{"href":"https:\/\/www.europesays.com\/cz\/wp-json\/wp\/v2\/posts"}],"about":[{"href":"https:\/\/www.europesays.com\/cz\/wp-json\/wp\/v2\/types\/post"}],"author":[{"embeddable":true,"href":"https:\/\/www.europesays.com\/cz\/wp-json\/wp\/v2\/users\/2"}],"replies":[{"embeddable":true,"href":"https:\/\/www.europesays.com\/cz\/wp-json\/wp\/v2\/comments?post=199064"}],"version-history":[{"count":0,"href":"https:\/\/www.europesays.com\/cz\/wp-json\/wp\/v2\/posts\/199064\/revisions"}],"wp:featuredmedia":[{"embeddable":true,"href":"https:\/\/www.europesays.com\/cz\/wp-json\/wp\/v2\/media\/199065"}],"wp:attachment":[{"href":"https:\/\/www.europesays.com\/cz\/wp-json\/wp\/v2\/media?parent=199064"}],"wp:term":[{"taxonomy":"category","embeddable":true,"href":"https:\/\/www.europesays.com\/cz\/wp-json\/wp\/v2\/categories?post=199064"},{"taxonomy":"post_tag","embeddable":true,"href":"https:\/\/www.europesays.com\/cz\/wp-json\/wp\/v2\/tags?post=199064"}],"curies":[{"name":"wp","href":"https:\/\/api.w.org\/{rel}","templated":true}]}}