{"id":199086,"date":"2026-09-01T22:13:14","date_gmt":"2026-09-01T22:13:14","guid":{"rendered":"https:\/\/www.europesays.com\/cz\/199086\/"},"modified":"2026-09-01T22:13:14","modified_gmt":"2026-09-01T22:13:14","slug":"namestek-pentagonu-po-rozeprich-s-hegsethem-konci","status":"publish","type":"post","link":"https:\/\/www.europesays.com\/cz\/199086\/","title":{"rendered":"N\u00e1m\u011bstek Pentagonu po rozep\u0159\u00edch s\u00a0Hegsethem kon\u010d\u00ed"},"content":{"rendered":"<p class=\"c_bB\">\u201eHegseth si b\u011bhem jejich spole\u010dn\u00e9ho p\u016fsoben\u00ed na Pentagonu k\u00a0Driscollovi nevytvo\u0159il bl\u00edzk\u00fd vztah. Driscollovi v\u0161ak poskytovalo ur\u010ditou ochranu jeho p\u0159\u00e1telstv\u00ed s\u00a0viceprezidentem J. D. Vancem,\u201c napsal <a data-dot=\"atm-link\" target=\"_blank\" rel=\"noopener nofollow\" href=\"https:\/\/www.axios.com\/2026\/08\/31\/hegseth-dan-driscoll-trump-administration\" class=\"c_I\">Axios <\/a>s\u00a0t\u00edm, \u017ee podle d\u0159\u00edv\u011bj\u0161\u00edch zpr\u00e1v m\u00e9di\u00ed se Driscoll a\u00a0Hegseth opakovan\u011b st\u0159et\u00e1vali kv\u016fli person\u00e1ln\u00edm ot\u00e1zk\u00e1m.<\/p>\n<p class=\"c_bB\">Ministr obrany nap\u0159\u00edklad nechal ze seznamu kandid\u00e1t\u016f na pov\u00fd\u0161en\u00ed vy\u0159adit \u010dty\u0159i d\u016fstojn\u00edky pot\u00e9, co to Driscoll odm\u00edtl u\u010dinit, napsal d\u0159\u00edve list The New York Times.<\/p>\n<p class=\"c_bB\">V\u00a0\u00fanoru n\u011bkolik m\u00e9di\u00ed uvedlo, \u017ee Hegseth donutil k\u00a0odchodu jednoho z\u00a0Driscollov\u00fdch vysok\u00fdch poradc\u016f, plukovn\u00edka Davida Butlera.<\/p>\n<p><a data-dot=\"atm-link\" target=\"_self\" href=\"https:\/\/www.novinky.cz\/clanek\/zahranicni-amerika-sef-americkeho-namornictva-phelan-konci-ve-funkci-uvedl-pentagon-40574883\" class=\"c_I\" rel=\"nofollow noopener\"><img fetchpriority=\"high\" height=\"1012\" width=\"1800\" src=\"https:\/\/www.europesays.com\/cz\/wp-content\/uploads\/2026\/09\/phelan-usa.jpeg\" loading=\"eager\" decoding=\"sync\" class=\"c_t c_r\"\/><\/a>Drone guy<\/p>\n<p class=\"c_bB\">V 38\u00a0letech byl Driscoll historicky nejmlad\u0161\u00edm n\u00e1m\u011bstkem Pentagonu, s\u00a0Vancem jej pojilo p\u0159\u00e1telstv\u00ed ji\u017e od dob univerzitn\u00edch studi\u00ed. \u201eJako nejv\u00fd\u0161e postaven\u00fd civiln\u00ed p\u0159edstavitel americk\u00e9 arm\u00e1dy dohl\u00ed\u017eel na jej\u00ed ka\u017edoro\u010dn\u00ed rozpo\u010det a\u00a0na v\u00edce ne\u017e milion voj\u00e1k\u016f v\u00a0aktivn\u00ed slu\u017eb\u011b, N\u00e1rodn\u00ed gard\u011b a\u00a0z\u00e1loze, stejn\u011b jako na v\u00edce ne\u017e 330\u00a0000\u00a0civiln\u00edch zam\u011bstnanc\u016f,\u201c popsal jeho roli Axios s\u00a0t\u00edm, \u017ee kv\u016fli jeho snah\u00e1m o\u00a0\u0161ir\u0161\u00ed zav\u00e1d\u011bn\u00ed bezpilotn\u00edk\u016f a\u00a0modernizaci arzen\u00e1lu se mu p\u0159ezd\u00edvalo \u201edrone guy\u201c.<\/p>\n<p class=\"c_bB\">Loni v\u00a0listopadu Driscoll odcestoval na Ukrajinu, aby tam p\u0159edstavil americk\u00fd m\u00edrov\u00fd pl\u00e1n. \u201e\u0160lo o\u00a0neobvykl\u00fd \u00fakol pro p\u0159edstavitele v\u00a0jeho pozici a\u00a0Driscoll se d\u00edky t\u00e9to cest\u011b stal nejv\u00fd\u0161e postaven\u00fdm p\u0159edstavitelem Trumpovy administrativy, kter\u00fd Ukrajinu nav\u0161t\u00edvil,\u201c podotkl Axios. Driscoll tehdy Kyjev sice nep\u0159im\u011bl k\u00a0navrhovan\u00fdm \u00fastupk\u016fm, ukrajinsk\u00fd prezident Volodymyr Zelenskyj v\u0161ak po setk\u00e1n\u00ed souhlasil s\u00a0dal\u0161\u00edm jedn\u00e1n\u00edm.<\/p>\n<p class=\"c_bB\">Driscoll loni v\u00a0listopadu do Kyjeva cestoval v\u00a0doprovodu n\u00e1\u010deln\u00edka \u0161t\u00e1bu Randyho George a\u00a0tehdej\u0161\u00edho \u0161\u00e9fa region\u00e1ln\u00edho velitelstv\u00ed americk\u00e9 arm\u00e1dy USAREUR-AF pro Evropu a\u00a0Afriku. I\u00a0ti u\u017e sv\u00e9 posty d\u0159\u00edve opustili. <\/p>\n<p class=\"c_bB\">Pentagon p\u0159i ofici\u00e1ln\u00edm ozn\u00e1men\u00ed Driscolla ocenil mimo jin\u00e9 s\u00a0t\u00edm, \u017ee \u201eprok\u00e1zal vynikaj\u00edc\u00ed veden\u00ed b\u011bhem historick\u00fdch vojensk\u00fdch operac\u00ed, obnovil d\u016fraz na p\u0159ipravenost a\u00a0bojovou efektivitu, pom\u00e1hal p\u0159i jedn\u00e1n\u00edch mezi Ruskem a\u00a0Ukrajinou a\u00a0vykonal je\u0161t\u011b mnohem v\u00edc\u201c. P\u0159\u00ed\u010dinu odchodu ve\u0159ejn\u011b nekomentovalo ani ministerstvo, ani Driscoll.<\/p>\n<p><a data-dot=\"atm-link\" target=\"_self\" href=\"https:\/\/www.novinky.cz\/clanek\/zahranicni-amerika-cistky-v-pentagonu-pokracuji-ministr-hegseth-odvolal-z-funkce-dalsiho-generala-40571556\" class=\"c_I\" rel=\"nofollow noopener\"><img height=\"1080\" width=\"1920\" src=\"https:\/\/www.europesays.com\/cz\/wp-content\/uploads\/2026\/09\/hegseth-general-admiral-pentagon-usa.jpeg\" loading=\"eager\" decoding=\"sync\" class=\"c_t c_r\"\/><\/a><\/p>\n","protected":false},"excerpt":{"rendered":"\u201eHegseth si b\u011bhem jejich spole\u010dn\u00e9ho p\u016fsoben\u00ed na Pentagonu k\u00a0Driscollovi nevytvo\u0159il bl\u00edzk\u00fd vztah. Driscollovi v\u0161ak poskytovalo ur\u010ditou ochranu jeho&hellip;\n","protected":false},"author":2,"featured_media":199087,"comment_status":"","ping_status":"","sticky":false,"template":"","format":"standard","meta":{"footnotes":"","_share_on_mastodon":"0"},"categories":[10],"tags":[45468,17,21,2664,16,463,7884,18,19,22,113,20],"class_list":["post-199086","post","type-post","status-publish","format-standard","has-post-thumbnail","category-zpravy","tag-daniel-driscoll","tag-headlines","tag-hlavni-udalosti","tag-james-david-vance","tag-news","tag-pentagon","tag-peter-hegseth","tag-top-news","tag-top-stories","tag-udalosti-dne","tag-usa","tag-zpravy"],"share_on_mastodon":{"url":"https:\/\/pubeurope.com\/@cz\/117198088335043430","error":""},"_links":{"self":[{"href":"https:\/\/www.europesays.com\/cz\/wp-json\/wp\/v2\/posts\/199086","targetHints":{"allow":["GET"]}}],"collection":[{"href":"https:\/\/www.europesays.com\/cz\/wp-json\/wp\/v2\/posts"}],"about":[{"href":"https:\/\/www.europesays.com\/cz\/wp-json\/wp\/v2\/types\/post"}],"author":[{"embeddable":true,"href":"https:\/\/www.europesays.com\/cz\/wp-json\/wp\/v2\/users\/2"}],"replies":[{"embeddable":true,"href":"https:\/\/www.europesays.com\/cz\/wp-json\/wp\/v2\/comments?post=199086"}],"version-history":[{"count":0,"href":"https:\/\/www.europesays.com\/cz\/wp-json\/wp\/v2\/posts\/199086\/revisions"}],"wp:featuredmedia":[{"embeddable":true,"href":"https:\/\/www.europesays.com\/cz\/wp-json\/wp\/v2\/media\/199087"}],"wp:attachment":[{"href":"https:\/\/www.europesays.com\/cz\/wp-json\/wp\/v2\/media?parent=199086"}],"wp:term":[{"taxonomy":"category","embeddable":true,"href":"https:\/\/www.europesays.com\/cz\/wp-json\/wp\/v2\/categories?post=199086"},{"taxonomy":"post_tag","embeddable":true,"href":"https:\/\/www.europesays.com\/cz\/wp-json\/wp\/v2\/tags?post=199086"}],"curies":[{"name":"wp","href":"https:\/\/api.w.org\/{rel}","templated":true}]}}