{"id":199146,"date":"2026-09-01T23:37:11","date_gmt":"2026-09-01T23:37:11","guid":{"rendered":"https:\/\/www.europesays.com\/cz\/199146\/"},"modified":"2026-09-01T23:37:11","modified_gmt":"2026-09-01T23:37:11","slug":"zeny-jsou-zlo-a-prazaci-nejsou-normalni-lidi-nedojde-serialu-bozi-plan-dech-aktualne-cz","status":"publish","type":"post","link":"https:\/\/www.europesays.com\/cz\/199146\/","title":{"rendered":"\u201e\u017deny jsou zlo a Pra\u017e\u00e1ci nejsou norm\u00e1ln\u00ed lidi.\u201c Nedojde seri\u00e1lu Bo\u017e\u00ed pl\u00e1n dech? \u2013 Aktu\u00e1ln\u011b.cz"},"content":{"rendered":"<p>Jarn\u00ed sezona se nov\u00e9mu managementu TV Nova p\u0159\u00edli\u0161 nevyda\u0159ila. Nen\u00ed proto divu, \u017ee si dal na podzimn\u00ed novince z\u00e1le\u017eet a do boje o div\u00e1ka povolal t\u00fdm \u00fasp\u011b\u0161n\u00e9ho seri\u00e1lu Jedna rodina se seri\u00e1lovou matadorkou, scen\u00e1ristkou Luci\u00ed Kone\u010dnou v \u010dele. Ta stejn\u011b jako v p\u0159\u00edpad\u011b Jedn\u00e9 rodiny spojila s\u00edly s Martinem \u0160im\u00ed\u010dkem a v\u00fdsledkem je n\u011bco na zp\u016fsob P\u0159\u00e1tel po deseti letech, jen s odbyt\u011bj\u0161\u00edmi pointami a p\u0159evahou mu\u017e\u016f na place.\u00a0<\/p>\n<p>Romantik, egocentrik, pohod\u00e1\u0159 a tramvaj\u00e1k<\/p>\n<p>Luk\u00e1\u0161e, Adama a Hynka pozn\u00e1v\u00e1me v moment\u011b, kdy u\u017e jsou relativn\u011b zabydlen\u00ed ve spole\u010dn\u00e9m pra\u017esk\u00e9m byt\u011b. Je jim sice p\u0159es t\u0159icet, ale v\u0161ichni si pro\u0161li nebo proch\u00e1zej\u00ed rozvodem a v\u00edce \u010di m\u00e9n\u011b jsou ochotn\u00ed \u010delit nov\u00e9 situaci s nadhledem.\u00a0<\/p>\n<p>Aby to nebylo moc slo\u017eit\u00e9, \u00fast\u0159edn\u00ed trojice se d\u011bl\u00ed podle osv\u011bd\u010den\u00e9ho kl\u00ed\u010de. Zat\u00edmco Hynek p\u0159ezd\u00edvan\u00fd Hynais (<a href=\"https:\/\/magazin.aktualne.cz\/stitky\/filip-brezina\/\" target=\"_blank\" rel=\"nofollow noopener\">Filip B\u0159ezina<\/a>) je romantik a du\u0161\u00ednovsk\u00fd \u201espr\u00e1v\u0148\u00e1k\u201c, sebev\u011bdom\u00fd Adam (<a href=\"https:\/\/magazin.aktualne.cz\/stitky\/marek-lambora\/\" target=\"_blank\" rel=\"nofollow noopener\">Marek Lambora<\/a>) pova\u017euje romantiku za \u201eposledn\u00ed zoufal\u00fd pokus pro ty, co nemaj\u00ed charisma\u201c a v kule\u010dn\u00edku vid\u00ed p\u0159edev\u0161\u00edm ide\u00e1ln\u00ed n\u00e1stroj na \u201eoh\u00fdb\u00e1n\u00ed\u201c \u017een. Chyb\u011bt samoz\u0159ejm\u011b nesm\u00ed vtip\u00e1lek a pohod\u00e1\u0159, novodob\u00e1 analogie v\u011b\u010dn\u011b vysm\u00e1t\u00e9ho Jakuba z kultovn\u00edch Samot\u00e1\u0159\u016f: Luk\u00e1\u0161 (<a href=\"https:\/\/magazin.aktualne.cz\/stitky\/vaclav-matejovsky\/\" target=\"_blank\" rel=\"nofollow noopener\">V\u00e1clav Mat\u011bjovsk\u00fd<\/a>) p\u0159\u00edkladn\u011b vychov\u00e1v\u00e1 sv\u00e9ho syna Sama, jinak je ale schopn\u00fd zapomenout kamar\u00e1da v kufru sv\u00e9ho tax\u00edku.\u00a0<\/p>\n<p>Trojku \u201el\u00fazr\u016f\u201c \u2013 jak spolubydl\u00edc\u00ed na za\u010d\u00e1tku pojmenuje \u201enaru\u0161itelka Julie z Brunt\u00e1lu\u201c \u2013 dopl\u0148uje o generaci star\u0161\u00ed majitel bytu Mirek (<a href=\"https:\/\/magazin.aktualne.cz\/stitky\/tomas-jerabek\/\" target=\"_blank\" rel=\"nofollow noopener\">Tom\u00e1\u0161 Je\u0159\u00e1bek<\/a>), vdovec, hv\u011bzda v\u011bdomostn\u00edch sout\u011b\u017e\u00ed a tramvaj\u00e1k t\u011blem i du\u0161\u00ed. Eskap\u00e1dy sv\u00fdch n\u00e1jemc\u016f zprvu jen pobaven\u011b pozoruje, brzy se v\u0161ak stane organickou sou\u010d\u00e1st\u00ed party. A od t\u00e9 chv\u00edle funguje o mnoho l\u00e9pe i humor cel\u00e9ho seri\u00e1lu.\u00a0<\/p>\n<p>O hl\u00e1\u0161ky tu nen\u00ed nouze<\/p>\n<p>Ze slov samotn\u00fdch tv\u016frc\u016f mimo jin\u00e9 vypl\u00fdv\u00e1, \u017ee Bo\u017e\u00ed pl\u00e1n chce b\u00fdt odpov\u011bd\u00ed na takzvanou krizi mu\u017estv\u00ed. Ne \u017ee by jeho mu\u017e\u0161t\u00ed hrdinov\u00e9 byli zrovna v\u00fdb\u011br z hrozn\u016f, ale ze srovn\u00e1n\u00ed s \u017eensk\u00fdmi postavami vych\u00e1zej\u00ed rozhodn\u011b l\u00e9pe. Na \u017eeny a d\u00edvky zbyly role naivek, hysterek a manipul\u00e1torek. A i kdy\u017e se chce n\u011bkter\u00e1 vymezit, jako zmi\u0148ovan\u00e1 Julie (<a href=\"https:\/\/magazin.aktualne.cz\/stitky\/michaela-petrekova\/\" target=\"_blank\" rel=\"nofollow noopener\">Michaela Pet\u0159ekov\u00e1<\/a>), neobejde se to bez fr\u00e1z\u00ed typu \u201ej\u00e1 si chci jen v\u00e1\u017eit sama sebe\u201c.\u00a0<\/p>\n<p><img decoding=\"async\" alt=\"Marek Lambora, V\u00e1clav Mat\u011bjovsk\u00fd, a Michaela Pet\u0159ekov\u00e1 v seri\u00e1lu Bo\u017e\u00ed pl\u00e1n.\" class=\"e-ui-image__img\" loading=\"lazy\" src=\"https:\/\/www.europesays.com\/cz\/wp-content\/uploads\/2026\/09\/snimek-obrazovky-2026-09-01-161207.png\" \/><\/p>\n<p>Marek Lambora, V\u00e1clav Mat\u011bjovsk\u00fd, a Michaela Pet\u0159ekov\u00e1 v seri\u00e1lu Bo\u017e\u00ed pl\u00e1n.Foto: Archiv TV Nova \u2013 Lubo\u0161 Novotn\u00fd<\/p>\n<p>Bo\u017e\u00edmu pl\u00e1nu nelze up\u0159\u00edt snahu dob\u0159e a zhusta hl\u00e1\u0161kovat. V prvn\u00edch dvou d\u00edlech humor zakop\u00e1v\u00e1 o svou vlastn\u00ed t\u011b\u017ekop\u00e1dnost. Od samo\u00fa\u010deln\u00fdch pravd, pod\u00e1van\u00fdch v podob\u011b r\u00e1doby spont\u00e1nn\u00edch konstatov\u00e1n\u00ed (\u201e\u017eeny jsou zlo, civiliza\u010dn\u00ed choroba\u201c) \u010di dob\u0159e m\u00edn\u011bn\u00fdch kamar\u00e1dsk\u00fdch rad (\u201eD\u016fle\u017eit\u00e9 je vz\u00edt si takovou, se kterou se dob\u0159e rozvede\u0161!\u201c) se v\u0161ak na\u0161t\u011bst\u00ed zvolna p\u0159esuneme k n\u011b\u010demu, co kone\u010dn\u011b za\u010dne p\u0159ipom\u00ednat komunikaci. Zat\u00edmco na za\u010d\u00e1tku rezonuj\u00ed v podstat\u011b jen vt\u00edpky glos\u00e1tora Luk\u00e1\u0161e (jen\u017e p\u016fsob\u00ed nejp\u0159irozen\u011bji, ale tak\u00e9 m\u00e1 coby \u201ebavi\u010d\u201c nejsnadn\u011bj\u0161\u00ed pozici), postupn\u011b se s\u00edly vyrovnaj\u00ed a jednotliv\u00e9 postavy na sebe za\u010dnou p\u0159irozen\u011b reagovat.\u00a0<\/p>\n<p>Z\u00e1sadn\u011b tomu napomohou \u010dast\u011bj\u0161\u00ed vstupy Tom\u00e1\u0161e Je\u0159\u00e1bka. Jeho zan\u00edcen\u00fd tramvaj\u00e1k Mirek nejen\u017ee svou starosv\u011btskou non\u0161alanc\u00ed okouzluje \u017eeny a cestuj\u00edc\u00ed d\u00edky n\u011bmu nikdy nechytne revizor, ale p\u0159edev\u0161\u00edm um\u00ed jakoukoli ciz\u00ed hl\u00e1\u0161ku posadit tak, aby \u201ezazvonila\u201c. \u201ePro tebe je v\u0161echno pohoda. A kdy\u017e ne, zahul\u00ed\u0161 si a zase je,\u201c st\u011b\u017euje si Hynek Luk\u00e1\u0161ovi. \u201eTak si zahul taky,\u201c pronese Mirek, ten posledn\u00ed, od koho bychom podobnou v\u011btu \u010dekali, s odzbrojuj\u00edc\u00edm \u00fasm\u011bvem. Dokonce i plan\u00e9 chlapsk\u00e9 mudrov\u00e1n\u00ed z\u00edsk\u00e1 d\u00edky Mirkovu zapojen\u00ed v\u00edtan\u011b nov\u00fd rozm\u011br. \u201e\u017densk\u00fd nejsou \u017e\u00e1dn\u00e1 jadern\u00e1 v\u011bda. V\u017edy\u0165 on ji sbalil na kn\u00ed\u017eku o tramvaj\u00edch!\u201c\u00a0<\/p>\n<p><img decoding=\"async\" alt=\"Michaela Pet\u0159ekov\u00e1 v seri\u00e1lu Bo\u017e\u00ed pl\u00e1n.\" class=\"e-ui-image__img\" loading=\"lazy\" src=\"https:\/\/www.europesays.com\/cz\/wp-content\/uploads\/2026\/09\/snimek-obrazovky-2026-09-01-161510.png\" \/><\/p>\n<p>Michaela Pet\u0159ekov\u00e1 v seri\u00e1lu Bo\u017e\u00ed pl\u00e1n.Foto: Archiv TV Nova \u2013 Lubo\u0161 Novotn\u00fd<\/p>\n<p>Mrchy, dibl\u00edci a n\u00e1ny<\/p>\n<p>Vedle Je\u0159\u00e1bka m\u00e1 nov\u00fd seri\u00e1l je\u0161t\u011b jeden nesporn\u00fd trumf: chemii panuj\u00edc\u00ed mezi hlavn\u00edmi mu\u017esk\u00fdmi akt\u00e9ry. \u010c\u00edm d\u00e9le spolu jsou, t\u00edm l\u00e9pe se poslouchaj\u00ed. N\u011bkter\u00e9 jejich \u201epost\u0159ehy\u201c se sice pohybuj\u00ed na hran\u011b nevkusn\u00e9ho sexismu, jako bezd\u011b\u010dn\u00fd produkt autentick\u00e9 kamar\u00e1dsk\u00e9 rozmluvy je ale p\u0159ijmeme l\u00e9pe, ne\u017e bychom sami \u010dekali.\u00a0<\/p>\n<p>Probl\u00e9m je, \u017ee velkou \u010d\u00e1st \u00favodn\u00ed \u010dtve\u0159ice d\u00edl\u016f, je\u017e m\u011bli recenzenti k dispozici, tvo\u0159\u00ed rozhovory bez spr\u00e1vn\u00e9ho hnac\u00edho motoru. Rozvod jako v\u00fdchoz\u00ed situace z\u00e1hy p\u0159est\u00e1v\u00e1 sta\u010dit a skute\u010dn\u00fd d\u011bjov\u00fd motiv se ne a ne objevit. Pot\u0159ebn\u00e9 konflikty nedok\u00e1\u017eou dodat ani vedlej\u0161\u00ed, v\u011bt\u0161inou \u017eensk\u00e9 postavy. Zat\u00edmco s mu\u017esk\u00fdmi hrdiny si scen\u00e1rist\u00e9 relativn\u011b vyhr\u00e1li, v p\u0159\u00edpad\u011b \u017een si vysta\u010dili s pr\u016fhledn\u00fdmi mrchami (pr\u00e1vni\u010dka), naivn\u00edmi dibl\u00edky (Julie) a venkovsk\u00fdmi n\u00e1nami (Juliina maminka a sestra).\u00a0<\/p>\n<p>Kdykoli se n\u011bkter\u00e1 z nich o n\u011bco pokus\u00ed, nestoj\u00ed to za \u0159e\u010d &#8211; s v\u00fdjimkou \u010dtvrt\u00e9ho d\u00edlu, kde se kone\u010dn\u011b za\u010dne i n\u011bco d\u00edt a akce generuje reakci (jev v Bo\u017e\u00edm pl\u00e1nu do t\u00e9 doby nev\u00eddan\u00fd). Po v\u011bt\u0161inu \u010dasu se tu v\u0161ak pouze tlach\u00e1, jezd\u00ed tramvaj\u00ed, pop\u00edj\u00ed presso a zase jezd\u00ed tramvaj\u00ed (ne n\u00e1hodou je jedn\u00edm z hlavn\u00edch partner\u016f seri\u00e1lu Dopravn\u00ed podnik hlavn\u00edho m\u011bsta Prahy).\u00a0<\/p>\n<p>Pra\u017e\u00e1k\u016fm se ned\u00e1 v\u011b\u0159it<\/p>\n<p>\u00c0 propos Praha: \u010dasto se tu \u017eertuje i na t\u00e9ma \u201evenkov\u201c versus hlavn\u00ed m\u011bsto, p\u0159i\u010dem\u017e \u010do\u010dku dost\u00e1vaj\u00ed ob\u011b strany. Pra\u017e\u00e1k\u016fm \u201ese ned\u00e1 v\u011b\u0159it\u201c, proto\u017ee \u201eto nejsou norm\u00e1ln\u00ed lidi\u201c a Julie \u201enen\u00ed z cukru, je z Brunt\u00e1lu\u201c. Sou\u010dasn\u011b v\u0161ak pr\u00e1v\u011b v Brunt\u00e1le \u017eije minim\u00e1ln\u011b jeden u\u010debnicov\u00fd prototyp malom\u011bstsk\u00e9ho omezence a Julie sama se chce koneckonc\u016f p\u0159est\u011bhovat do Prahy, pod\u00e1van\u00e9 jako dynamick\u00e9ho a v\u00fdsostn\u011b fotogenick\u00e9ho velkom\u011bsta (dojem podpo\u0159en\u00fd vz\u00e1cn\u011b negenerick\u00fdm hudebn\u00edm podkresem z d\u00edlny <a href=\"https:\/\/magazin.aktualne.cz\/stitky\/jan-p-muchow-hudebnik\/\" target=\"_blank\" rel=\"nofollow noopener\">Jana P. Muchowa<\/a>).\u00a0<\/p>\n<p>Bo\u017e\u00ed pl\u00e1n m\u00e1 24 d\u00edl\u016f, co\u017e je pom\u011brn\u011b dost na seri\u00e1l, kter\u00fd se b\u011bhem \u00favodn\u00ed \u010dtve\u0159ice nedok\u00e1\u017ee po\u0159\u00e1dn\u011b rozjet. Jestli si div\u00e1ky udr\u017e\u00ed, z\u00e1le\u017e\u00ed p\u0159edev\u0161\u00edm na tom, zda se dynamiku nazna\u010denou ve \u010dtvrt\u00e9 epizod\u011b poda\u0159\u00ed tv\u016frc\u016fm dostate\u010dn\u011b rozvinout. Jen tramvaje a vt\u00edpky o \u017een\u00e1ch rozhodn\u011b sta\u010dit nebudou.<\/p>\n<p>Seri\u00e1l<\/p>\n<p>Bo\u017e\u00ed pl\u00e1n<\/p>\n<p>Re\u017eie: Martin Kopp, Petr Nikolaev, Luk\u00e1\u0161 Borovi\u010dka, Dan Wlodarczyk <\/p>\n<p>Sc\u00e9n\u00e1\u0159: Lucie Kone\u010dn\u00e1, Martin \u0160im\u00ed\u010dek, Magdalena Turnovsk\u00e1, Tereza Nov\u00e1kov\u00e1, Marta Fenclov\u00e1<\/p>\n<p>TV Nova, premi\u00e9ra 1. z\u00e1\u0159\u00ed 2026<\/p>\n","protected":false},"excerpt":{"rendered":"Jarn\u00ed sezona se nov\u00e9mu managementu TV Nova p\u0159\u00edli\u0161 nevyda\u0159ila. Nen\u00ed proto divu, \u017ee si dal na podzimn\u00ed novince&hellip;\n","protected":false},"author":2,"featured_media":199147,"comment_status":"","ping_status":"","sticky":false,"template":"","format":"standard","meta":{"footnotes":"","_share_on_mastodon":"0"},"categories":[14],"tags":[79,1257,29501,2092,40278,195,875,27998,809,3403,80],"class_list":["post-199146","post","type-post","status-publish","format-standard","has-post-thumbnail","category-zabava","tag-entertainment","tag-filip-brezina","tag-jan-p-muchow-hudebnik","tag-marek-lambora","tag-michaela-petrekova","tag-recenze","tag-serial","tag-tomas-jerabek","tag-tv-nova","tag-vaclav-matejovsky","tag-zabava"],"share_on_mastodon":{"url":"https:\/\/pubeurope.com\/@cz\/117198418850057271","error":""},"_links":{"self":[{"href":"https:\/\/www.europesays.com\/cz\/wp-json\/wp\/v2\/posts\/199146","targetHints":{"allow":["GET"]}}],"collection":[{"href":"https:\/\/www.europesays.com\/cz\/wp-json\/wp\/v2\/posts"}],"about":[{"href":"https:\/\/www.europesays.com\/cz\/wp-json\/wp\/v2\/types\/post"}],"author":[{"embeddable":true,"href":"https:\/\/www.europesays.com\/cz\/wp-json\/wp\/v2\/users\/2"}],"replies":[{"embeddable":true,"href":"https:\/\/www.europesays.com\/cz\/wp-json\/wp\/v2\/comments?post=199146"}],"version-history":[{"count":0,"href":"https:\/\/www.europesays.com\/cz\/wp-json\/wp\/v2\/posts\/199146\/revisions"}],"wp:featuredmedia":[{"embeddable":true,"href":"https:\/\/www.europesays.com\/cz\/wp-json\/wp\/v2\/media\/199147"}],"wp:attachment":[{"href":"https:\/\/www.europesays.com\/cz\/wp-json\/wp\/v2\/media?parent=199146"}],"wp:term":[{"taxonomy":"category","embeddable":true,"href":"https:\/\/www.europesays.com\/cz\/wp-json\/wp\/v2\/categories?post=199146"},{"taxonomy":"post_tag","embeddable":true,"href":"https:\/\/www.europesays.com\/cz\/wp-json\/wp\/v2\/tags?post=199146"}],"curies":[{"name":"wp","href":"https:\/\/api.w.org\/{rel}","templated":true}]}}