{"id":199166,"date":"2026-09-02T00:08:24","date_gmt":"2026-09-02T00:08:24","guid":{"rendered":"https:\/\/www.europesays.com\/cz\/199166\/"},"modified":"2026-09-02T00:08:24","modified_gmt":"2026-09-02T00:08:24","slug":"cechami-se-prohnaly-bourky-prinesly-silne-narazy-vetru","status":"publish","type":"post","link":"https:\/\/www.europesays.com\/cz\/199166\/","title":{"rendered":"\u010cechami se prohnaly bou\u0159ky. P\u0159inesly siln\u00e9 n\u00e1razy v\u011btru"},"content":{"rendered":"<p class=\"c_bB\">Prvn\u00ed p\u0159eh\u00e1\u0148ky a\u00a0bou\u0159ky dorazily nad na\u0161e \u00fazem\u00ed v\u00a0Karlovarsk\u00e9m kraji kr\u00e1tce p\u0159ed \u0161estou hodinou rann\u00ed. Kolem sedm\u00e9 hodiny pak sr\u00e1\u017ekov\u00e9 p\u00e1smo zas\u00e1hlo zejm\u00e9na Plze\u0148 a\u00a0jej\u00ed okol\u00ed. Stanice <a data-dot=\"atm-link\" target=\"_blank\" rel=\"noopener nofollow\" href=\"http:\/\/meteoplzen.cz\/graphs\/meteokosutka.html\" class=\"c_I\">Plze\u0148-Ko\u0161utka<\/a> zaznamenala n\u00e1raz v\u011btru o\u00a0rychlosti 92\u00a0km\/h. <\/p>\n<p class=\"c_bB\">Kolem osm\u00e9 hodiny dorazily bou\u0159ky tak\u00e9 do Prahy a\u00a0po dev\u00e1t\u00e9 hodin\u011b rychle postupovaly p\u0159es st\u0159edn\u00ed \u010cechy d\u00e1le k\u00a0v\u00fdchodu. B\u011bhem dopoledne p\u00e1smo dorazilo k\u00a0polsk\u00fdm hranic\u00edm v\u00a0Krkono\u0161\u00edch a\u00a0Orlick\u00fdch hor\u00e1ch a\u00a0postupn\u011b opustilo na\u0161e \u00fazem\u00ed.<\/p>\n<p class=\"c_bB\">Podle <a data-dot=\"atm-link\" target=\"_blank\" rel=\"noopener nofollow\" href=\"https:\/\/www.facebook.com\/chmi.cz\/posts\/pfbid02sWWpsQoQqWFTDdzd1AzeMjL4Z8tFtgu6Fd2PBko5QwBH2zHpuJ4bPs8RXaWjArFjl?locale=cs_CZ\" class=\"c_I\">\u010cesk\u00e9ho hydrometeorologick\u00e9ho \u00fastavu<\/a> bylo mo\u017en\u00e9 na \u010dele syst\u00e9mu pozorovat tak\u00e9 zaj\u00edmav\u00fd obla\u010dn\u00fd \u00fatvar, takzvan\u00fd shelf cloud. Jeho p\u0159echod p\u0159es st\u0159edn\u00ed \u010cechy zaznamenala tak\u00e9 redakce Novinek.<\/p>\n<p><a data-dot=\"atm-link\" target=\"_self\" href=\"https:\/\/www.novinky.cz\/clanek\/pocasi-podivana-nad-cechami-na-cele-rannich-bourek-se-vytvoril-pusobivy-shelf-cloud-40595179\" class=\"c_I\" rel=\"nofollow noopener\"><img fetchpriority=\"high\" height=\"866\" width=\"1539\" src=\"https:\/\/www.europesays.com\/cz\/wp-content\/uploads\/2026\/09\/shelf-cloud.jpeg\" loading=\"eager\" decoding=\"sync\" class=\"c_t c_r\"\/><\/a><\/p>\n<p class=\"c_bB\">Na \u0159ad\u011b m\u00edst se z\u00e1rove\u0148 tvo\u0159ily v\u00fdrazn\u00e9 rann\u00ed duhy. P\u00e1smo p\u0159eh\u00e1n\u011bk a\u00a0bou\u0159ek tak bylo navzdory nebezpe\u010dn\u00fdm projev\u016fm velmi fotogenick\u00e9.<\/p>\n<p class=\"c_bB\">P\u0159echod \u010dela bou\u0159kov\u00e9ho syst\u00e9mu doprov\u00e1zely tak\u00e9 <a data-dot=\"atm-link\" target=\"_blank\" rel=\"noopener nofollow\" href=\"https:\/\/www.chmi.cz\/namerena-data\/data-z-mericich-stanic\/maximalni-rychlost-vetru?c=49.8055,14.6673,9.4035&amp;l=layer_vector,kraje,ZTM\" class=\"c_I\">v\u00fdrazn\u00e9 n\u00e1razy v\u011btru<\/a>. Krom\u011b zm\u00edn\u011bn\u00fdch 92\u00a0km\/h v\u00a0Plzni p\u0159esahovaly na \u0159ad\u011b dal\u0161\u00edch stanic rychlost 50\u00a0km\/h. V\u00fdrazn\u011b foukalo zejm\u00e9na na hor\u00e1ch, nap\u0159\u00edklad na Sn\u011b\u017ece poryvy v\u011btru p\u0159es\u00e1hly 80\u00a0km\/h.<\/p>\n<p class=\"c_bB\">P\u0159echod syst\u00e9mu doprov\u00e1zel krom\u011b n\u00e1razov\u00e9ho v\u011btru tak\u00e9 intenzivn\u00ed d\u00e9\u0161\u0165. Sr\u00e1\u017ekov\u00e9 p\u00e1smo v\u0161ak postupovalo pom\u011brn\u011b rychle, tak\u017ee \u00fahrny z\u016fstaly v\u011bt\u0161inou pom\u011brn\u011b n\u00edzk\u00e9. Do 10:30\u00a0napr\u0161elo nejv\u00edce na stanici <a data-dot=\"atm-link\" target=\"_blank\" rel=\"noopener nofollow\" href=\"https:\/\/hydro.chmi.cz\/hppsoldv\/hpps_act_rain.php?day_offset=0&amp;fpob=&amp;fdp=&amp;fkraj=&amp;ordrstr=41#\" class=\"c_I\">Praha, Horn\u00ed M\u011bcholupy<\/a>, kde nam\u011b\u0159ili 15,3\u00a0milimetru.<\/p>\n<p class=\"c_bB\">Zat\u00edmco sr\u00e1\u017ekov\u00e9 p\u00e1smo p\u0159e\u0161lo velkou \u010d\u00e1st\u00ed \u010cech, v\u00a0jejich jihov\u00fdchodn\u00ed \u010d\u00e1sti, na Morav\u011b a\u00a0ve Slezsku pr\u0161elo v\u00fdrazn\u011b m\u00e9n\u011b, p\u0159\u00edpadn\u011b v\u016fbec. Odpoledne u\u017e budou sr\u00e1\u017eky m\u00e9n\u011b \u010detn\u00e9 a\u00a0objev\u00ed se sp\u00ed\u0161e lok\u00e1ln\u011b. Za frontou se z\u00e1rove\u0148 ochlad\u00ed a\u00a0nejvy\u0161\u0161\u00ed teploty dos\u00e1hnou 20\u00a0a\u017e 25\u00a0\u00b0C.<\/p>\n<p><a data-dot=\"atm-link\" target=\"_self\" href=\"https:\/\/www.novinky.cz\/clanek\/pocasi-ceka-nas-vetsinou-slunecny-tyden-nekde-ale-i-zaprsi-40594711\" class=\"c_I\" rel=\"nofollow noopener\"><img height=\"393\" width=\"700\" src=\"https:\/\/www.europesays.com\/cz\/wp-content\/uploads\/2026\/09\/1788307704_459_teploty.png\" loading=\"eager\" decoding=\"sync\" class=\"c_t c_r\"\/><\/a><\/p>\n","protected":false},"excerpt":{"rendered":"Prvn\u00ed p\u0159eh\u00e1\u0148ky a\u00a0bou\u0159ky dorazily nad na\u0161e \u00fazem\u00ed v\u00a0Karlovarsk\u00e9m kraji kr\u00e1tce p\u0159ed \u0161estou hodinou rann\u00ed. Kolem sedm\u00e9 hodiny pak&hellip;\n","protected":false},"author":2,"featured_media":199167,"comment_status":"","ping_status":"","sticky":false,"template":"","format":"standard","meta":{"footnotes":"","_share_on_mastodon":"0"},"categories":[7],"tags":[3862,43,42,41,40,255,11416],"class_list":["post-199166","post","type-post","status-publish","format-standard","has-post-thumbnail","category-cesko","tag-bourka","tag-ceska-republika","tag-cesko","tag-czech-republic","tag-czechia","tag-pocasi","tag-vitr"],"share_on_mastodon":{"url":"https:\/\/pubeurope.com\/@cz\/117198540466606734","error":""},"_links":{"self":[{"href":"https:\/\/www.europesays.com\/cz\/wp-json\/wp\/v2\/posts\/199166","targetHints":{"allow":["GET"]}}],"collection":[{"href":"https:\/\/www.europesays.com\/cz\/wp-json\/wp\/v2\/posts"}],"about":[{"href":"https:\/\/www.europesays.com\/cz\/wp-json\/wp\/v2\/types\/post"}],"author":[{"embeddable":true,"href":"https:\/\/www.europesays.com\/cz\/wp-json\/wp\/v2\/users\/2"}],"replies":[{"embeddable":true,"href":"https:\/\/www.europesays.com\/cz\/wp-json\/wp\/v2\/comments?post=199166"}],"version-history":[{"count":0,"href":"https:\/\/www.europesays.com\/cz\/wp-json\/wp\/v2\/posts\/199166\/revisions"}],"wp:featuredmedia":[{"embeddable":true,"href":"https:\/\/www.europesays.com\/cz\/wp-json\/wp\/v2\/media\/199167"}],"wp:attachment":[{"href":"https:\/\/www.europesays.com\/cz\/wp-json\/wp\/v2\/media?parent=199166"}],"wp:term":[{"taxonomy":"category","embeddable":true,"href":"https:\/\/www.europesays.com\/cz\/wp-json\/wp\/v2\/categories?post=199166"},{"taxonomy":"post_tag","embeddable":true,"href":"https:\/\/www.europesays.com\/cz\/wp-json\/wp\/v2\/tags?post=199166"}],"curies":[{"name":"wp","href":"https:\/\/api.w.org\/{rel}","templated":true}]}}