{"id":199222,"date":"2026-09-02T02:15:10","date_gmt":"2026-09-02T02:15:10","guid":{"rendered":"https:\/\/www.europesays.com\/cz\/199222\/"},"modified":"2026-09-02T02:15:10","modified_gmt":"2026-09-02T02:15:10","slug":"sledujte-radar-prijde-radikalni-zlom-meteorologove-rekli-kdy-znovu-uderi-bourky","status":"publish","type":"post","link":"https:\/\/www.europesays.com\/cz\/199222\/","title":{"rendered":"Sledujte RADAR: P\u0159ijde radik\u00e1ln\u00ed zlom. Meteorologov\u00e9 \u0159ekli, kdy znovu ude\u0159\u00ed bou\u0159ky"},"content":{"rendered":"<p>\n                        P\u0159\u00edjemn\u00e9 letn\u00ed po\u010das\u00ed, kter\u00e9 bude panovat od \u00fater\u00fd do p\u00e1tku, vyst\u0159\u00edd\u00e1 de\u0161tiv\u00e1 sobota, b\u011bhem kter\u00e9 hroz\u00ed m\u00edsty i bou\u0159ky. Teploty se do konce t\u00fddne udr\u017e\u00ed vysoko nad 20 stupni Celsia a na jihu Moravy se v\u00a0p\u00e1tek p\u0159ehoupnou p\u0159es tropickou t\u0159ic\u00edtku. Vypl\u00fdv\u00e1 to z\u00a0p\u0159edpov\u011bdi \u010cesk\u00e9ho hydrometeorologick\u00e9ho \u00fastavu (\u010cHM\u00da).\n                    <\/p>\n<p>Dopoledne bude v\u00a0\u00fater\u00fd polojasno a\u017e skoro jasno. B\u011bhem dne pak do \u010ceska doraz\u00ed zv\u00fd\u0161en\u00e1 obla\u010dnost, na hor\u00e1ch se o\u010dek\u00e1vaj\u00ed tak\u00e9 ojedin\u011bl\u00e9 p\u0159eh\u00e1\u0148ky. \u201eDenn\u00ed maxima se budou pohybovat mezi 20 a 25 stupni Celsia. Na Morav\u011b m\u016f\u017ee b\u00fdt a\u017e 27 stup\u0148\u016f,\u201c uvedla ve vys\u00edl\u00e1n\u00ed CNN Prima NEWS meteorolo\u017eka Jana Hujslov\u00e1. V\u00e1t bude m\u00edrn\u00fd z\u00e1padn\u00ed a\u017e severoz\u00e1padn\u00ed v\u00edtr, kter\u00fd bude k\u00a0ve\u010deru sl\u00e1bnout.<\/p>\n<p>MOHLO V\u00c1M UNIKNOUT: <a target=\"_blank\" href=\"https:\/\/cnn.iprima.cz\/brutalni-nic-takoveho-jsem-nevidel-rika-expert-k-zaberum-z-nepalu-sesuvy-hrozi-i-v-evrope-520444\" rel=\"nofollow noopener\">Brut\u00e1ln\u00ed, to jsem je\u0161t\u011b nevid\u011bl, \u0159\u00edk\u00e1 expert k z\u00e1b\u011br\u016fm z Nep\u00e1lu. Ob\u0159\u00ed sesuvy hroz\u00ed i v Evrop\u011b<\/a><\/p>\n<p>Podobn\u00e9ho r\u00e1zu bude i st\u0159ede\u010dn\u00ed po\u010das\u00ed. Nejvy\u0161\u0161\u00ed teploty budou op\u011bt 20 a\u017e 25 stup\u0148\u016f. Na Morav\u011b se m\u00edrn\u011b otepl\u00ed a meteorologov\u00e9 tam o\u010dek\u00e1vaj\u00ed a\u017e 28 \u00b0C. V severn\u00ed polovin\u011b republiky se ojedin\u011ble vyskytnou p\u0159eh\u00e1\u0148ky,<a target=\"_blank\" href=\"https:\/\/www.chmi.cz\/predpoved-pocasi\/tyden\" rel=\"nofollow noopener\"> napsal ve sv\u00e9 t\u00fddenn\u00ed p\u0159edpov\u011bdi \u010cHM\u00da<\/a>.<\/p>\n<p>Aktu\u00e1ln\u00ed p\u0159edpov\u011b\u010f po\u010das\u00ed:<\/p>\n<p>V\u00a0p\u00e1tek se op\u011bt m\u00edrn\u011b otepl\u00ed. V\u00a0\u010cech\u00e1ch teploty dos\u00e1hnou a\u017e 28 \u00b0C, na jihu Moravy pak vyst\u0159el\u00ed a\u017e k\u00a0tropick\u00e9 t\u0159ic\u00edtce. Bude jasno a\u017e polojasno. Zv\u00fd\u0161en\u00e1 obla\u010dnost zahal\u00ed sever \u00fazem\u00ed, kde se mohou vyskytovat p\u0159eh\u00e1\u0148ky. Ty budou ov\u0161em v\u00a0pr\u016fb\u011bhu dne ust\u00e1vat.<\/p>\n<p>Situaci ve sv\u00e9m kraji m\u016f\u017eete sledovat prost\u0159ednictv\u00edm radaru:<\/p>\n<p>Pozn.: K zobrazen\u00ed aktu\u00e1ln\u00ed situace rozklikn\u011bte na radaru v lev\u00e9m horn\u00edm rohu p\u0159\u00edslu\u0161nou kategorii. Na \u010dasov\u00e9 ose ve spodn\u00ed \u010d\u00e1sti si pak zvolte den a hodinu, kter\u00e9 v\u00e1s zaj\u00edmaj\u00ed.<\/p>\n<p>Sobota bude de\u0161tiv\u00e1. Na v\u011bt\u0161in\u011b \u00fazem\u00ed p\u0159edpov\u00edd\u00e1 \u010cHM\u00da p\u0159eh\u00e1\u0148ky. M\u00edsty mohou v\u00edkendovou idylku naru\u0161it tak\u00e9 bou\u0159ky. Denn\u00ed maxima oproti p\u00e1tku m\u00edrn\u011b klesnou. Nejv\u00edce nam\u011b\u0159\u00ed na jihu a jihov\u00fdchod\u011b republiky, a to 28 stup\u0148\u016f. Jinde se teploty udr\u017e\u00ed pod 25 \u00b0C.<\/p>\n<p class=\"intro-title-mobile\">\n        \u010ct\u011bte tak\u00e9\n    <\/p>\n<p>        <a href=\"https:\/\/cnn.iprima.cz\/neni-dest-jako-dest-odbornici-nastinili-proc-ani-po-velkych-lijacich-nerostou-houby-520176\" class=\"image-link\" rel=\"nofollow noopener\" target=\"_blank\"><\/p>\n<p>            <img decoding=\"async\" loading=\"lazy\" class=\"image\" src=\"https:\/\/www.europesays.com\/cz\/wp-content\/uploads\/2026\/09\/723027fe61e6df5adeedbcde5a0c7b67.jpg\" alt=\"Houba\u0159i letos zat\u00edm p\u0159\u00edli\u0161 d\u016fvod\u016f k radosti nemaj\u00ed. \"\/><\/p>\n<p>            <\/a><\/p>\n<p class=\"intro-title-desktop\">\n            \u010ct\u011bte tak\u00e9\n        <\/p>\n<p>                <a href=\"https:\/\/cnn.iprima.cz\/neni-dest-jako-dest-odbornici-nastinili-proc-ani-po-velkych-lijacich-nerostou-houby-520176\" class=\"title-link\" rel=\"nofollow noopener\" target=\"_blank\"><\/p>\n<p class=\"title\">\n                Ani prudk\u00e9 lij\u00e1ky houb\u00e1m nepomohou. Odborn\u00edci vysv\u011btlili, pro\u010d v \u010desk\u00fdch les\u00edch st\u00e1le nerostou\n            <\/p>\n<p>        <\/a><\/p>\n<p>                                                                                                27. srp 2026, 06:41<\/p>\n<p>                6 min \u010dten\u00ed<\/p>\n<p>Koncem t\u00fddne a za\u010d\u00e1tkem t\u00fddne nov\u00e9ho se po\u010das\u00ed znovu zklidn\u00ed. Bude v\u011bt\u0161inou polojasno, p\u0159i p\u0159echodn\u00e9 obla\u010dnosti se mohou v\u00fdjime\u010dn\u011b objevit p\u0159eh\u00e1\u0148ky. Nad r\u00e1nem se ov\u0161em budou tvo\u0159it mlhy, kter\u00e9 mohou komplikovat dopravu. Nejvy\u0161\u0161\u00ed denn\u00ed teploty se vy\u0161plhaj\u00ed k\u00a028 \u00b0C.<\/p>\n<p>MOHLO V\u00c1M UNIKNOUT: <a target=\"_blank\" href=\"https:\/\/cnn.iprima.cz\/myty-o-houbach-480293\" rel=\"nofollow noopener\">Nebezpe\u010dn\u00e9 m\u00fdty o houb\u00e1ch: Neposuzujte jedovatost podle barvy, varuje mykolog<\/a><\/p>\n","protected":false},"excerpt":{"rendered":"P\u0159\u00edjemn\u00e9 letn\u00ed po\u010das\u00ed, kter\u00e9 bude panovat od \u00fater\u00fd do p\u00e1tku, vyst\u0159\u00edd\u00e1 de\u0161tiv\u00e1 sobota, b\u011bhem kter\u00e9 hroz\u00ed m\u00edsty i&hellip;\n","protected":false},"author":2,"featured_media":199223,"comment_status":"","ping_status":"","sticky":false,"template":"","format":"standard","meta":{"footnotes":"","_share_on_mastodon":"0"},"categories":[10],"tags":[3862,42,1843,106,17,21,2770,16,255,1440,18831,18,19,22,20],"class_list":["post-199222","post","type-post","status-publish","format-standard","has-post-thumbnail","category-zpravy","tag-bourka","tag-cesko","tag-cesky-hydrometeorologicky-ustav","tag-evropa","tag-headlines","tag-hlavni-udalosti","tag-morava","tag-news","tag-pocasi","tag-predpoved-pocasi","tag-stupen-celsia","tag-top-news","tag-top-stories","tag-udalosti-dne","tag-zpravy"],"share_on_mastodon":{"url":"https:\/\/pubeurope.com\/@cz\/117199039867159258","error":""},"_links":{"self":[{"href":"https:\/\/www.europesays.com\/cz\/wp-json\/wp\/v2\/posts\/199222","targetHints":{"allow":["GET"]}}],"collection":[{"href":"https:\/\/www.europesays.com\/cz\/wp-json\/wp\/v2\/posts"}],"about":[{"href":"https:\/\/www.europesays.com\/cz\/wp-json\/wp\/v2\/types\/post"}],"author":[{"embeddable":true,"href":"https:\/\/www.europesays.com\/cz\/wp-json\/wp\/v2\/users\/2"}],"replies":[{"embeddable":true,"href":"https:\/\/www.europesays.com\/cz\/wp-json\/wp\/v2\/comments?post=199222"}],"version-history":[{"count":0,"href":"https:\/\/www.europesays.com\/cz\/wp-json\/wp\/v2\/posts\/199222\/revisions"}],"wp:featuredmedia":[{"embeddable":true,"href":"https:\/\/www.europesays.com\/cz\/wp-json\/wp\/v2\/media\/199223"}],"wp:attachment":[{"href":"https:\/\/www.europesays.com\/cz\/wp-json\/wp\/v2\/media?parent=199222"}],"wp:term":[{"taxonomy":"category","embeddable":true,"href":"https:\/\/www.europesays.com\/cz\/wp-json\/wp\/v2\/categories?post=199222"},{"taxonomy":"post_tag","embeddable":true,"href":"https:\/\/www.europesays.com\/cz\/wp-json\/wp\/v2\/tags?post=199222"}],"curies":[{"name":"wp","href":"https:\/\/api.w.org\/{rel}","templated":true}]}}