{"id":199248,"date":"2026-09-02T03:09:25","date_gmt":"2026-09-02T03:09:25","guid":{"rendered":"https:\/\/www.europesays.com\/cz\/199248\/"},"modified":"2026-09-02T03:09:25","modified_gmt":"2026-09-02T03:09:25","slug":"echo-bundesligy-leverkusen-jako-na-pisecku-novacek-neprekvapil","status":"publish","type":"post","link":"https:\/\/www.europesays.com\/cz\/199248\/","title":{"rendered":"ECHO BUNDESLIGY: Leverkusen jako na p\u00edse\u010dku. Nov\u00e1\u010dek (ne)p\u0159ekvapil"},"content":{"rendered":"<p class=\"b_bA\">\u201eKde Bayern skon\u010dil v\u00a0minul\u00e9 sezon\u011b, tam i\u00a0za\u010dal. Po \u00favodu, kdy se n\u011bkte\u0159\u00ed hr\u00e1\u010di teprve dost\u00e1vali do tempa, p\u0159i\u0161la suver\u00e9nn\u00ed j\u00edzda. Je jasn\u00e9, \u017ee to zat\u00edm fyzicky a\u00a0b\u011b\u017eecky je\u0161t\u011b nen\u00ed ono. Bylo mistrovstv\u00ed a\u00a0mus\u00ed je\u0161t\u011b nabrat fyzi\u010dku. Jednozna\u010dn\u011b ale \u0159\u00edk\u00e1m, \u017ee od Bayernu se d\u00e1 o\u010dek\u00e1vat suver\u00e9nn\u00ed j\u00edzda celou sezonu, pokud nep\u0159ijdou zran\u011bn\u00ed.<\/p>\n<p class=\"b_bA\">Zm\u00ednil bych konkr\u00e9tn\u011b jedno jm\u00e9no, kter\u00e9 m\u016f\u017ee b\u00fdt skv\u011blou n\u00e1hradou, pokud by se zranil Harry Kane. Ud\u011blal na m\u011b dojem Ismael Saibari. Nem\u016f\u017eeme ho \u00fapln\u011b srovn\u00e1vat s\u00a0Kanem, ale je to nep\u0159\u00edjemn\u00fd silov\u00fd hr\u00e1\u010d. Pot\u0159ebuje je\u0161t\u011b dotr\u00e9novat, ale u\u017e na MS uk\u00e1zal, \u017ee m\u00e1 obrovsk\u00e9 kvality. Je g\u00f3lov\u00fd a\u00a0teprve sezona uk\u00e1\u017ee, jestli opravdu na Bayern m\u00e1. Pravdou je, \u017ee podobn\u011b jsme mluvili o\u00a0Jacksonovi, kter\u00e9mu se anga\u017em\u00e1 v\u00a0Mnichov\u011b v\u016fbec nepovedlo.<\/p>\n<p><a data-dot=\"atm-link\" target=\"_self\" href=\"https:\/\/www.sport.cz\/clanek\/fotbal-bundesliga-zatmeni-v-bundeslize-satna-rivala-zhasla-na-travniku-pak-schytal-debakl-5520736\" class=\"b_V g_ia\" rel=\"nofollow noopener\"><img fetchpriority=\"high\" height=\"2730\" width=\"3641\" src=\"https:\/\/www.europesays.com\/cz\/wp-content\/uploads\/2026\/09\/297e.jpeg\" loading=\"eager\" decoding=\"sync\" class=\"b_B b_z\"\/><\/a><\/p>\n<p class=\"b_bA\">Poj\u010fme ale pry\u010d od Bayernu. Minul\u00fd t\u00fdden jsem vychvaloval \u0159eckou posilu Dortmundu Giannise Konstanteliase. Cel\u00e9 BVB ale te\u010f truchl\u00ed, jeliko\u017e se dlouhodob\u011b zranil. On spole\u010dn\u011b s\u00a0Konstantinosem Karetsasem p\u0159edstavuj\u00ed o\u017eiven\u00ed pro celou bundesligu. Obohacuj\u00ed ji svoj\u00ed my\u0161lenkou, lehkost\u00ed a\u00a0vysp\u011blost\u00ed. Jsou to super kluci a\u00a0stra\u0161n\u011b m\u011b mrz\u00ed, \u017ee se Konstantelias zranil.<\/p>\n<p class=\"b_bA\">Co se t\u00fd\u010de samotn\u00e9ho z\u00e1pasu s\u00a0Hamburkem, BVB m\u011blo excelentn\u00ed prvn\u00ed p\u016fli. Takhle dominantn\u00ed v\u00fdkon jsem od nich nevid\u011bl velmi dlouhou dobu. HSV p\u016fsobilo naopak a\u017e odevzdan\u011b. Dortmund zkr\u00e1tka uk\u00e1zal s\u00edlu a\u00a0m\u016f\u017ee b\u00fdt t\u00edm, kdo bude alespo\u0148 \u010d\u00e1ste\u010dn\u011b nah\u00e1n\u011bt Bayern.<\/p>\n<p><a data-dot=\"atm-link\" target=\"_self\" href=\"https:\/\/www.sport.cz\/clanek\/fotbal-bundesliga-schick-si-otevrel-strelecky-ucet-leverkusen-ale-padl-s-novackem-5520851\" class=\"b_V g_ia\" rel=\"nofollow noopener\"><img height=\"2538\" width=\"3384\" src=\"https:\/\/www.europesays.com\/cz\/wp-content\/uploads\/2026\/09\/9499.jpeg\" loading=\"eager\" decoding=\"sync\" class=\"b_B b_z\"\/><\/a><\/p>\n<p class=\"b_bA\">Prvn\u00ed zav\u00e1h\u00e1n\u00ed m\u00e1 naopak za sebou Leverkusen. Jeho z\u00e1pas s\u00a0Elversbergem jsem pozorn\u011b sledoval a\u00a0nev\u011b\u0159il jsem vlastn\u00edm o\u010d\u00edm. P\u0159ipadalo mi, jako kdyby si v\u0161ichni hr\u00e1\u010di Bayeru hr\u00e1li na sv\u00e9m p\u00edse\u010dku. Nikdo moc necht\u011bl kazit, bylo tam m\u00e1lo pohybu, \u017e\u00e1dn\u00e1 agresivita. Obrovsk\u00e9 zklam\u00e1n\u00ed. Leverkusen se ale rozjede. Patrik Schick dal kr\u00e1sn\u00fd g\u00f3l pati\u010dkou, jinak ale ve h\u0159e moc nebyl. Man\u010daft p\u016fsobil zat\u00edm dost zmaten\u011b a\u00a0podle toho to tak\u00e9 vypadalo.<\/p>\n<p class=\"b_bA\">Naopak Elversberg m\u011b v\u016fbec nep\u0159ekvapil. Je to nen\u00e1padn\u00fd man\u010daft a\u00a0ti kluci p\u016fsob\u00ed jako jedna velk\u00e1 rodina. Stra\u0161n\u011b moc jim budu v\u00a0sezon\u011b p\u0159\u00e1t. P\u0159edvedli sympatick\u00fd v\u00fdkon a\u00a0maj\u00ed v\u0161echno p\u0159ed sebou. Ur\u010dit\u011b jim do budoucna pom\u016f\u017ee i\u00a0dom\u00e1c\u00ed stadion, kter\u00fd se dod\u011bl\u00e1v\u00e1 a\u00a0p\u016fjde o\u00a0hodn\u011b specifick\u00e9 m\u00edsto.<\/p>\n<p class=\"b_bA\">Dotknout se mus\u00edm i\u00a0Hoffenheimu. Kdy\u017e vede\u0161 1:0\u00a0a\u00a0pak i\u00a02:1, tak to zkr\u00e1tka nem\u016f\u017ee\u0161 pustit! To je snad jasn\u00fd, ne?<\/p>\n<p class=\"b_bA\">Jsem obrovsky zklaman\u00fd. Hr\u00e1li v\u00a0pohod\u011b, \u0159\u00edkali si, \u017ee u\u017e je maj\u00ed na lopat\u011b, a\u00a0najednou p\u0159i\u0161ly dost lacin\u00e9 g\u00f3ly. A\u00a0to mus\u00edm zm\u00ednit, \u017ee je\u0161t\u011b dost toho pochytal g\u00f3lman. Dozadu byl Hoffenheim zraniteln\u00fd, vep\u0159edu nic moc nep\u0159edvedl. Absolutorium tedy zaslou\u017e\u00ed Vl\u00e1\u010fa Coufal, kter\u00fd piloval lajnu a\u00a0alespo\u0148 se neust\u00e1le sna\u017eil. Adam Hlo\u017eek tak\u00e9 uk\u00e1zal, \u017ee by mohl b\u00fdt rozd\u00edlov\u00fdm hr\u00e1\u010dem, ale pot\u0159ebuje k\u00a0tomu i\u00a0v\u00fdkon sv\u00fdch spoluhr\u00e1\u010d\u016f. Celkov\u011b mi od t\u00fdmu chyb\u011bla v\u011bt\u0161\u00ed kvalita. Ur\u010dit\u011b tam te\u010f panuje roz\u010darov\u00e1n\u00ed.<\/p>\n<p class=\"b_bA\">Z\u00e1v\u011brem je\u0161t\u011b zm\u00edn\u00edm Gladbach, kter\u00fd dostal p\u0159\u00edd\u011bl v\u00a0Lipsku (0:3). Jasn\u00e1 z\u00e1le\u017eitost! Uvid\u00edme doma, jestli se klub m\u00e9ho srdce zvedne, ale up\u0159\u00edmn\u011b jsem \u010dekal v\u00edc.\u201c<\/p>\n<p><a data-dot=\"atm-link\" target=\"_self\" href=\"https:\/\/www.sport.cz\/clanek\/nazory-komentare-echo-bundesligy-bayern-bez-konkurence-dortmund-bude-kousat-5519020\" class=\"b_V g_ia\" rel=\"nofollow noopener\"><img height=\"739\" width=\"985\" src=\"https:\/\/www.europesays.com\/cz\/wp-content\/uploads\/2026\/09\/komentar-straka.jpeg\" loading=\"eager\" decoding=\"sync\" class=\"b_B b_z\"\/><\/a><\/p>\n","protected":false},"excerpt":{"rendered":"\u201eKde Bayern skon\u010dil v\u00a0minul\u00e9 sezon\u011b, tam i\u00a0za\u010dal. Po \u00favodu, kdy se n\u011bkte\u0159\u00ed hr\u00e1\u010di teprve dost\u00e1vali do tempa, p\u0159i\u0161la&hellip;\n","protected":false},"author":2,"featured_media":199249,"comment_status":"","ping_status":"","sticky":false,"template":"","format":"standard","meta":{"footnotes":"","_share_on_mastodon":"0"},"categories":[15],"tags":[4490,5074,4512,12099,326,35893,375,4492,94,93],"class_list":["post-199248","post","type-post","status-publish","format-standard","has-post-thumbnail","category-sport","tag-bayer-04-leverkusen","tag-borussia-dortmund","tag-bundesliga","tag-fc-bayern-mnichov","tag-fotbal","tag-frantisek-straka","tag-nemecko","tag-patrik-schick","tag-sport","tag-sports"],"share_on_mastodon":{"url":"https:\/\/pubeurope.com\/@cz\/117199252047047092","error":""},"_links":{"self":[{"href":"https:\/\/www.europesays.com\/cz\/wp-json\/wp\/v2\/posts\/199248","targetHints":{"allow":["GET"]}}],"collection":[{"href":"https:\/\/www.europesays.com\/cz\/wp-json\/wp\/v2\/posts"}],"about":[{"href":"https:\/\/www.europesays.com\/cz\/wp-json\/wp\/v2\/types\/post"}],"author":[{"embeddable":true,"href":"https:\/\/www.europesays.com\/cz\/wp-json\/wp\/v2\/users\/2"}],"replies":[{"embeddable":true,"href":"https:\/\/www.europesays.com\/cz\/wp-json\/wp\/v2\/comments?post=199248"}],"version-history":[{"count":0,"href":"https:\/\/www.europesays.com\/cz\/wp-json\/wp\/v2\/posts\/199248\/revisions"}],"wp:featuredmedia":[{"embeddable":true,"href":"https:\/\/www.europesays.com\/cz\/wp-json\/wp\/v2\/media\/199249"}],"wp:attachment":[{"href":"https:\/\/www.europesays.com\/cz\/wp-json\/wp\/v2\/media?parent=199248"}],"wp:term":[{"taxonomy":"category","embeddable":true,"href":"https:\/\/www.europesays.com\/cz\/wp-json\/wp\/v2\/categories?post=199248"},{"taxonomy":"post_tag","embeddable":true,"href":"https:\/\/www.europesays.com\/cz\/wp-json\/wp\/v2\/tags?post=199248"}],"curies":[{"name":"wp","href":"https:\/\/api.w.org\/{rel}","templated":true}]}}