{"id":199276,"date":"2026-09-02T04:10:21","date_gmt":"2026-09-02T04:10:21","guid":{"rendered":"https:\/\/www.europesays.com\/cz\/199276\/"},"modified":"2026-09-02T04:10:21","modified_gmt":"2026-09-02T04:10:21","slug":"capi-hnizdo-bylo-ucelove-vyvedeno-z-agrofertu-soud-odmitl-dalsi-justicni-ping-pong","status":"publish","type":"post","link":"https:\/\/www.europesays.com\/cz\/199276\/","title":{"rendered":"\u010cap\u00ed\u00a0hn\u00edzdo\u00a0bylo\u00a0\u00fa\u010delov\u011b\u00a0vyvedeno\u00a0z\u00a0Agrofertu. Soud odm\u00edtl dal\u0161\u00ed justi\u010dn\u00ed ping-pong"},"content":{"rendered":"<p>Vrchn\u00ed soud v Praze zam\u00edtl odvol\u00e1n\u00ed europoslankyn\u011b Jany Nagyov\u00e9 (ANO) a potvrdil j\u00ed podm\u00edn\u011bn\u00fd i pen\u011b\u017eit\u00fd trest. V kauze Farma \u010cap\u00ed hn\u00edzdo tak soud setrval na z\u00e1v\u011bru, \u017ee spole\u010dnost byla \u00fa\u010delov\u011b vyvedena z holdingu Agrofert kv\u016fli z\u00edsk\u00e1n\u00ed dotace pro mal\u00e9 a st\u0159edn\u00ed podniky. Rozhodnut\u00ed se net\u00fdk\u00e1 premi\u00e9ra Andreje Babi\u0161e (ANO), jeho\u017e st\u00edh\u00e1n\u00ed je p\u0159eru\u0161en\u00e9 kv\u016fli poslaneck\u00e9 imunit\u011b.<\/p>\n<p>Odvolac\u00ed sen\u00e1t v pond\u011bl\u00ed potvrdil rozsudek pra\u017esk\u00e9ho m\u011bstsk\u00e9ho soudu. Informaci sd\u011blila mluv\u010d\u00ed soudu Eli\u0161ka Duchkov\u00e1. Podle soudu byla Farma \u010cap\u00ed hn\u00edzdo \u00fa\u010delov\u011b vyvedena z holdingu Agrofert a jej\u00ed vlastnick\u00e1 struktura byla prost\u0159ednictv\u00edm anonymn\u00edch akci\u00ed zast\u0159ena. C\u00edlem podle <a href=\"https:\/\/msp.gov.cz\/documents\/d\/vrchni-soud-v-praze\/tz-capi-hnizdo-31-8-2026\" rel=\"nofollow noopener\" target=\"_blank\">z\u00e1v\u011br\u016f soudu<\/a> bylo z\u00edskat dotaci ur\u010denou mal\u00fdm a st\u0159edn\u00edm podnik\u016fm.<\/p>\n<p>M\u011bstsk\u00fd soud v minulosti Nagyovou i premi\u00e9ra Andreje Babi\u0161e (ANO) dvakr\u00e1t osvobodil. Vrchn\u00ed soud ale rozsudek v\u017edy zru\u0161il. V posledn\u00edm rozhodnut\u00ed nad\u0159\u00edzen\u00fd soud zav\u00e1zal ten m\u011bstsk\u00fd, aby ob\u017ealovan\u00e9 uznal vinn\u00fdmi. Babi\u0161ovo st\u00edh\u00e1n\u00ed n\u00e1sledn\u011b p\u0159eru\u0161ila poslaneck\u00e1 imunita. Sn\u011bmovna premi\u00e9ra na ja\u0159e ke st\u00edh\u00e1n\u00ed nevydala. Odsuzuj\u00edc\u00ed rozsudek m\u011bstsk\u00e9ho soudu z leto\u0161n\u00edho kv\u011btna ani nyn\u011bj\u0161\u00ed rozhodnut\u00ed odvolac\u00edho soudu se ho tak net\u00fdkaj\u00ed.<\/p>\n<p>M\u011bstsk\u00fd soud z\u016fstal p\u0159esv\u011bd\u010den o presumpci neviny<\/p>\n<p>M\u011bstsk\u00fd soud v od\u016fvodn\u011bn\u00ed odsuzuj\u00edc\u00edho rozsudku na ja\u0159e uvedl, \u017ee i p\u0159es rozhodnut\u00ed o vin\u011b je nad\u00e1le p\u0159esv\u011bd\u010den o tom, \u017ee Nagyov\u00e1 nem\u011bla b\u00fdt kv\u016fli presumpci neviny odsouzena. \u201eOdvolac\u00ed soud napaden\u00fd rozsudek pova\u017euje za spr\u00e1vn\u00fd, by\u0165 registruje v\u00fdhrady nal\u00e9zac\u00edho soudu v od\u016fvodn\u011bn\u00ed jeho rozhodnut\u00ed, jak \u00fastn\u00edm, tak p\u00edsemn\u00e9m. Trestn\u00ed \u0159\u00edzen\u00ed je postaveno na dvojinstan\u010dnosti s mo\u017enost\u00ed dal\u0161\u00edch mimo\u0159\u00e1dn\u00fdch opravn\u00fdch prost\u0159edk\u016f, a tuto hierarchii je t\u0159eba respektovat,\u201c uvedl k tomu vrchn\u00ed soud.<\/p>\n<p>Soud tak\u00e9 uvedl, \u017ee nad\u00e1le d\u00e1v\u00e1 p\u0159ednost v\u011bcn\u00fdm argument\u016fm, kter\u00e9 ve v\u011bci kontinu\u00e1ln\u011b prezentuje. Dodal, \u017ee \u201enehodl\u00e1 se vyjad\u0159ovat k jak\u00fdmkoli osobn\u00edm v\u00fdpad\u016fm, kter\u00e9 dle jeho n\u00e1zoru nemaj\u00ed na odborn\u00e9 \u00farovni sv\u00e9 m\u00edsto\u201c.<\/p>\n<p>Nekone\u010dn\u00fd soudn\u00ed ping-pong\u00a0<\/p>\n<p>Obh\u00e1jce Nagyov\u00e9 Josef Barton\u010d\u00edk v odvol\u00e1n\u00ed <a href=\"https:\/\/www.ceska-justice.cz\/2026\/08\/obhajce-verdikt-v-kauze-capi-hnizdo-je-nezakonny-nagyova-dovolani\/\" rel=\"nofollow noopener\" target=\"_blank\">kritizoval postup<\/a>, kdy odvolac\u00ed sen\u00e1t ve sv\u00e9m p\u0159edchoz\u00edm rozhodnut\u00ed zav\u00e1zal m\u011bstsk\u00fd soud k vysloven\u00ed viny. Vrchn\u00ed soud k tomu uvedl, \u017ee vych\u00e1zel z n\u00e1lezu \u00dastavn\u00edho soudu z roku 2023, podle kter\u00e9ho je tento postup mo\u017en\u00fd. \u201eSmyslem tohoto postupu je zabr\u00e1nit nekone\u010dn\u00e9mu \u201asoudn\u00edmu ping-pongu\u2018, nikoli omezit pr\u00e1vo na obhajobu \u010di presumpci neviny,\u201c uvedl vrchn\u00ed soud.<\/p>\n<p>\u201eProdlu\u017eov\u00e1n\u00ed soudn\u00edho \u0159\u00edzen\u00ed mezi jednotliv\u00fdmi instancemi je dlouhodob\u011b kritizov\u00e1no, proto\u017ee opakovan\u00e9 ru\u0161en\u00ed rozhodnut\u00ed a vracen\u00ed v\u011bci prodlu\u017euje \u0159\u00edzen\u00ed, oslabuje pr\u00e1vn\u00ed jistotu a m\u016f\u017ee otev\u0159\u00edt ot\u00e1zku odpov\u011bdnosti st\u00e1tu za nep\u0159im\u011b\u0159enou d\u00e9lku \u0159\u00edzen\u00ed,\u201c doplnil soud. Uvedl, \u017ee n\u00e1lez \u00dastavn\u00edho soudu se u\u017e pou\u017eil ve v\u00edce soudn\u00edch \u0159\u00edzen\u00edch.<\/p>\n<p>Trest a dal\u0161\u00ed kroky obhajoby<\/p>\n<p>Vrchn\u00ed soud Nagyov\u00e9 za dota\u010dn\u00ed podvod a po\u0161kozen\u00ed finan\u010dn\u00edch z\u00e1jm\u016f Evropsk\u00e9 unie potvrdil t\u0159\u00edletou podm\u00ednku se zku\u0161ebn\u00ed dobou na p\u011bt let a pen\u011b\u017eit\u00fd trest p\u016fl milionu korun. Podle soudu \u017eena \u010dinila kroky k tomu, aby spole\u010dnost Farma \u010cap\u00ed hn\u00edzdo z\u00edskala pades\u00e1timilionovou dotaci pro mal\u00e9 a st\u0159edn\u00ed podniky, i kdy\u017e na ni nem\u011bla n\u00e1rok, a \u017e\u00e1dost o dotaci podala.<\/p>\n<p>Barton\u010d\u00edk avizoval, \u017ee proti rozhodnut\u00ed pod\u00e1 dovol\u00e1n\u00ed k Nejvy\u0161\u0161\u00edmu soudu.<\/p>\n<p>    Mohlo by v\u00e1s zaj\u00edmat<\/p>\n<p>        <a href=\"https:\/\/www.ceska-justice.cz\/2026\/08\/diskriminace-v-tendru-na-ostrahu-dopravni-podnik-musi-zaplatit-pokutu-800-tisic\/\" class=\"relative block overflow-hidden rounded-lg group aspect-[3\/2] md:aspect-video min-w-[88px] sm:min-w-[175px] lg:min-w-[225px]\" aria-label=\"\u010d\u00edst v\u00edce\" rel=\"nofollow noopener\" target=\"_blank\"><br \/>\n                        <img loading=\"lazy\" decoding=\"async\" width=\"385\" height=\"256\" src=\"https:\/\/www.europesays.com\/cz\/wp-content\/uploads\/2026\/09\/sokolovska-20-scaled-1-385x256.webp\" class=\"absolute object-cover w-full h-full group-hover:scale-105 transition-all\" alt=\"\"  \/><br \/>\n                        <\/a><\/p>\n","protected":false},"excerpt":{"rendered":"Vrchn\u00ed soud v Praze zam\u00edtl odvol\u00e1n\u00ed europoslankyn\u011b Jany Nagyov\u00e9 (ANO) a potvrdil j\u00ed podm\u00edn\u011bn\u00fd i pen\u011b\u017eit\u00fd trest. V&hellip;\n","protected":false},"author":2,"featured_media":199277,"comment_status":"","ping_status":"","sticky":false,"template":"","format":"standard","meta":{"footnotes":"","_share_on_mastodon":"0"},"categories":[10],"tags":[1892,266,8194,373,17,21,8128,1485,1733,1488,3091,16,18,19,22,1067,20],"class_list":["post-199276","post","type-post","status-publish","format-standard","has-post-thumbnail","category-zpravy","tag-agrofert","tag-andrej-babis","tag-dotacni-podvod","tag-eu","tag-headlines","tag-hlavni-udalosti","tag-jana-nagyova","tag-kauza-capi-hnizdo","tag-korupce","tag-mestsky-soud-v-praze","tag-nejvyssi-soud","tag-news","tag-top-news","tag-top-stories","tag-udalosti-dne","tag-ustavni-soud","tag-zpravy"],"share_on_mastodon":{"url":"https:\/\/pubeurope.com\/@cz\/117199492282838157","error":""},"_links":{"self":[{"href":"https:\/\/www.europesays.com\/cz\/wp-json\/wp\/v2\/posts\/199276","targetHints":{"allow":["GET"]}}],"collection":[{"href":"https:\/\/www.europesays.com\/cz\/wp-json\/wp\/v2\/posts"}],"about":[{"href":"https:\/\/www.europesays.com\/cz\/wp-json\/wp\/v2\/types\/post"}],"author":[{"embeddable":true,"href":"https:\/\/www.europesays.com\/cz\/wp-json\/wp\/v2\/users\/2"}],"replies":[{"embeddable":true,"href":"https:\/\/www.europesays.com\/cz\/wp-json\/wp\/v2\/comments?post=199276"}],"version-history":[{"count":0,"href":"https:\/\/www.europesays.com\/cz\/wp-json\/wp\/v2\/posts\/199276\/revisions"}],"wp:featuredmedia":[{"embeddable":true,"href":"https:\/\/www.europesays.com\/cz\/wp-json\/wp\/v2\/media\/199277"}],"wp:attachment":[{"href":"https:\/\/www.europesays.com\/cz\/wp-json\/wp\/v2\/media?parent=199276"}],"wp:term":[{"taxonomy":"category","embeddable":true,"href":"https:\/\/www.europesays.com\/cz\/wp-json\/wp\/v2\/categories?post=199276"},{"taxonomy":"post_tag","embeddable":true,"href":"https:\/\/www.europesays.com\/cz\/wp-json\/wp\/v2\/tags?post=199276"}],"curies":[{"name":"wp","href":"https:\/\/api.w.org\/{rel}","templated":true}]}}