{"id":199328,"date":"2026-09-02T05:31:09","date_gmt":"2026-09-02T05:31:09","guid":{"rendered":"https:\/\/www.europesays.com\/cz\/199328\/"},"modified":"2026-09-02T05:31:09","modified_gmt":"2026-09-02T05:31:09","slug":"obvinenemu-z-vrazdy-charlieho-kirka-hrozi-trest-smrti","status":"publish","type":"post","link":"https:\/\/www.europesays.com\/cz\/199328\/","title":{"rendered":"Obvin\u011bn\u00e9mu z\u00a0vra\u017edy Charlieho Kirka hroz\u00ed trest smrti"},"content":{"rendered":"<p class=\"e_bX\">Mu\u017ee obvin\u011bn\u00e9ho z\u00a0lo\u0148sk\u00e9 vra\u017edy pravicov\u00e9ho americk\u00e9ho aktivisty Charlieho Kirka \u010dek\u00e1 soudn\u00ed \u0159\u00edzen\u00ed. Ob\u017ealovan\u00e9mu Tyleru Robinsonovi by v\u00a0p\u0159\u00edpad\u011b odsouzen\u00ed hrozil i\u00a0trest smrti, uvedla v\u00a0noci na st\u0159edu agentura AP.<\/p>\n<p class=\"e_bX\">Podle vy\u0161et\u0159ovatel\u016f Robinson loni v\u00a0z\u00e1\u0159\u00ed zast\u0159elil Kirka jedin\u00fdm v\u00fdst\u0159elem z\u00a0pu\u0161ky na univerzit\u011b ve st\u00e1t\u011b Utah.<\/p>\n<p class=\"e_bX\">Okresn\u00ed soudce v\u00a0Utahu Tony Graf dal za pravdu st\u00e1tn\u00edm z\u00e1stupc\u016fm, podle nich\u017e maj\u00ed p\u0159esv\u011bd\u010div\u00e9 d\u016fkazy, \u017ee Robinson st\u0159elil Kirka do krku v\u00a0dob\u011b, kdy loni v\u00a0z\u00e1\u0159\u00ed hovo\u0159il se studenty v\u00a0are\u00e1lu Utah Valley University ve m\u011bst\u011b Orem.<\/p>\n<p class=\"e_bX\">Robinsonovi obh\u00e1jci se pokusili zabr\u00e1nit soudn\u00edmu \u0159\u00edzen\u00ed, p\u0159\u00edpadn\u011b alespo\u0148 vylou\u010dit mo\u017enost trestu smrti. Argumentovali t\u00edm, \u017ee st\u00e1tn\u00ed z\u00e1stupci neprok\u00e1zali, \u017ee st\u0159elba na Kirka vystavila dal\u0161\u00ed osoby v\u00a0jeho okol\u00ed riziku smrti. Jde p\u0159itom o\u00a0p\u0159it\u011b\u017euj\u00edc\u00ed okolnost, kter\u00e1 podle z\u00e1kona umo\u017e\u0148uje ulo\u017eit Robinsonovi trest smrti.<\/p>\n<p class=\"e_bX\">\u201eKa\u017ed\u00fd krok v\u00a0tomto procesu s\u00a0sebou nese t\u00edhu v\u0161eho, o\u00a0co Charlieho rodina kv\u016fli jeho vra\u017ed\u011b p\u0159i\u0161la, zejm\u00e9na jeho d\u011bti, kter\u00e9 vyrostou bez otce,\u201c uvedla Kirkova rodina v\u00a0prohl\u00e1\u0161en\u00ed.<\/p>\n<p class=\"e_bX\">Smrt 31let\u00e9ho konzervativn\u00edho aktivisty a\u00a0spojence americk\u00e9ho prezidenta Donalda Trumpa vyvolala siln\u00e9 reakce americk\u00fdch politik\u016f v\u010detn\u011b prezidenta. Dvaadvacetilet\u00fd Robinson byl zat\u010den 11.\u00a0z\u00e1\u0159\u00ed nedaleko m\u011bsta St. George na jihu Utahu, kde vyr\u016fstal.<\/p>\n<p><a data-dot=\"mol-article-card-media\" aria-hidden=\"true\" tabindex=\"-1\" href=\"https:\/\/www.seznamzpravy.cz\/clanek\/zahranicni-obrazem-maga-elita-i-davy-priznivu-vzpominaly-na-zavrazdeneho-aktivistu-286587\" class=\"e_n f_l8\" rel=\"nofollow noopener\" target=\"_blank\"><img fetchpriority=\"high\" height=\"2304\"   width=\"4096\" src=\"https:\/\/www.europesays.com\/cz\/wp-content\/uploads\/2026\/09\/charlie-kirk.jpeg\" loading=\"eager\" decoding=\"sync\" class=\"e_aa e_Z\"\/><\/a><\/p>\n","protected":false},"excerpt":{"rendered":"Mu\u017ee obvin\u011bn\u00e9ho z\u00a0lo\u0148sk\u00e9 vra\u017edy pravicov\u00e9ho americk\u00e9ho aktivisty Charlieho Kirka \u010dek\u00e1 soudn\u00ed \u0159\u00edzen\u00ed. Ob\u017ealovan\u00e9mu Tyleru Robinsonovi by v\u00a0p\u0159\u00edpad\u011b odsouzen\u00ed&hellip;\n","protected":false},"author":2,"featured_media":199329,"comment_status":"","ping_status":"","sticky":false,"template":"","format":"standard","meta":{"footnotes":"","_share_on_mastodon":"0"},"categories":[11],"tags":[13839,212,1068,54,4761,113,12434,1644,53,52],"class_list":["post-199328","post","type-post","status-publish","format-standard","has-post-thumbnail","category-svet","tag-charlie-kirk","tag-donald-trump","tag-soudni-rizeni","tag-svet","tag-trest-smrti","tag-usa","tag-utah","tag-vrazda","tag-world","tag-world-news"],"share_on_mastodon":{"url":"https:\/\/pubeurope.com\/@cz\/117199810835858101","error":""},"_links":{"self":[{"href":"https:\/\/www.europesays.com\/cz\/wp-json\/wp\/v2\/posts\/199328","targetHints":{"allow":["GET"]}}],"collection":[{"href":"https:\/\/www.europesays.com\/cz\/wp-json\/wp\/v2\/posts"}],"about":[{"href":"https:\/\/www.europesays.com\/cz\/wp-json\/wp\/v2\/types\/post"}],"author":[{"embeddable":true,"href":"https:\/\/www.europesays.com\/cz\/wp-json\/wp\/v2\/users\/2"}],"replies":[{"embeddable":true,"href":"https:\/\/www.europesays.com\/cz\/wp-json\/wp\/v2\/comments?post=199328"}],"version-history":[{"count":0,"href":"https:\/\/www.europesays.com\/cz\/wp-json\/wp\/v2\/posts\/199328\/revisions"}],"wp:featuredmedia":[{"embeddable":true,"href":"https:\/\/www.europesays.com\/cz\/wp-json\/wp\/v2\/media\/199329"}],"wp:attachment":[{"href":"https:\/\/www.europesays.com\/cz\/wp-json\/wp\/v2\/media?parent=199328"}],"wp:term":[{"taxonomy":"category","embeddable":true,"href":"https:\/\/www.europesays.com\/cz\/wp-json\/wp\/v2\/categories?post=199328"},{"taxonomy":"post_tag","embeddable":true,"href":"https:\/\/www.europesays.com\/cz\/wp-json\/wp\/v2\/tags?post=199328"}],"curies":[{"name":"wp","href":"https:\/\/api.w.org\/{rel}","templated":true}]}}