{"id":199332,"date":"2026-09-02T05:33:18","date_gmt":"2026-09-02T05:33:18","guid":{"rendered":"https:\/\/www.europesays.com\/cz\/199332\/"},"modified":"2026-09-02T05:33:18","modified_gmt":"2026-09-02T05:33:18","slug":"boje-obnoveny-pri-americkych-uderech-na-iran-zemrelo-11-lidi-tvrdi-teheran","status":"publish","type":"post","link":"https:\/\/www.europesays.com\/cz\/199332\/","title":{"rendered":"Boje obnoveny. P\u0159i americk\u00fdch \u00faderech na \u00cdr\u00e1n zem\u0159elo 11\u00a0lid\u00ed, tvrd\u00ed Teher\u00e1n"},"content":{"rendered":"<p class=\"c_bB\">Podle IRNA zem\u0159elo sedm lid\u00ed a\u00a0osm bylo zran\u011bno p\u0159i americk\u00e9m raketov\u00e9m \u00fatoku v\u00a0provincii Ch\u00fazest\u00e1n na jihoz\u00e1pad\u011b zem\u011b a\u00a0\u010dty\u0159i \u00fa\u010dastn\u00edci svatby byli zabiti ve m\u011bst\u011b K\u00fahestak v\u00a0jihov\u00fdchodn\u00ed provincii Hormozg\u00e1n u\u00a0Hormuzsk\u00e9ho pr\u016flivu.<\/p>\n<p class=\"c_bB\">Americk\u00e9 velitelstv\u00ed CENTCOM v\u00a0noci na st\u0159edu uvedlo, \u017ee dokon\u010dilo dal\u0161\u00ed vlnu \u00fatok\u016f na \u00cdr\u00e1n. Kr\u00e1tce pot\u00e9 Teher\u00e1n ozn\u00e1mil, \u017ee zah\u00e1jil \u201erozhoduj\u00edc\u00ed odvetnou operaci\u201c zam\u011b\u0159enou na americk\u00e9 z\u00e1kladny a\u00a0c\u00edle v\u00a0regionu pomoc\u00ed raket a\u00a0dron\u016f, informovala st\u00e1tn\u00ed agentura Tasn\u00edm.<\/p>\n<p class=\"c_bB\">\u00cdr\u00e1n ve st\u0159edu v\u00a0odvetn\u00fdch \u00fatoc\u00edch zas\u00e1hl Kuvajt, Bahrajn, Jord\u00e1nsko a\u00a0Ir\u00e1k. Zat\u00edm nebyly hl\u00e1\u0161eny \u017e\u00e1dn\u00e9 ob\u011bti ani \u0161kody.<\/p>\n<p><a data-dot=\"atm-link\" target=\"_self\" href=\"https:\/\/www.novinky.cz\/clanek\/zahranicni-putin-si-s-iranskym-prezidentem-notoval-o-spolupraci-trumpovi-navzdory-40595473\" class=\"c_I\" rel=\"nofollow noopener\"><img fetchpriority=\"high\" height=\"2304\" width=\"4096\" src=\"https:\/\/www.europesays.com\/cz\/wp-content\/uploads\/2026\/09\/1788327197_244_83b0.jpeg\" loading=\"eager\" decoding=\"sync\" class=\"c_t c_r\"\/><\/a><\/p>\n<p class=\"c_bB\">Jord\u00e1nsk\u00e1 arm\u00e1da uvedla, \u017ee zne\u0161kodnila deset z\u00a013\u00a0\u00edr\u00e1nsk\u00fdch balistick\u00fdch st\u0159el; t\u0159i dopadly na odlehl\u00e9 oblasti. Drony a\u00a0st\u0159ely zas\u00e1hly tak\u00e9 Kuvajt, jak ozn\u00e1mila tamn\u00ed arm\u00e1da na s\u00edti X s\u00a0t\u00edm, \u017ee je p\u0159ipravena na hrozby odpov\u011bd\u011bt.<\/p>\n<p class=\"c_bB\">Bahrajnsk\u00e9 ministerstvo vnitra vydalo b\u011bhem posledn\u00edch \u0161esti hodin ji\u017e t\u0159et\u00ed varov\u00e1n\u00ed ohledn\u011b potenci\u00e1ln\u00ed hrozby a\u00a0op\u011bt vyzvalo sv\u00e9 obyvatele, aby zachovali klid a\u00a0odebrali se na nejbli\u017e\u0161\u00ed bezpe\u010dn\u00e9 m\u00edsto.<\/p>\n<p class=\"c_bB\">Teher\u00e1n a\u00a0Washington v\u00a0polovin\u011b \u010dervna podepsaly takzvan\u00e9 memorandum o\u00a0porozum\u011bn\u00ed s\u00a0c\u00edlem ukon\u010dit v\u00e1lku, kterou na konci \u00fanora rozpoutaly USA a\u00a0Izrael spole\u010dn\u00fdmi \u00fadery na \u00cdr\u00e1n a\u00a0kter\u00e1 si vy\u017e\u00e1dala tis\u00edce \u017eivot\u016f, p\u0159edev\u0161\u00edm v\u00a0\u00cdr\u00e1nu a\u00a0v Libanonu, a\u00a0ot\u0159\u00e1sla glob\u00e1ln\u00ed ekonomikou. Dohodnut\u00e9 p\u0159\u00edm\u011b\u0159\u00ed je ale opakovan\u011b poru\u0161ov\u00e1no, z\u00a0odpov\u011bdnosti se ob\u011b strany vz\u00e1jemn\u011b obvi\u0148uj\u00ed.<\/p>\n<p><a data-dot=\"atm-link\" target=\"_self\" href=\"https:\/\/www.novinky.cz\/clanek\/zahranicni-amerika-trump-zverejnil-ai-video-s-horicim-ostrovem-charg-40595198\" class=\"c_I\" rel=\"nofollow noopener\"><img height=\"1080\" width=\"1920\" src=\"https:\/\/www.europesays.com\/cz\/wp-content\/uploads\/2026\/09\/trump-charg-ostrov-ai.jpeg\" loading=\"eager\" decoding=\"sync\" class=\"c_t c_r\"\/><\/a><\/p>\n","protected":false},"excerpt":{"rendered":"Podle IRNA zem\u0159elo sedm lid\u00ed a\u00a0osm bylo zran\u011bno p\u0159i americk\u00e9m raketov\u00e9m \u00fatoku v\u00a0provincii Ch\u00fazest\u00e1n na jihoz\u00e1pad\u011b zem\u011b a\u00a0\u010dty\u0159i&hellip;\n","protected":false},"author":2,"featured_media":199333,"comment_status":"","ping_status":"","sticky":false,"template":"","format":"standard","meta":{"footnotes":"","_share_on_mastodon":"0"},"categories":[10],"tags":[7480,17,21,808,1305,7825,7301,16,18,19,22,113,20],"class_list":["post-199332","post","type-post","status-publish","format-standard","has-post-thumbnail","category-zpravy","tag-bahrajn","tag-headlines","tag-hlavni-udalosti","tag-iran","tag-jordansko","tag-konflikt-usa-izrael-iran","tag-kuvajt","tag-news","tag-top-news","tag-top-stories","tag-udalosti-dne","tag-usa","tag-zpravy"],"share_on_mastodon":{"url":"https:\/\/pubeurope.com\/@cz\/117199818396162992","error":""},"_links":{"self":[{"href":"https:\/\/www.europesays.com\/cz\/wp-json\/wp\/v2\/posts\/199332","targetHints":{"allow":["GET"]}}],"collection":[{"href":"https:\/\/www.europesays.com\/cz\/wp-json\/wp\/v2\/posts"}],"about":[{"href":"https:\/\/www.europesays.com\/cz\/wp-json\/wp\/v2\/types\/post"}],"author":[{"embeddable":true,"href":"https:\/\/www.europesays.com\/cz\/wp-json\/wp\/v2\/users\/2"}],"replies":[{"embeddable":true,"href":"https:\/\/www.europesays.com\/cz\/wp-json\/wp\/v2\/comments?post=199332"}],"version-history":[{"count":0,"href":"https:\/\/www.europesays.com\/cz\/wp-json\/wp\/v2\/posts\/199332\/revisions"}],"wp:featuredmedia":[{"embeddable":true,"href":"https:\/\/www.europesays.com\/cz\/wp-json\/wp\/v2\/media\/199333"}],"wp:attachment":[{"href":"https:\/\/www.europesays.com\/cz\/wp-json\/wp\/v2\/media?parent=199332"}],"wp:term":[{"taxonomy":"category","embeddable":true,"href":"https:\/\/www.europesays.com\/cz\/wp-json\/wp\/v2\/categories?post=199332"},{"taxonomy":"post_tag","embeddable":true,"href":"https:\/\/www.europesays.com\/cz\/wp-json\/wp\/v2\/tags?post=199332"}],"curies":[{"name":"wp","href":"https:\/\/api.w.org\/{rel}","templated":true}]}}