{"id":199352,"date":"2026-09-02T05:54:20","date_gmt":"2026-09-02T05:54:20","guid":{"rendered":"https:\/\/www.europesays.com\/cz\/199352\/"},"modified":"2026-09-02T05:54:20","modified_gmt":"2026-09-02T05:54:20","slug":"o-prazdninach-na-silnicich-zemrelo-nejvice-lidi-od-roku-2021-srpen-je-nejtragictejsim-mesicem-roku","status":"publish","type":"post","link":"https:\/\/www.europesays.com\/cz\/199352\/","title":{"rendered":"O pr\u00e1zdnin\u00e1ch na silnic\u00edch zem\u0159elo nejv\u00edce lid\u00ed od roku 2021! Srpen je nejtragi\u010dt\u011bj\u0161\u00edm m\u011bs\u00edcem roku"},"content":{"rendered":"<p class=\"b_bs\">Srpen je letos na silnic\u00edch nejtragi\u010dt\u011bj\u0161\u00edm m\u011bs\u00edcem roku, p\u0159i nehod\u00e1ch dosud zem\u0159elo 56\u00a0lid\u00ed, meziro\u010dn\u011b o\u00a0t\u0159i v\u00edce. Vypl\u00fdv\u00e1 to z\u00a0policejn\u00edch statistik a\u00a0zji\u0161t\u011bn\u00ed \u010cTK. Pr\u00e1zdninov\u00e1 bilance je po\u010d\u00edtan\u00e1 od 1.\u00a0\u010dervence.<\/p>\n<p><a data-dot=\"atm-link\" aria-hidden=\"true\" tabindex=\"-1\" href=\"https:\/\/www.garaz.cz\/clanek\/novinky-ze-je-alkohol-za-volantem-prezitek-kdepak-pocet-nehod-v-cesku-zpusobenych-pod-vlivem-zustava-alarmujici-21017316\" class=\"b_X o_g7\" rel=\"nofollow noopener\" target=\"_blank\"><img fetchpriority=\"high\" height=\"1152\"   width=\"2048\" src=\"https:\/\/www.europesays.com\/cz\/wp-content\/uploads\/2026\/09\/alkohol-michal-jirak-volant-nepatri-chlast-piti-alkoholicka-kalkulacka.jpeg\" loading=\"eager\" decoding=\"sync\" class=\"b_D b_B\"\/><\/a><\/p>\n<p class=\"b_bs\">Od za\u010d\u00e1tku leto\u0161n\u00edho roku si dosud tuzemsk\u00e9 nehody vy\u017e\u00e1daly 276\u00a0ob\u011bt\u00ed. Za prvn\u00edch osm m\u011bs\u00edc\u016f roku 2025\u00a0jich bylo o\u00a011\u00a0m\u00e9n\u011b.<\/p>\n<p class=\"b_bs\">Nejtragi\u010dt\u011bj\u0161\u00edm dnem roku je zat\u00edm pr\u00e1zdninov\u00e9 pond\u011bl\u00ed 27.\u00a0\u010dervence, kdy na silnic\u00edch zem\u0159elo \u0161est lid\u00ed. V\u00a0srpnu pak bylo ve dvou p\u0159\u00edpadech p\u011bt ob\u011bt\u00ed. V\u017edy \u0161lo o\u00a0sobotu, konkr\u00e9tn\u011b 1.\u00a0a\u00a022.\u00a0srpna.<\/p>\n<p class=\"b_bs\">Jednou z\u00a0nejv\u00e1\u017en\u011bj\u0161\u00edch pr\u00e1zdninov\u00fdch nehod byla ve st\u0159edu 19.\u00a0srpna sr\u00e1\u017eka osobn\u00edho automobilu a\u00a0autobusu u\u00a0obce P\u011btipsy na Chomutovsku, p\u0159i kter\u00e9 zem\u0159eli t\u0159i lid\u00e9. \u0160lo o\u00a0pasa\u017e\u00e9ry osobn\u00edho vozidla.<\/p>\n<p class=\"b_bs\">Zat\u00edm dv\u011b posledn\u00ed smrteln\u00e9 nehody se podle dostupn\u00fdch informac\u00ed staly v\u00a0ned\u011bli. Nejprve kr\u00e1tce po 02:00\u00a0zem\u0159el dvaapades\u00e1tilet\u00fd \u0159idi\u010d pot\u00e9, co ve Star\u00e9m M\u011bst\u011b u\u00a0Fr\u00fddku-M\u00edstku v\u00a0pravoto\u010div\u00e9 zat\u00e1\u010dce vyjel mimo vozovku a\u00a0narazil do betonov\u00e9ho sloupu elektrick\u00e9ho veden\u00ed. Mezi obcemi Horn\u00ed Metelsko a\u00a0Hor\u0161ovsk\u00fd T\u00fdn na Doma\u017elicku pak po poledni zem\u0159el cizinec, kter\u00fd se sv\u00fdm vozem narazil do stromu.<\/p>\n<p><a data-dot=\"atm-link\" aria-hidden=\"true\" tabindex=\"-1\" href=\"https:\/\/www.garaz.cz\/clanek\/servis-dovolena-s-autem-nastrahy-dovolene-s-autem-vime-kdy-je-riziko-nehody-nejvyssi-21017271\" class=\"b_X o_g7\" rel=\"nofollow noopener\" target=\"_blank\"><img height=\"1152\"   width=\"2048\" src=\"https:\/\/www.europesays.com\/cz\/wp-content\/uploads\/2026\/09\/skoda-scala-dovolena-bicykl.jpeg\" loading=\"eager\" decoding=\"sync\" class=\"b_D b_B\"\/><\/a><\/p>\n","protected":false},"excerpt":{"rendered":"Srpen je letos na silnic\u00edch nejtragi\u010dt\u011bj\u0161\u00edm m\u011bs\u00edcem roku, p\u0159i nehod\u00e1ch dosud zem\u0159elo 56\u00a0lid\u00ed, meziro\u010dn\u011b o\u00a0t\u0159i v\u00edce. Vypl\u00fdv\u00e1 to&hellip;\n","protected":false},"author":2,"featured_media":199353,"comment_status":"","ping_status":"","sticky":false,"template":"","format":"standard","meta":{"footnotes":"","_share_on_mastodon":"0"},"categories":[7],"tags":[5971,43,42,41,40,323,1471,325,715],"class_list":["post-199352","post","type-post","status-publish","format-standard","has-post-thumbnail","category-cesko","tag-alkohol-za-volantem","tag-ceska-republika","tag-cesko","tag-czech-republic","tag-czechia","tag-dopravni-nehody","tag-dovolena","tag-policie","tag-policie-ceske-republiky"],"share_on_mastodon":{"url":"https:\/\/pubeurope.com\/@cz\/117199901206053693","error":""},"_links":{"self":[{"href":"https:\/\/www.europesays.com\/cz\/wp-json\/wp\/v2\/posts\/199352","targetHints":{"allow":["GET"]}}],"collection":[{"href":"https:\/\/www.europesays.com\/cz\/wp-json\/wp\/v2\/posts"}],"about":[{"href":"https:\/\/www.europesays.com\/cz\/wp-json\/wp\/v2\/types\/post"}],"author":[{"embeddable":true,"href":"https:\/\/www.europesays.com\/cz\/wp-json\/wp\/v2\/users\/2"}],"replies":[{"embeddable":true,"href":"https:\/\/www.europesays.com\/cz\/wp-json\/wp\/v2\/comments?post=199352"}],"version-history":[{"count":0,"href":"https:\/\/www.europesays.com\/cz\/wp-json\/wp\/v2\/posts\/199352\/revisions"}],"wp:featuredmedia":[{"embeddable":true,"href":"https:\/\/www.europesays.com\/cz\/wp-json\/wp\/v2\/media\/199353"}],"wp:attachment":[{"href":"https:\/\/www.europesays.com\/cz\/wp-json\/wp\/v2\/media?parent=199352"}],"wp:term":[{"taxonomy":"category","embeddable":true,"href":"https:\/\/www.europesays.com\/cz\/wp-json\/wp\/v2\/categories?post=199352"},{"taxonomy":"post_tag","embeddable":true,"href":"https:\/\/www.europesays.com\/cz\/wp-json\/wp\/v2\/tags?post=199352"}],"curies":[{"name":"wp","href":"https:\/\/api.w.org\/{rel}","templated":true}]}}