{"id":199396,"date":"2026-09-02T06:32:10","date_gmt":"2026-09-02T06:32:10","guid":{"rendered":"https:\/\/www.europesays.com\/cz\/199396\/"},"modified":"2026-09-02T06:32:10","modified_gmt":"2026-09-02T06:32:10","slug":"nemeckym-nadrazim-otrasla-exploze-novinky","status":"publish","type":"post","link":"https:\/\/www.europesays.com\/cz\/199396\/","title":{"rendered":"N\u011bmeck\u00fdm n\u00e1dra\u017e\u00edm ot\u0159\u00e1sla exploze &#8211; Novinky"},"content":{"rendered":"<p class=\"c_bB\">Nezn\u00e1m\u00fd objekt vybuchl v\u00a0pr\u016fchodu. U\u00a0dvou lid\u00ed je potvrzeno, \u017ee utrp\u011bli drobn\u011bj\u0161\u00ed zran\u011bn\u00ed, sd\u011blila policie listu <a data-dot=\"atm-link\" target=\"_blank\" rel=\"noopener nofollow\" href=\"https:\/\/www.bild.de\/news\/inland\/mehrere-menschen-verletzt-explosion-am-hauptbahnhof-in-augsburg-6a97aa3c9452c522382307b7\" class=\"c_I\">Bild<\/a>. Celkov\u00fd po\u010det zran\u011bn\u00fdch zat\u00edm nen\u00ed zn\u00e1m. Tlakov\u00e1 vlna rozbila okna. <\/p>\n<p class=\"c_bB\">T\u00eds\u0148ov\u00e9 vol\u00e1n\u00ed policie p\u0159ijala ve 3:15\u00a0r\u00e1no. \u201eT\u011bsn\u011b u\u00a0n\u00e1m\u011bst\u00ed (p\u0159ed n\u00e1dra\u017e\u00edm) prob\u011bhla ohromn\u00e1 policejn\u00ed operace. V\u0161echno jsme uzav\u0159eli,\u201c uvedla policie podle <a data-dot=\"atm-link\" target=\"_blank\" rel=\"noopener nofollow\" href=\"https:\/\/www.focus.de\/panorama\/welt\/mehrere-menschen-nach-explosion-in-augsburg-verletzt_c4660f8c-b7c8-4b8a-976a-ba9de631e18b.html\" class=\"c_I\">Focusu<\/a>.<\/p>\n<p class=\"c_bB\">Kv\u016fli v\u00fdbuchu je uzav\u0159ena n\u00e1dra\u017en\u00ed budova a\u00a0prvn\u00ed n\u00e1stupi\u0161t\u011b. Vlaky jsou odkl\u00e1n\u011bny na koleje u\u00a0dal\u0161\u00edch n\u00e1stupi\u0161\u0165. Augsbursk\u00e9 n\u00e1dra\u017e\u00ed jich m\u00e1 p\u011bt. K\u00a0p\u0159\u00edchodu se maj\u00ed vyu\u017e\u00edvat jin\u00e9 vstupy. Augsburg je velmi v\u00fdznamn\u00fd \u017eelezni\u010dn\u00ed uzel, kde se setk\u00e1v\u00e1 n\u011bkolik trat\u00ed.  <\/p>\n<p class=\"c_bB\">Ulice v\u00a0okol\u00ed n\u00e1dra\u017e\u00ed jsou uzav\u0159en\u00e9 a\u00a0omezena je nejen individu\u00e1ln\u00ed, ale tak\u00e9 m\u011bstsk\u00e1 hromadn\u00e1 doprava.<\/p>\n<p><a data-dot=\"atm-link\" target=\"_self\" href=\"https:\/\/www.novinky.cz\/clanek\/zahranicni-za-utokem-drony-v-lipsku-stal-kreml-nemecko-uzavre-rusky-konzulat-40595508\" class=\"c_I\" rel=\"nofollow noopener\"><img fetchpriority=\"high\" height=\"1080\" width=\"1920\" src=\"https:\/\/www.europesays.com\/cz\/wp-content\/uploads\/2026\/09\/1788330730_599_lipsko-halle-lipsko-nemecko-letadlo-letiste-dron.jpeg\" loading=\"eager\" decoding=\"sync\" class=\"c_t c_r\"\/><\/a><\/p>\n","protected":false},"excerpt":{"rendered":"Nezn\u00e1m\u00fd objekt vybuchl v\u00a0pr\u016fchodu. U\u00a0dvou lid\u00ed je potvrzeno, \u017ee utrp\u011bli drobn\u011bj\u0161\u00ed zran\u011bn\u00ed, sd\u011blila policie listu Bild. Celkov\u00fd po\u010det&hellip;\n","protected":false},"author":2,"featured_media":199397,"comment_status":"","ping_status":"","sticky":false,"template":"","format":"standard","meta":{"footnotes":"","_share_on_mastodon":"0"},"categories":[11],"tags":[45716,674,375,54,6669,53,52],"class_list":["post-199396","post","type-post","status-publish","format-standard","has-post-thumbnail","category-svet","tag-augsburg","tag-nadrazi","tag-nemecko","tag-svet","tag-vybuch","tag-world","tag-world-news"],"share_on_mastodon":{"url":"https:\/\/pubeurope.com\/@cz\/117200050584174495","error":""},"_links":{"self":[{"href":"https:\/\/www.europesays.com\/cz\/wp-json\/wp\/v2\/posts\/199396","targetHints":{"allow":["GET"]}}],"collection":[{"href":"https:\/\/www.europesays.com\/cz\/wp-json\/wp\/v2\/posts"}],"about":[{"href":"https:\/\/www.europesays.com\/cz\/wp-json\/wp\/v2\/types\/post"}],"author":[{"embeddable":true,"href":"https:\/\/www.europesays.com\/cz\/wp-json\/wp\/v2\/users\/2"}],"replies":[{"embeddable":true,"href":"https:\/\/www.europesays.com\/cz\/wp-json\/wp\/v2\/comments?post=199396"}],"version-history":[{"count":0,"href":"https:\/\/www.europesays.com\/cz\/wp-json\/wp\/v2\/posts\/199396\/revisions"}],"wp:featuredmedia":[{"embeddable":true,"href":"https:\/\/www.europesays.com\/cz\/wp-json\/wp\/v2\/media\/199397"}],"wp:attachment":[{"href":"https:\/\/www.europesays.com\/cz\/wp-json\/wp\/v2\/media?parent=199396"}],"wp:term":[{"taxonomy":"category","embeddable":true,"href":"https:\/\/www.europesays.com\/cz\/wp-json\/wp\/v2\/categories?post=199396"},{"taxonomy":"post_tag","embeddable":true,"href":"https:\/\/www.europesays.com\/cz\/wp-json\/wp\/v2\/tags?post=199396"}],"curies":[{"name":"wp","href":"https:\/\/api.w.org\/{rel}","templated":true}]}}