{"id":199426,"date":"2026-09-02T06:59:14","date_gmt":"2026-09-02T06:59:14","guid":{"rendered":"https:\/\/www.europesays.com\/cz\/199426\/"},"modified":"2026-09-02T06:59:14","modified_gmt":"2026-09-02T06:59:14","slug":"americke-udery-na-iran-zabily-11-lidi-teheran-utoci-na-zakladny-usa-idnes-cz","status":"publish","type":"post","link":"https:\/\/www.europesays.com\/cz\/199426\/","title":{"rendered":"Americk\u00e9 \u00fadery na \u00cdr\u00e1n zabily 11 lid\u00ed, Teher\u00e1n \u00fato\u010d\u00ed na z\u00e1kladny USA &#8211; idnes.cz"},"content":{"rendered":"<p><a href=\"https:\/\/news.google.com\/rss\/articles\/CBMi0gFBVV95cUxOdXVONjZzd1ptbGRJN25iLXhKVDVwMTdYa25TZlQ3cW51aWRoSHBCbHpydmFlUG1ycklyOENGalpnZkk1ekM5aE50YmN0NENDdDJDdTVCN1I3NFl0NnRyZC1hUlZKRmxFNmVXZ0duVFIxc1ZtcWNrQk52YXZnSzJab2Q2RGh3c1hRZVhiSlBXODFmUHo0TkYzaUl1dkdrYm5pQzl3djczVzJmek93LUZWdXVUNFo4VndWcXlud0RKd0RGUks5VGUyYk9IVVpJQnpzb3c?oc=5\" target=\"_blank\" rel=\"nofollow noopener\">Americk\u00e9 \u00fadery na \u00cdr\u00e1n zabily 11 lid\u00ed, Teher\u00e1n \u00fato\u010d\u00ed na z\u00e1kladny USA<\/a>&nbsp;&nbsp;idnes.cz<a href=\"https:\/\/news.google.com\/rss\/articles\/CBMiyAFBVV95cUxNVnZuVTZxQ0czWThEeVFHaGJybW1jZXJfcVVPRlZBNVJDazZTOFNNNlk5N0owZ1ZERUZ3V09fRlplR3dreHA3cEM4WTZrTXlDZVZLSjNrUTVrRTBxY3liV1dDMFJfMjZVTl9tTm1xcFdTTHRPM2hOLV96SHNjanF2TnZjbWJueGVkUWVJckVHOENWMnpqSVd3RkZIMEpmS3NnMWExbk1pN052SmFialVFOU1sVmd0TV9pa1NnZXVjSkEyUDY3RG4wUQ?oc=5\" target=\"_blank\" rel=\"nofollow noopener\">Trump nestoj\u00ed o jedn\u00e1n\u00ed s \u00cdr\u00e1nem. Zeptal se \u00cdr\u00e1nc\u016f, kdy se vzbou\u0159\u00ed a za\u010dnou bojovat proti vlastn\u00edmu re\u017eimu<\/a>&nbsp;&nbsp;zpravy.kurzy.cz<a href=\"https:\/\/news.google.com\/rss\/articles\/CBMiyAFBVV95cUxQdU1QV0xMSHRjNGtCdlpWWkQ5Q055aG05QksxY2ZYSU9ZUjVmQkdQRktGaHdDU0hVUFdCRDNoMmRFUHJsVWcxTHRrQTYyR05IZ3QyUWhzU2JkeUdyWngwUWZfbmpvNmZmOGdKOU9KQWY5UFlFZlVxMGVVRjlqWWEwUkZ1MFBFSkQ4eTNwcDUxTUI1clRBUi1LWG1aLW4yY3k4aUI4dDN0M2FteWVSdEgtSzRMZFlHd3JwVnc2YTJTaXVoRjE1eERnNA?oc=5\" target=\"_blank\" rel=\"nofollow noopener\">P\u0159i \u00fatern\u00edch americk\u00fdch \u00fatoc\u00edch na \u00cdr\u00e1n zem\u0159elo 11 lid\u00ed, uvedl Teher\u00e1n<\/a>&nbsp;&nbsp;Seznam Zpr\u00e1vy<a href=\"https:\/\/news.google.com\/rss\/articles\/CBMixAFBVV95cUxQb2ZiSmlMemdBVnczbkxzaU00RFAwMmhZakhsb2tzdzlGV3NOeXVTcDVYNHlwa3IwX2dkVmZJWlgtNDExUDFJaThFNUNsM2FuTUdGOVkxa3BGaFNTNjJtZEowZ0lQR1BBTlRoTWF4Q1JYZXNBVWJ2RjZVdjN3UGZDMExSY0x1b0J3YUQxdEtuODNidzl5SGFPd3JLNTNBX05wTWFJV2cyQlRGOEExUml5alJoTzNRdVBVbHVlc3hzUHBxS01u?oc=5\" target=\"_blank\" rel=\"nofollow noopener\">Americk\u00e9 \u00fatoky na \u00cdr\u00e1n zabily 11 lid\u00ed, boje znovu eskaluj\u00ed<\/a>&nbsp;&nbsp;idnes.cz<a href=\"https:\/\/news.google.com\/rss\/articles\/CBMiugFBVV95cUxOdjFBN2doRWhqSVVCbDdtMExUN2lKRDF6WE8zMUk1V0s4QW9jUGw3Tk5WUFZ5Q2hsT1hldHptd2pCeTVjZXNDR3lwUlhFUE53ZERkSEFqUnM4OEFfZk5IR2VrbUFwN3pyQS1WM19PV1VmVUtUU3Q0ZFduTzlsQUJyMUJtOE9KNEdzUGt3NVhQNG1VU01ubDZnX081YW9VdWF2OEU4NktST0NxV2xqS0RwSF9Yc3pzNnczM1E?oc=5\" target=\"_blank\" rel=\"nofollow noopener\">Americk\u00e9 s\u00edly zah\u00e1jily dal\u0161\u00ed \u00fatoky na \u00edr\u00e1nsk\u00e9 c\u00edle, v\u00fdbuchy hl\u00e1s\u00ed ostrov Ke\u0161m<\/a>&nbsp;&nbsp;\u010cesk\u00e9 noviny<\/p>\n","protected":false},"excerpt":{"rendered":"Americk\u00e9 \u00fadery na \u00cdr\u00e1n zabily 11 lid\u00ed, Teher\u00e1n \u00fato\u010d\u00ed na z\u00e1kladny USA&nbsp;&nbsp;idnes.czTrump nestoj\u00ed o jedn\u00e1n\u00ed s \u00cdr\u00e1nem. Zeptal&hellip;\n","protected":false},"author":2,"featured_media":199427,"comment_status":"","ping_status":"","sticky":false,"template":"","format":"standard","meta":{"footnotes":"","_share_on_mastodon":"0"},"categories":[11],"tags":[808,45719,23855,54,1887,11737,2139,53,52],"class_list":["post-199426","post","type-post","status-publish","format-standard","has-post-thumbnail","category-svet","tag-iran","tag-irna","tag-spojene-staty-americke","tag-svet","tag-teheran","tag-valka-v-iranu","tag-washington-d-c","tag-world","tag-world-news"],"share_on_mastodon":{"url":"https:\/\/pubeurope.com\/@cz\/117200156251382535","error":""},"_links":{"self":[{"href":"https:\/\/www.europesays.com\/cz\/wp-json\/wp\/v2\/posts\/199426","targetHints":{"allow":["GET"]}}],"collection":[{"href":"https:\/\/www.europesays.com\/cz\/wp-json\/wp\/v2\/posts"}],"about":[{"href":"https:\/\/www.europesays.com\/cz\/wp-json\/wp\/v2\/types\/post"}],"author":[{"embeddable":true,"href":"https:\/\/www.europesays.com\/cz\/wp-json\/wp\/v2\/users\/2"}],"replies":[{"embeddable":true,"href":"https:\/\/www.europesays.com\/cz\/wp-json\/wp\/v2\/comments?post=199426"}],"version-history":[{"count":0,"href":"https:\/\/www.europesays.com\/cz\/wp-json\/wp\/v2\/posts\/199426\/revisions"}],"wp:featuredmedia":[{"embeddable":true,"href":"https:\/\/www.europesays.com\/cz\/wp-json\/wp\/v2\/media\/199427"}],"wp:attachment":[{"href":"https:\/\/www.europesays.com\/cz\/wp-json\/wp\/v2\/media?parent=199426"}],"wp:term":[{"taxonomy":"category","embeddable":true,"href":"https:\/\/www.europesays.com\/cz\/wp-json\/wp\/v2\/categories?post=199426"},{"taxonomy":"post_tag","embeddable":true,"href":"https:\/\/www.europesays.com\/cz\/wp-json\/wp\/v2\/tags?post=199426"}],"curies":[{"name":"wp","href":"https:\/\/api.w.org\/{rel}","templated":true}]}}