{"id":199430,"date":"2026-09-02T07:01:08","date_gmt":"2026-09-02T07:01:08","guid":{"rendered":"https:\/\/www.europesays.com\/cz\/199430\/"},"modified":"2026-09-02T07:01:08","modified_gmt":"2026-09-02T07:01:08","slug":"komentar-valecny-zlocinec-spartansti-fans-a-ztracene-srbsko-alex-svamberk","status":"publish","type":"post","link":"https:\/\/www.europesays.com\/cz\/199430\/","title":{"rendered":"KOMENT\u00c1\u0158: V\u00e1le\u010dn\u00fd zlo\u010dinec, spar\u0165an\u0161t\u00ed fans a\u00a0ztracen\u00e9 Srbsko &#8211; Alex \u0160vamberk"},"content":{"rendered":"<p class=\"c_bB\">Pod Mladi\u010dov\u00fdm velen\u00edm s\u00edly samozvan\u00e9 Republiky Srbsk\u00e9 v\u00a0roce 1998\u00a0obsadily Srebrenici a\u00a0\u017depu, odkud bylo vyhn\u00e1no 40\u00a0000\u00a0Bos\u0148\u00e1k\u016f a\u00a0dal\u0161\u00edch v\u00edce ne\u017e 8000\u00a0jich bylo zavra\u017ed\u011bno. Ozna\u010den\u00ed bosensk\u00fd \u0159ezn\u00edk nen\u00ed nadnesen\u00e9, by\u0165 je ot\u00e1zkou, co v\u0161echno byla Mladi\u010dova vlastn\u00ed iniciativa a\u00a0kdy \u201ejen\u201c plnil rozkazy politick\u00e9ho v\u016fdce Radovana Karad\u017ei\u010de. \u017d\u00e1dn\u00e9 pochybnosti o\u00a0jeho vin\u011b ale b\u00fdt nemohou.<\/p>\n<p class=\"c_bB\">V Srbsku to vid\u00ed jinak. Mnoz\u00ed ho vn\u00edmaj\u00ed jako n\u00e1rodn\u00edho hrdinu, proto\u017ee bojoval za pr\u00e1va Srb\u016f. Nav\u00edc se mu da\u0159ilo dlouho unikat, by\u0165 prod\u011blal mrtvici. Dopaden byl a\u017e v\u00a0roce 2011.\u00a0Psanci b\u00fdvaj\u00ed obdivovan\u00ed, i\u00a0kdy\u017e si to nezaslou\u017e\u00ed, co\u017e ukazuje u\u017e zbojn\u00edk J\u00e1no\u0161\u00edk.<\/p>\n<p class=\"c_bB\">V Srbsku, kter\u00e9 by \u010desk\u00fd premi\u00e9r Andrej Babi\u0161 nejrad\u011bji vid\u011bl v\u00a0EU a\u00a0v schengensk\u00e9m prostoru, dokonce Mladi\u010dovi pl\u00e1nuj\u00ed vystrojit st\u00e1tn\u00ed poh\u0159eb. T\u00edm se ukazuje, kdo je tam u\u00a0moci. Z\u00e1pad Srbsko ztratil. Pokud se n\u011bjak\u00e1 zem\u011b dlouho bombarduje, v\u00a0p\u0159\u00edpad\u011b Jugosl\u00e1vie v\u00a0roce 1999\u00a0to bylo cel\u00fdch 78\u00a0dn\u00ed, p\u0159evl\u00e1dne v\u00a0n\u00ed nechu\u0165 k\u00a0t\u011bm, co bombarduj\u00ed. \u00datok byl p\u0159itom na\u0159\u00edzen na z\u00e1klad\u011b sporn\u00fdch d\u016fkaz\u016f o\u00a0masakrech kosovsk\u00fdch Alb\u00e1nc\u016f.<\/p>\n<p class=\"c_bB\">Slobodan Milo\u0161evi\u0107, tehdej\u0161\u00ed prezident toho, co v\u00a0t\u00e9 dob\u011b je\u0161t\u011b zb\u00fdvalo z\u00a0Jugosl\u00e1vie, nebyl \u017e\u00e1dn\u00e9 nevi\u0148\u00e1tko. Ultranacionalistick\u00fd komunistick\u00fd apar\u00e1t\u010d\u00edk to byl. I\u00a0on \u010delil v\u00a0Haagu p\u0159ed ICTY obvin\u011bn\u00edm z\u00a0genocidy, ale verdikt nepadl, proto\u017ee b\u011bhem procesu zem\u0159el.<\/p>\n<p class=\"c_bB\">Milo\u0161evi\u010dova pozice nebyla siln\u00e1. Po konci balk\u00e1nsk\u00fdch v\u00e1lek na p\u0159elomu let 1996\u00a0a\u00a01997\u00a0\u010delil mohutn\u00fdm, t\u0159i m\u011bs\u00edce trvaj\u00edc\u00edm protest\u016fm, kter\u00e9 umoc\u0148ovala ekonomick\u00e1 krize. Kdy\u017e jsem v\u0161ak s\u00a0n\u011bkter\u00fdmi demonstranty hovo\u0159il, opakovan\u011b si mi st\u011b\u017eovali, \u017ee snad a\u017e na kop\u00edrky a\u00a0po\u010d\u00edta\u010de se jim velk\u00e9 podpory od USA nedostalo. P\u00e1d Milo\u0161evi\u010de toti\u017e nebyl \u017e\u00e1douc\u00ed. Spolu s\u00a0ultranacionalistick\u00fdmi v\u016fdci Chorvatska Franjem Tu\u0111manen (dal\u0161\u00ed komunistick\u00fd apar\u00e1t\u010d\u00edk) a\u00a0Bosny a\u00a0Hercegoviny Alijou Izebegovi\u010dem byl jedn\u00edm z\u00a0garant\u016f Daytonsk\u00fdch dohod, kter\u00e9 ukon\u010dily p\u011bt let balk\u00e1nsk\u00fdch v\u00e1lek .<\/p>\n<p class=\"c_bB\">Z\u00e1pad zas\u00e1hl, a\u017e kdy\u017e Milo\u0161evi\u0107 rozv\u00edjel operace proti kosovsk\u00fdm Alb\u00e1nc\u016fm.<\/p>\n<p class=\"c_bB\">Srbsk\u00e9mu roz\u010darov\u00e1n\u00ed lze do jist\u00e9 m\u00edry porozum\u011bt. Zat\u00edmco Mladi\u0107 byl odsouzen, chorvat\u0161t\u00ed gener\u00e1lov\u00e9 Ante Gotovina a\u00a0Mladen Marka\u0107 byli v\u00a0odvolac\u00edm procesu osvobozeni, a\u010d p\u016fvodn\u011b dostali 24\u00a0a\u00a018\u00a0let. Gotovina p\u0159itom vedl na konci v\u00e1lky v\u00a0roce 1995\u00a0operaci Bou\u0159e, p\u0159i n\u00ed\u017e chorvatsk\u00e9 jednotky dobyly neuznanou Republiku Srbsk\u00e1 Krajina, co\u017e bylo doprov\u00e1zeno etnick\u00fdmi \u010distkami, v\u00a0r\u00e1mci nich\u017e byly vyhn\u00e1ny desetitis\u00edce Srb\u016f.<\/p>\n<p class=\"c_bB\">Zpro\u0161t\u011bn obvin\u011bn\u00ed byl pro nedostatek d\u016fkaz\u016f i\u00a0b\u00fdval\u00fd velitel Kosovsk\u00e9 osvobozeneck\u00e9 arm\u00e1dy (U\u00c7K) a\u00a0premi\u00e9r Kosova Ramu\u0161 Haradinaj. Jeho z\u00e1stupce p\u0159itom soud poslal na \u0161est let do v\u011bzen\u00ed za pod\u00edl na mu\u010den\u00ed.<\/p>\n<p class=\"c_bB\">Srbov\u00e9 maj\u00ed i\u00a0opr\u00e1vn\u011bn\u00e9 v\u00fdhrady k\u00a0jednostrann\u00e9mu uzn\u00e1n\u00ed Kosova, kter\u00e9 bylo v\u00a0rozporu s\u00a0mezin\u00e1rodn\u00edm pr\u00e1vem. V\u00fdsledkem je, \u017ee srbskou politiku definovali lid\u00e9 spojen\u00ed s\u00a0ultranacionalistou Vojislavem \u0160e\u0161eljem, kter\u00fd byl je\u0161t\u011b radik\u00e1ln\u011bj\u0161\u00ed ne\u017e Milo\u0161evi\u0107. Sou\u010dasn\u00fd srbsk\u00fd prezident Aleksandar Vu\u010di\u0107 i\u00a0jeho p\u0159edch\u016fdce Tomislav Nikoli\u0107 byli \u010dleny j\u00edm veden\u00e9 Srbsk\u00e9 radik\u00e1ln\u00ed strany.<\/p>\n<p class=\"c_bB\">Nic z\u00a0toho v\u0161ak neomlouv\u00e1 adoraci Mladi\u010de, kter\u00e1 je ur\u00e1\u017ekou v\u0161ech ob\u011bt\u00ed masakru ve Srebrenici. Znovu &#8211; byl to \u0159ezn\u00edk.<\/p>\n<p class=\"c_bB\">Ale zp\u011bt k\u00a0fotbalu. Ur\u00e1\u017ekou ob\u011bt\u00ed je i\u00a0to, kdy\u017e spar\u0165an\u0161t\u00ed fans p\u0159ej\u00ed gener\u00e1lovi, aby odpo\u010d\u00edval v\u00a0pokoji, jm\u00e9no sice na transparentu nen\u00ed, \u010d\u00edm by se asi h\u00e1jili, ale je tam srbsk\u00e1 vlajka. To nen\u00ed klukovina, stejn\u011b jako nen\u00ed klukovinou pok\u0159ik Jude Slavia, co\u017e je projev nechutn\u00e9ho antisemitismu, se kter\u00fdm nelze bojovat bezzub\u00fdmi apely.<\/p>\n<p class=\"c_bB\">Pokud klub, v\u00a0tomto p\u0159\u00edpad\u011b Sparta, neum\u00ed sv\u00e9 fanou\u0161ky umravnit, tak se fotbal nem\u016f\u017ee st\u00e1t z\u00e1bavou pro celou rodinu. A\u00a0m\u011bly by p\u0159ij\u00edt tvrd\u00e9 kroky nejen v\u00a0podob\u011b po\u0159\u00e1dn\u00fdch pokut v\u00a0\u0159\u00e1dech milion\u016f, ale i\u00a0zav\u0159en\u00ed stadionu. Oslavovat v\u00e1le\u010dn\u00e9 zlo\u010dince a\u00a0projevy antisemitismu nelze tolerovat.<\/p>\n<p class=\"c_bB\">A co se t\u00fdk\u00e1 Crvene Zvezdy Beograd, kter\u00e1 na sv\u00e9m \u00fa\u010dtu sd\u00edlela video s\u00a0transparentem d\u011bkuj\u00edc\u00edm Mladi\u010dovi, m\u011blo by j\u00ed b\u00fdt odep\u0159eno \u00fa\u010dastnit se mezin\u00e1rodn\u00edch poh\u00e1r\u016f. A\u0165 si hraje doma s\u00a0Partizanem a\u00a0jejich fanou\u0161ci se tam vy\u0159\u00e1d\u00ed.<\/p>\n<p class=\"c_bB\">N\u011bjak taky nesly\u0161\u00edm hlasy lid\u00ed, kte\u0159\u00ed volaj\u00ed po n\u00e1vratu Ruska do mezin\u00e1rodn\u00edch sout\u011b\u017e\u00ed, co\u017e zd\u016fvod\u0148uj\u00ed t\u00edm, \u017ee politika do sportu nepat\u0159\u00ed. Vzkaz srbsk\u00e9mu gener\u00e1lovi je jasn\u00fdm zatahov\u00e1n\u00edm politiky, nota bene ciz\u00ed, do sportu. M\u011bli by se pustit do Sparty, ale ml\u010d\u00ed.<\/p>\n","protected":false},"excerpt":{"rendered":"Pod Mladi\u010dov\u00fdm velen\u00edm s\u00edly samozvan\u00e9 Republiky Srbsk\u00e9 v\u00a0roce 1998\u00a0obsadily Srebrenici a\u00a0\u017depu, odkud bylo vyhn\u00e1no 40\u00a0000\u00a0Bos\u0148\u00e1k\u016f a\u00a0dal\u0161\u00edch v\u00edce ne\u017e&hellip;\n","protected":false},"author":2,"featured_media":199431,"comment_status":"","ping_status":"","sticky":false,"template":"","format":"standard","meta":{"footnotes":"","_share_on_mastodon":"0"},"categories":[10],"tags":[1198,7203,326,17,21,16,44759,3193,18,19,22,20],"class_list":["post-199430","post","type-post","status-publish","format-standard","has-post-thumbnail","category-zpravy","tag-ac-sparta-praha","tag-antisemitismus","tag-fotbal","tag-headlines","tag-hlavni-udalosti","tag-news","tag-ratko-mladic","tag-srbsko","tag-top-news","tag-top-stories","tag-udalosti-dne","tag-zpravy"],"share_on_mastodon":{"url":"https:\/\/pubeurope.com\/@cz\/117200164332767181","error":""},"_links":{"self":[{"href":"https:\/\/www.europesays.com\/cz\/wp-json\/wp\/v2\/posts\/199430","targetHints":{"allow":["GET"]}}],"collection":[{"href":"https:\/\/www.europesays.com\/cz\/wp-json\/wp\/v2\/posts"}],"about":[{"href":"https:\/\/www.europesays.com\/cz\/wp-json\/wp\/v2\/types\/post"}],"author":[{"embeddable":true,"href":"https:\/\/www.europesays.com\/cz\/wp-json\/wp\/v2\/users\/2"}],"replies":[{"embeddable":true,"href":"https:\/\/www.europesays.com\/cz\/wp-json\/wp\/v2\/comments?post=199430"}],"version-history":[{"count":0,"href":"https:\/\/www.europesays.com\/cz\/wp-json\/wp\/v2\/posts\/199430\/revisions"}],"wp:featuredmedia":[{"embeddable":true,"href":"https:\/\/www.europesays.com\/cz\/wp-json\/wp\/v2\/media\/199431"}],"wp:attachment":[{"href":"https:\/\/www.europesays.com\/cz\/wp-json\/wp\/v2\/media?parent=199430"}],"wp:term":[{"taxonomy":"category","embeddable":true,"href":"https:\/\/www.europesays.com\/cz\/wp-json\/wp\/v2\/categories?post=199430"},{"taxonomy":"post_tag","embeddable":true,"href":"https:\/\/www.europesays.com\/cz\/wp-json\/wp\/v2\/tags?post=199430"}],"curies":[{"name":"wp","href":"https:\/\/api.w.org\/{rel}","templated":true}]}}