{"id":199436,"date":"2026-09-02T07:08:15","date_gmt":"2026-09-02T07:08:15","guid":{"rendered":"https:\/\/www.europesays.com\/cz\/199436\/"},"modified":"2026-09-02T07:08:15","modified_gmt":"2026-09-02T07:08:15","slug":"usa-sevrela-tepelna-kupole-novinky","status":"publish","type":"post","link":"https:\/\/www.europesays.com\/cz\/199436\/","title":{"rendered":"USA sev\u0159ela tepeln\u00e1 kupole &#8211; Novinky"},"content":{"rendered":"<p class=\"c_bB\">Vlna veder bude na za\u010d\u00e1tek meteorologick\u00e9ho podzimu mimo\u0159\u00e1dn\u011b intenzivn\u00ed. Teploty se budou pohybovat a\u017e kolem 15\u00a0\u00b0C nad dlouhodob\u00fdmi pr\u016fm\u011bry. Na mnoha m\u00edstech se p\u0159es den vy\u0161plhaj\u00ed a\u017e ke 40\u00a0\u00b0C a\u00a0v noci neklesnou pod 25\u00a0\u00b0C.<\/p>\n<p class=\"c_bB\">Samotn\u00e9 horko sice v\u00a0p\u0159\u00ed\u0161t\u00edch dnech z\u0159ejm\u011b nep\u0159inese velk\u00e9 mno\u017estv\u00ed teplotn\u00edch rekord\u016f, hlavn\u00edm nebezpe\u010d\u00edm v\u0161ak bude jeho kombinace s\u00a0vysokou vlhkost\u00ed. Ve vzduchu j\u00ed bude opravdu hodn\u011b, co\u017e v\u00fdrazn\u011b zv\u00fd\u0161\u00ed tepelnou z\u00e1t\u011b\u017e pro lidsk\u00fd organismus.<\/p>\n<p class=\"c_bB\">Hork\u00e1 epizoda nav\u00edc potrv\u00e1 dlouho. Aktu\u00e1ln\u00ed vlna veder zde nastoupila u\u017e o\u00a0v\u00edkendu a\u00a0ve v\u00fdchodn\u00edch dvou t\u0159etin\u00e1ch USA se udr\u017e\u00ed nejm\u00e9n\u011b do konce tohoto t\u00fddne. Zejm\u00e9na v\u00a0regionech kolem \u0159eky Mississippi v\u0161ak vedra p\u0159etrvaj\u00ed i\u00a0p\u0159\u00ed\u0161t\u00ed t\u00fdden.<\/p>\n<p lang=\"en\" dir=\"ltr\">\ud83d\udd25 Dangerous &amp; Expansive Heat Wave \ud83d\udd25 <\/p>\n<p>Dangerous heat rebuilds over the Southern Plains and expands east into the Ohio Valley, Mid-Atlantic, &amp; Southeast this week. Highs of 95\u2013105\u00b0F with lows in the mid-70s bring widespread Major to Extreme HeatRisk.  <\/p>\n<p>Stay hydrated! \ud83e\udd64 <a href=\"https:\/\/t.co\/kQpFp8nP6z\" rel=\"nofollow\">pic.twitter.com\/kQpFp8nP6z<\/a><\/p>\n<p>\u2014 NWS Weather Prediction Center (@NWSWPC) <a href=\"https:\/\/x.com\/NWSWPC\/status\/2093770616784445616?ref_src=twsrc%5Etfw\" rel=\"nofollow\">August 29, 2026<\/a><\/p>\n<p class=\"c_bB\">Podle <a data-dot=\"atm-link\" target=\"_blank\" rel=\"noopener nofollow\" href=\"https:\/\/edition.cnn.com\/2026\/08\/30\/weather\/northeast-storms-heat-climate\" class=\"c_I\">stanice CNN<\/a> stoj\u00ed za mimo\u0159\u00e1dn\u011b vysok\u00fdmi teplotami jev ozna\u010dovan\u00fd jako tepeln\u00e1 kupole. Jde o\u00a0rozs\u00e1hlou oblast vysok\u00e9ho tlaku vzduchu, jen\u017e vede k\u00a0hromad\u011bn\u00ed velmi tepl\u00e9ho vzduchu. Sestupn\u00e9 proud\u011bn\u00ed jej nav\u00edc stla\u010duje a\u00a0d\u00e1le zah\u0159\u00edv\u00e1.<\/p>\n<p class=\"c_bB\">Mohutn\u00e1 tlakov\u00e1 v\u00fd\u0161e se vytvo\u0159ila u\u017e minul\u00fd t\u00fdden v\u00a0z\u00e1padn\u00ed \u010d\u00e1sti Spojen\u00fdch st\u00e1t\u016f. Zejm\u00e9na v\u00a0Kalifornii, Nevad\u011b a\u00a0Arizon\u011b se teploty bl\u00ed\u017eily 50\u00a0\u00b0C. Extr\u00e9mn\u00ed vedra tak zasahuj\u00ed USA u\u017e del\u0161\u00ed dobu, jejich t\u011b\u017ei\u0161t\u011b se nyn\u00ed pouze p\u0159esunulo d\u00e1le k\u00a0v\u00fdchodu.<\/p>\n<p><a data-dot=\"atm-link\" target=\"_self\" href=\"https:\/\/www.novinky.cz\/clanek\/pocasi-atlantik-stale-ceka-na-prvni-hurikan-el-nino-brzdi-jejich-vznik-40595289\" class=\"c_I\" rel=\"nofollow noopener\"><img height=\"2304\" width=\"4096\" src=\"https:\/\/www.europesays.com\/cz\/wp-content\/uploads\/2026\/09\/1788332895_298_hurikan-atlantik-pocasi.jpeg\" loading=\"lazy\" decoding=\"async\" class=\"c_t c_r c_l\"\/><\/a>Na okraji kupole ude\u0159\u00ed siln\u00e9 bou\u0159ky<\/p>\n<p class=\"c_bB\">Tepeln\u00e1 kupole v\u0161ak nep\u0159in\u00e1\u0161\u00ed pouze prudk\u00fd n\u00e1r\u016fst teplot. Tepl\u00fd a\u00a0vlhk\u00fd vzduch se na jej\u00edm okraji dost\u00e1v\u00e1 do kontaktu s\u00a0chladn\u011bj\u0161\u00edmi masami a\u00a0v\u00fdrazn\u00e9 teplotn\u00ed rozhran\u00ed spolu s\u00a0vysokou vlhkost\u00ed vytv\u00e1\u0159\u00ed p\u0159\u00edzniv\u00e9 podm\u00ednky pro rozvoj intenzivn\u00ed bou\u0159kov\u00e9 \u010dinnosti.<\/p>\n<p lang=\"en\" dir=\"ltr\">Flash flooding in Zion National Park! Heavy showers across the state today. Best to stay indoors in Central and Southern Utah. \ud83c\udfa5Marisol Woodward <a href=\"https:\/\/t.co\/yik8Kbwc6v\" rel=\"nofollow\">pic.twitter.com\/yik8Kbwc6v<\/a><\/p>\n<p>\u2014 Chris Avery (@cbavery) <a href=\"https:\/\/x.com\/cbavery\/status\/2094541002862199034?ref_src=twsrc%5Etfw\" rel=\"nofollow\">August 31, 2026<\/a><\/p>\n<p class=\"c_bB\">V minul\u00fdch dnech \u0159\u00e1dily bou\u0159ky zejm\u00e9na na z\u00e1padn\u00edm okraji tlakov\u00e9 v\u00fd\u0161e. V\u00a0arizonsk\u00e9m n\u00e1rodn\u00edm parku Grand Canyon zp\u016fsobily <a data-dot=\"atm-link\" target=\"_blank\" rel=\"noopener nofollow\" href=\"https:\/\/www.theguardian.com\/us-news\/ng-interactive\/2026\/aug\/31\/grand-canyon-flash-flood-causes\" class=\"c_I\">bleskov\u00e9 povodn\u011b<\/a>, p\u0159i nich\u017e zem\u0159eli nejm\u00e9n\u011b dva lid\u00e9. Intenzivn\u00ed lij\u00e1ky zas\u00e1hly tak\u00e9 dal\u0161\u00ed zn\u00e1m\u00fd n\u00e1rodn\u00ed park Zion v\u00a0Utahu.<\/p>\n<p class=\"c_bB\">B\u011bhem tohoto t\u00fddne se bou\u0159ky p\u0159esunou do oblasti Velk\u00fdch jezer a\u00a0na severov\u00fdchod USA. Nejv\u011bt\u0161\u00ed riziko hroz\u00ed od \u00fater\u00fd do \u010dtvrtka, p\u0159i\u010dem\u017e bou\u0159ky mohou p\u0159in\u00e9st p\u0159\u00edvalov\u00e9 de\u0161t\u011b, ni\u010div\u00e9 poryvy v\u011btru i\u00a0torn\u00e1da.<\/p>\n<p><a data-dot=\"atm-link\" target=\"_self\" href=\"https:\/\/www.novinky.cz\/clanek\/pocasi-zase-ctyricitky-do-evropy-miri-dalsi-vlna-veder-40595249\" class=\"c_I\" rel=\"nofollow noopener\"><img height=\"576\" width=\"1024\" src=\"https:\/\/www.europesays.com\/cz\/wp-content\/uploads\/2026\/09\/pocasi-teploty.png\" loading=\"lazy\" decoding=\"async\" class=\"c_t c_r c_l\"\/><\/a><script async src=\"https:\/\/platform.twitter.com\/widgets.js\" charset=\"utf-8\"><\/script><\/p>\n","protected":false},"excerpt":{"rendered":"Vlna veder bude na za\u010d\u00e1tek meteorologick\u00e9ho podzimu mimo\u0159\u00e1dn\u011b intenzivn\u00ed. Teploty se budou pohybovat a\u017e kolem 15\u00a0\u00b0C nad dlouhodob\u00fdmi&hellip;\n","protected":false},"author":2,"featured_media":199437,"comment_status":"","ping_status":"","sticky":false,"template":"","format":"standard","meta":{"footnotes":"","_share_on_mastodon":"0"},"categories":[11],"tags":[3862,35509,255,54,36712,113,34118,33375,53,52],"class_list":["post-199436","post","type-post","status-publish","format-standard","has-post-thumbnail","category-svet","tag-bourka","tag-extremni-vedro","tag-pocasi","tag-svet","tag-tepelna-kupole","tag-usa","tag-vlhkost","tag-vlna-veder","tag-world","tag-world-news"],"share_on_mastodon":{"url":"https:\/\/pubeurope.com\/@cz\/117200192359879760","error":""},"_links":{"self":[{"href":"https:\/\/www.europesays.com\/cz\/wp-json\/wp\/v2\/posts\/199436","targetHints":{"allow":["GET"]}}],"collection":[{"href":"https:\/\/www.europesays.com\/cz\/wp-json\/wp\/v2\/posts"}],"about":[{"href":"https:\/\/www.europesays.com\/cz\/wp-json\/wp\/v2\/types\/post"}],"author":[{"embeddable":true,"href":"https:\/\/www.europesays.com\/cz\/wp-json\/wp\/v2\/users\/2"}],"replies":[{"embeddable":true,"href":"https:\/\/www.europesays.com\/cz\/wp-json\/wp\/v2\/comments?post=199436"}],"version-history":[{"count":0,"href":"https:\/\/www.europesays.com\/cz\/wp-json\/wp\/v2\/posts\/199436\/revisions"}],"wp:featuredmedia":[{"embeddable":true,"href":"https:\/\/www.europesays.com\/cz\/wp-json\/wp\/v2\/media\/199437"}],"wp:attachment":[{"href":"https:\/\/www.europesays.com\/cz\/wp-json\/wp\/v2\/media?parent=199436"}],"wp:term":[{"taxonomy":"category","embeddable":true,"href":"https:\/\/www.europesays.com\/cz\/wp-json\/wp\/v2\/categories?post=199436"},{"taxonomy":"post_tag","embeddable":true,"href":"https:\/\/www.europesays.com\/cz\/wp-json\/wp\/v2\/tags?post=199436"}],"curies":[{"name":"wp","href":"https:\/\/api.w.org\/{rel}","templated":true}]}}