{"id":199448,"date":"2026-09-02T07:19:13","date_gmt":"2026-09-02T07:19:13","guid":{"rendered":"https:\/\/www.europesays.com\/cz\/199448\/"},"modified":"2026-09-02T07:19:13","modified_gmt":"2026-09-02T07:19:13","slug":"polsky-vlak-do-nebe-symbolizuje-splneny-sen","status":"publish","type":"post","link":"https:\/\/www.europesays.com\/cz\/199448\/","title":{"rendered":"Polsk\u00fd vlak do nebe symbolizuje spln\u011bn\u00fd sen"},"content":{"rendered":"<p class=\"c_bB\">Vratislav m\u00e1 milovn\u00edk\u016fm \u017eeleznice hodn\u011b co nab\u00eddnout. Vedle historick\u00fdch n\u00e1dra\u017e\u00ed a\u00a0zaj\u00edmav\u00e9 \u017eelezni\u010dn\u00ed architektury l\u00e1k\u00e1 na <a data-dot=\"atm-link\" target=\"_blank\" href=\"https:\/\/www.novinky.cz\/clanek\/cestovani-dokonala-atrakce-pro-deti-ceka-kousek-za-hranicemi-polska-40593586?cwtkn=di9-bmIvNy88LyEvf2RpLzcvPz9vP2w6PmggbGtpNSA5NDpuIDQ7bGsgNW5oaG84a2s5Pm5sLyEveX4vNzw6NTo1Pjs7PTQjPz4_IS9vZS83L2d8PkU5QVtPNFduLyEvfmRpLzcvZGkwOTw_PDQ-Pj08OTk6Oz4-Oz0_NXF5MDw6Ojg4ODo4PTUjOz87cXloMDw6NTo1Pjs7PTQjODg6cW4wOT5MNElPT04_ND89OzVIPjRJTztJPTg8NDU1TjhMND4vIS9oeG4vNy9OXFdbQmpMXFdbQmpMST5MTlVOXk5-SzVMXVJqTEhdakxMWURHQ1xHakxLTExcTEx8TE9mTEhMTEZMTFdMTD1MTl5MSHpMR3pMWnpMe3pPZUxKRExcSExqak5ITEhYTEQ5TFlqTGJcT3VMSXhMRFxMWGpMPTlOQmpIP2pGZkxbZkx5ek9oVElKXEpaTEB4TGs5T0xuTkB6SGBqXn9qQUxMW0xPTExJRExKakxZTEx1TE8gTEhETEQ5TFlqTHdcTz5MSERMRH5MYD1PWGpOfmpLeExBd0xXVEx0OU5bVExMTCNER0NcR2pMS0xMXExMfExPZkxITExGTExXTEw9TE5eTEh6TEd6TFp6THt6T2VMSkRMXEhMampOSExIWExEOUxZakxiXE91TEl4TERcTFhqTD05TkJqSD9qRmZMW2ZMeXpPaFRJSlxKWkxAeExrOU9Mbk5AekhgakwjVExMTExMTExMWkxML3A\" class=\"c_I\" rel=\"nofollow noopener\">z\u00e1bavn\u00fd sv\u011bt \u017eelezni\u010dn\u00edch model\u016f Kolejkowo<\/a> a\u00a0p\u0159i n\u00e1v\u0161t\u011bv\u011b \u201eBen\u00e1tek severu\u201c nelze p\u0159ehl\u00e9dnout ani Poci\u0105g do nieba, v\u00a0p\u0159ekladu Vlak do nebe. <\/p>\n<p class=\"c_bB\">Na St\u0159ehomsk\u00e9m n\u00e1m\u011bst\u00ed byl nainstalov\u00e1n\u00a0roku 2010.\u00a0Jde o\u00a0d\u00edlo polsk\u00e9ho um\u011blce Andrzeje Jarodzk\u00e9ho, kter\u00fd pro svou instalaci vyu\u017eil skute\u010dnou parn\u00ed lokomotivu Ty2-1035.\u00a0Ta byla vyrobena v\u00a0z\u00e1vodech Orenstein &amp; Koppel v\u00a0roce 1944\u00a0a\u00a0dnes spolu s\u00a0fragmentem kolej\u00ed m\u00ed\u0159\u00ed nezvykle vzh\u016fru k\u00a0obloze. <\/p>\n<p class=\"c_bB\">Cel\u00e1 um\u011bleck\u00e1 instalace m\u011b\u0159\u00ed p\u0159ibli\u017en\u011b 21\u00a0metr\u016f a\u00a0v\u00e1\u017e\u00ed 82\u00a0tun. M\u011bsto ji ozna\u010duje za nejv\u011bt\u0161\u00ed venkovn\u00ed m\u011bstskou sochu v\u00a0Polsku. D\u00edlo m\u00e1 symbolizovat spln\u011bn\u00fd sen, p\u0159ekon\u00e1n\u00ed nemo\u017en\u00e9ho a\u00a0lidskou touhu p\u0159ekra\u010dovat hranice. Za n\u00e1v\u0161t\u011bvu stoj\u00ed ve dne i\u00a0po setm\u011bn\u00ed, kdy lokomotivu zv\u00fdraz\u0148uje barevn\u00e9 osv\u011btlen\u00ed.<\/p>\n<p><a data-dot=\"atm-link\" target=\"_self\" href=\"https:\/\/www.novinky.cz\/clanek\/cestovani-extremni-vedra-v-athenach-ozivila-skomirajici-remeslo-40594306\" class=\"c_I\" rel=\"nofollow noopener\"><img fetchpriority=\"high\" height=\"2304\" width=\"4096\" src=\"https:\/\/www.europesays.com\/cz\/wp-content\/uploads\/2026\/09\/1788333552_461_atheny.jpeg\" loading=\"eager\" decoding=\"sync\" class=\"c_t c_r\"\/><\/a><\/p>\n<p class=\"c_bB\">V\u00fdlet k\u00a0Vlaku do nebe lze dob\u0159e spojit s\u00a0n\u00e1v\u0161t\u011bvou sousedn\u00edho Muzea sou\u010dasn\u00e9ho um\u011bn\u00ed, kter\u00e9 s\u00eddl\u00ed v\u00a0mohutn\u00e9m protileteck\u00e9m krytu z\u00a0roku 1942.\u00a0Nedaleko se nach\u00e1z\u00ed tak\u00e9 Muzeum her a\u00a0po\u010d\u00edta\u010d\u016f minulosti v\u00a0budov\u011b n\u011bkdej\u0161\u00edho \u015awiebodzk\u00e9ho n\u00e1dra\u017e\u00ed. N\u00e1v\u0161t\u011bvn\u00edci si v\u00a0n\u011bm mohou nejen prohl\u00e9dnout, ale tak\u00e9 vyzkou\u0161et historick\u00e9 po\u010d\u00edta\u010de, hern\u00ed konzole a\u00a0ark\u00e1dov\u00e9 automaty v\u010detn\u011b stroj\u016f Commodore, Amiga nebo Atari. <\/p>\n<p class=\"c_bB\">Vratislav ale nen\u00ed jen m\u011bstem technick\u00fdch kuriozit. Metropole Doln\u00edho Slezska se rozkl\u00e1d\u00e1 na Od\u0159e a\u00a0jej\u00edch ramenech, m\u00e1 12\u00a0ostrov\u016f a\u00a0112\u00a0most\u016f, d\u00edky nim\u017e si vyslou\u017eila p\u0159ezd\u00edvku Ben\u00e1tky severu. Historick\u00e9 centrum l\u00e1k\u00e1 na rozlehl\u00fd Rynek s\u00a0barevn\u00fdmi m\u011b\u0161\u0165ansk\u00fdmi domy, zat\u00edmco n\u00e1b\u0159e\u017e\u00ed a\u00a0ostrovy nab\u00edzej\u00ed p\u0159\u00edjemn\u00e9 proch\u00e1zky i\u00a0plavby po Od\u0159e. <\/p>\n<p><a data-dot=\"atm-link\" target=\"_self\" href=\"https:\/\/www.novinky.cz\/clanek\/cestovani-z-textilniho-imperia-filmovym-mestem-lodz-laka-na-kavu-i-svestkove-knedliky-se-zelim-40592556\" class=\"c_I\" rel=\"nofollow noopener\"><img height=\"432\" width=\"768\" src=\"https:\/\/www.europesays.com\/cz\/wp-content\/uploads\/2026\/09\/polsko-lodz.jpeg\" loading=\"eager\" decoding=\"sync\" class=\"c_t c_r\"\/><\/a><\/p>\n","protected":false},"excerpt":{"rendered":"Vratislav m\u00e1 milovn\u00edk\u016fm \u017eeleznice hodn\u011b co nab\u00eddnout. Vedle historick\u00fdch n\u00e1dra\u017e\u00ed a\u00a0zaj\u00edmav\u00e9 \u017eelezni\u010dn\u00ed architektury l\u00e1k\u00e1 na z\u00e1bavn\u00fd sv\u011bt \u017eelezni\u010dn\u00edch&hellip;\n","protected":false},"author":2,"featured_media":199449,"comment_status":"","ping_status":"","sticky":false,"template":"","format":"standard","meta":{"footnotes":"","_share_on_mastodon":"0"},"categories":[11],"tags":[536,3881,117,54,1682,1692,53,52],"class_list":["post-199448","post","type-post","status-publish","format-standard","has-post-thumbnail","category-svet","tag-cestovani","tag-mesta","tag-polsko","tag-svet","tag-umeni","tag-vlaky","tag-world","tag-world-news"],"share_on_mastodon":{"url":"https:\/\/pubeurope.com\/@cz\/117200235573889731","error":""},"_links":{"self":[{"href":"https:\/\/www.europesays.com\/cz\/wp-json\/wp\/v2\/posts\/199448","targetHints":{"allow":["GET"]}}],"collection":[{"href":"https:\/\/www.europesays.com\/cz\/wp-json\/wp\/v2\/posts"}],"about":[{"href":"https:\/\/www.europesays.com\/cz\/wp-json\/wp\/v2\/types\/post"}],"author":[{"embeddable":true,"href":"https:\/\/www.europesays.com\/cz\/wp-json\/wp\/v2\/users\/2"}],"replies":[{"embeddable":true,"href":"https:\/\/www.europesays.com\/cz\/wp-json\/wp\/v2\/comments?post=199448"}],"version-history":[{"count":0,"href":"https:\/\/www.europesays.com\/cz\/wp-json\/wp\/v2\/posts\/199448\/revisions"}],"wp:featuredmedia":[{"embeddable":true,"href":"https:\/\/www.europesays.com\/cz\/wp-json\/wp\/v2\/media\/199449"}],"wp:attachment":[{"href":"https:\/\/www.europesays.com\/cz\/wp-json\/wp\/v2\/media?parent=199448"}],"wp:term":[{"taxonomy":"category","embeddable":true,"href":"https:\/\/www.europesays.com\/cz\/wp-json\/wp\/v2\/categories?post=199448"},{"taxonomy":"post_tag","embeddable":true,"href":"https:\/\/www.europesays.com\/cz\/wp-json\/wp\/v2\/tags?post=199448"}],"curies":[{"name":"wp","href":"https:\/\/api.w.org\/{rel}","templated":true}]}}