{"id":199458,"date":"2026-09-02T07:31:07","date_gmt":"2026-09-02T07:31:07","guid":{"rendered":"https:\/\/www.europesays.com\/cz\/199458\/"},"modified":"2026-09-02T07:31:07","modified_gmt":"2026-09-02T07:31:07","slug":"babisovi-doslo-ze-pavel-jen-tak-nezmizi-urovnanim-vztahu-vypustil-macinkovi-rybnik","status":"publish","type":"post","link":"https:\/\/www.europesays.com\/cz\/199458\/","title":{"rendered":"Babi\u0161ovi do\u0161lo, \u017ee Pavel jen tak nezmiz\u00ed. Urovn\u00e1n\u00edm vztah\u016f vypustil Macinkovi rybn\u00edk"},"content":{"rendered":"<p class=\"e_cz\">Dokonce i\u00a0Andrej Babi\u0161 po bou\u0159liv\u00e9m l\u00e9te kone\u010dn\u011b proz\u0159el. Petr Pavel nikam neodch\u00e1z\u00ed. Bude na Hrad\u011b po cel\u00e9 zb\u00fdvaj\u00edc\u00ed funk\u010dn\u00ed obdob\u00ed sou\u010dasn\u00e9 vl\u00e1dy a\u00a0s nejv\u011bt\u0161\u00ed pravd\u011bpodobnost\u00ed i\u00a0v tom n\u00e1sleduj\u00edc\u00edm. Pokud Andrej Babi\u0161 v\u00a0p\u0159\u00ed\u0161t\u00edch volb\u00e1ch zv\u00edt\u011bz\u00ed a\u00a0znovu stane v\u00a0\u010dele sn\u011bmovny, nezbyde mu ne\u017e se s\u00a0prezidentem nau\u010dit \u017e\u00edt a\u00a0fungovat bez neust\u00e1l\u00fdch zkrat\u016f.<\/p>\n<p>Konec d\u011btinsk\u00e9ho boje a\u00a0pragmatick\u00e9 vyst\u0159\u00edzliv\u011bn\u00ed<\/p>\n<p class=\"e_cz\">Po m\u011bs\u00edc\u00edch, kdy komunikace mezi \u00da\u0159adem vl\u00e1dy a\u00a0Kancel\u00e1\u0159\u00ed prezidenta republiky p\u0159ipom\u00ednala sp\u00ed\u0161 vyhl\u00e1\u0161en\u00ed studen\u00e9 v\u00e1lky, p\u0159i\u0161el n\u00e1hl\u00fd obrat. Andrej Babi\u0161 ve sv\u00e9m tradi\u010dn\u00edm ned\u011bln\u00edm videu promluvil k\u00a0voli\u010d\u016fm ne\u010dekan\u011b sm\u00ed\u0159liv\u00fdm t\u00f3nem. Zm\u011bnil komunika\u010dn\u00ed karty, a\u00a0ujistil sleduj\u00edc\u00ed, \u017ee <a data-dot=\"atm-link\" target=\"_blank\" rel=\"ugc noopener nofollow\" href=\"https:\/\/www.idnes.cz\/zpravy\/domaci\/pavel-a-babis-se-budou-znovu-schazet-prezident-a-premier-se-dohodli.A260830_084609_domaci_kop\" class=\"e_w\">\u017e\u00e1dn\u00fd boj mezi n\u00edm a\u00a0hradem nen\u00ed<\/a> a\u00a0\u017ee se budou s\u00a0prezidentem Pavlem uri\u010dt\u011b sch\u00e1zet.<\/p>\n<p class=\"e_cz\">Je\u0161t\u011b p\u0159ed p\u00e1r t\u00fddny p\u0159itom Babi\u0161 jak\u00e9koliv <a data-dot=\"atm-link\" target=\"_blank\" rel=\"ugc noopener nofollow\" href=\"https:\/\/www.irozhlas.cz\/zpravy-domov\/babis-odmitl-navrh-pavla-na-obnoveni-schuzek-nejvyssich-ustavnich-cinitelu-mame_2607121955_aha\" class=\"e_w\">sch\u016fzky kategoricky odm\u00edtal<\/a> s\u00a0t\u00edm, \u017ee na n\u011b nem\u00e1 \u010das, s\u00a0Hradem se koordinovat nechce a\u00a0nebude se pod\u00edlet na Pavlov\u011b prezidentsk\u00e9 kampani. Co se tedy stalo? Premi\u00e9r jednodu\u0161e pochopil realitu.<\/p>\n<p class=\"e_cz\">Mand\u00e1t Petra Pavla vypr\u0161\u00ed a\u017e na po\u010d\u00e1tku roku 2028\u00a0a\u00a0z jeho aktu\u00e1ln\u00edch vyj\u00e1d\u0159en\u00ed je z\u0159ejm\u00e9, \u017ee<a data-dot=\"atm-link\" target=\"_blank\" rel=\"ugc noopener nofollow\" href=\"https:\/\/cnn.iprima.cz\/pavel-o-pristi-prezidentske-volbe-babis-ma-sanci-zeman-by-byl-velice-dustojny-souper-rekl-520433\" class=\"e_w\"> obhajoba postu je vysoce pravd\u011bpodobn\u00e1<\/a>. Babi\u0161 tak p\u0159ed sebou nem\u00e1 do\u010dasnou p\u0159ek\u00e1\u017eku, kterou by mohl vysed\u011bt nebo ignorovat. Pavel zde bude po celou dobu Babi\u0161ova premi\u00e9rsk\u00e9ho anga\u017em\u00e1. Pokud nav\u00edc navazuj\u00edc\u00ed parlamentn\u00ed volby dopadnou pro hnut\u00ed ANO \u00fasp\u011b\u0161n\u011b a\u00a0Babi\u0161 v\u00a0roce 2029\u00a0sestav\u00ed vl\u00e1du znovu, bude se muset s\u00a0Petrem Pavlem potk\u00e1vat i\u00a0v dal\u0161\u00edm funk\u010dn\u00edm obdob\u00ed.<\/p>\n<p>Sm\u011b\u0161n\u00e1 fra\u0161ka jm\u00e9nem Ankara<\/p>\n<p class=\"e_cz\">Otr\u00e1venou atmosf\u00e9ru mezi Strakovou akademi\u00ed a\u00a0Hradem nejv\u00edce vysv\u011btluje spor o\u00a0\u00fa\u010dast na \u010dervencov\u00e9m summitu NATO v\u00a0Anka\u0159e. Ud\u00e1lost, kter\u00e1 v\u00a0zahrani\u010d\u00ed p\u016fsobila jako malichern\u00e1 vnitropolitick\u00e1 p\u0159est\u0159elka, uk\u00e1zala \u010deskou diplomacii v\u00a0tom nejhor\u0161\u00edm sv\u011btle. Vl\u00e1da se pokusila prezidenta z\u00a0ofici\u00e1ln\u00ed \u010desk\u00e9 delegace vy\u0161krtnout. Pavel reagoval pod\u00e1n\u00edm kompeten\u010dn\u00ed \u017ealoby k\u00a0<a data-dot=\"atm-link\" target=\"_blank\" rel=\"ugc noopener nofollow\" href=\"https:\/\/zpravy.aktualne.cz\/domaci\/ustavni-soud-naridil-vlade-vzit-prezidenta-na-summit-nato\/r~aaa2953f61aad7acde69957419f2f8b4\/\" class=\"e_w\">\u00dastavn\u00edmu soudu, kter\u00fd p\u0159edb\u011b\u017en\u00fdm opat\u0159en\u00edm na\u0159\u00eddil, aby mu byla \u00fa\u010dast umo\u017en\u011bna<\/a>.<\/p>\n<p class=\"e_cz\">V\u00fdsledek? <a data-dot=\"atm-link\" target=\"_blank\" rel=\"ugc noopener nofollow\" href=\"https:\/\/ct24.ceskatelevize.cz\/clanek\/svet\/v-ankare-zacina-summit-nato-leti-babis-i-pavel-375308\" class=\"e_w\">Na summit do Turecka odlet\u011bli oba<\/a>, ale na m\u00edst\u011b p\u0159edv\u00e1d\u011bli divadlo pln\u00e9 ignorace, kdy se dv\u011b \u010d\u00e1sti jedn\u00e9 n\u00e1rodn\u00ed delegace pohybovaly odd\u011blen\u011b a\u00a0vz\u00e1jemn\u011b spolu nekomunikovaly. Bylo to sm\u011b\u0161n\u00e9, ned\u016fstojn\u00e9 a\u00a0zcela zbyte\u010dn\u00e9.<\/p>\n<p class=\"e_cz\">S odstupem \u010dasu je jasn\u00e9, \u017ee tento konflikt nem\u011bl \u017e\u00e1dn\u00fd v\u011bcn\u00fd z\u00e1klad. \u010cesk\u00e1 zahrani\u010dn\u00ed politika v\u00a0kl\u00ed\u010dov\u00fdch ot\u00e1zk\u00e1ch Severoatlantick\u00e9 aliance nevykazuje \u017e\u00e1dn\u00e9 z\u00e1sadn\u00ed rozkoly, kter\u00e9 by ospravedl\u0148ovaly takov\u00e9 silov\u00e9 p\u0159etla\u010dov\u00e1n\u00ed. Zp\u011btn\u011b to vid\u00ed i\u00a0s\u00e1m Babi\u0161. <\/p>\n<p>Bli\u017e\u0161\u00ed, ne\u017e se na prvn\u00ed pohled zd\u00e1<\/p>\n<p class=\"e_cz\">Kdy\u017e se o\u010dist\u00ed politick\u00e1 retorika od p\u0159edvolebn\u00edch n\u00e1nos\u016f, uk\u00e1\u017ee se, \u017ee Babi\u0161 a\u00a0Pavel si k\u00a0sob\u011b maj\u00ed logicky i\u00a0povahov\u011b bl\u00ed\u017ee, ne\u017e by se mohlo zd\u00e1t ze stranick\u00fdch tiskov\u00fdch konferenc\u00ed. Oba jsou p\u0159edstavitel\u00e9 siln\u011b pragmatick\u00e9ho stylu politiky, oba kladou d\u016fraz na efektivitu a\u00a0procesn\u00ed \u0159\u00edzen\u00ed. Ani jeden z\u00a0nich nen\u00ed teoretick\u00fd ideolog. Ostatn\u011b hned po sn\u011bmovn\u00edch volb\u00e1ch dok\u00e1zali velmi rychle a\u00a0v\u011bcn\u011b naj\u00edt spole\u010dnou \u0159e\u010d ohledn\u011b p\u0159ed\u00e1v\u00e1n\u00ed moci a\u00a0z\u00e1kladn\u00edch st\u00e1tn\u00edch priorit.<\/p>\n<p class=\"e_cz\">Dohoda na obnoven\u00ed pravideln\u00fdch sch\u016fzek, kter\u00e9 prob\u011bhly nap\u0159\u00edklad po jedn\u00e1n\u00ed Bezpe\u010dnostn\u00ed rady st\u00e1tu, d\u00e1v\u00e1 \u0161anci na systematickou koordinaci. Pokud tento p\u0159\u00edstup vydr\u017e\u00ed, m\u00e1 \u010desk\u00e1 zahrani\u010dn\u00ed politika \u0161anci vystupovat \u010diteln\u011b a\u00a0jednotn\u011b. Minim\u00e1ln\u011b do nadch\u00e1zej\u00edc\u00edho <a data-dot=\"atm-link\" target=\"_blank\" rel=\"ugc noopener nofollow\" href=\"https:\/\/en.wikipedia.org\/wiki\/2027_Tirana_NATO_summit\" class=\"e_w\">SUMMITU NATO v\u00a0Tiran\u011b v\u00a0roce 2027<\/a>\u00a0m\u00e1 tato dohoda o\u00a0ne\u00fato\u010den\u00ed re\u00e1lnou \u0161anci p\u0159e\u017e\u00edt. Ani jeden z\u00a0akt\u00e9r\u016f si nem\u016f\u017ee dovolit opakovat ostudu z\u00a0Ankary.<\/p>\n<p>Osobn\u00ed msta ministra Macinky<\/p>\n<p class=\"e_cz\">Ot\u00e1zkou z\u016fst\u00e1v\u00e1, pro\u010d k\u00a0cel\u00e9 ankar\u00e1\u017ei a\u00a0n\u00e1sledn\u00e9mu zmrazen\u00ed vztah\u016f v\u016fbec do\u0161lo. Odpov\u011b\u010f le\u017e\u00ed v\u00a0koali\u010dn\u00ed architektu\u0159e Babi\u0161ovy vl\u00e1dy, konkr\u00e9tn\u011b u\u00a0ministra zahrani\u010d\u00ed a\u00a0p\u0159edsedy Motorist\u016f sob\u011b Petra Macinky.<\/p>\n<p class=\"e_cz\">Macinka vzal toto rozhodnut\u00ed jako osobn\u00ed ur\u00e1\u017eku a\u00a0<a data-dot=\"atm-link\" target=\"_blank\" rel=\"ugc noopener nofollow\" href=\"https:\/\/www.e15.cz\/domaci\/politika\/macinka-obvinil-prezidenta-z-aktivismu-nejmenovanim-turka-podle-nej-utoci-na-ustavu-1430664\" class=\"e_w\">v\u016f\u010di Hradu zah\u00e1jil otev\u0159enou osobn\u00ed v\u00e1lku<\/a>. Vyjad\u0159oval se o\u00a0prezidentsk\u00e9m aktivismu, mluvil o\u00a0sp\u00e1len\u00fdch mostech a\u00a0z pozice \u0161\u00e9fa diplomacie se sna\u017eil prezidentovi \u0161kodit, kde to jen \u0161lo. Pokusy o\u00a0blokov\u00e1n\u00ed prezidenta v\u00a0zahrani\u010dn\u00ed politice nebyly strategick\u00fdm z\u00e1jmem \u010cesk\u00e9 republiky ani Babi\u0161ova hnut\u00ed ANO. Byla to Macinkova soukrom\u00e1 odveta za ne\u00fasp\u011b\u0161n\u00e9 instalov\u00e1n\u00ed Filipa Turka do vl\u00e1dy.<\/p>\n<p class=\"e_cz\">Petr Macinka t\u00edmto p\u0159\u00edstupem bohu\u017eel po\u0161kozuje celou Babi\u0161ovu vl\u00e1du. M\u00edsto toho, aby se ministerstvo zahrani\u010d\u00ed soust\u0159edilo na prosazov\u00e1n\u00ed n\u00e1rodn\u00edch z\u00e1jm\u016f v\u00a0komplikovan\u00e9m mezin\u00e1rodn\u00edm prost\u0159ed\u00ed, stalo se instrumentem vy\u0159izov\u00e1n\u00ed \u00fa\u010dt\u016f.<\/p>\n<p class=\"e_cz\">Uklidn\u011bn\u00ed na trase Hrad\u00a0\u2013 Strakova akademie je dobrou zpr\u00e1vou pro stabilitu st\u00e1tu. Pro Petra Macinku z\u00a0toho v\u0161ak plyne jedin\u00e9: jeho osobn\u00ed v\u00e1lka proti Petru Pavlovi skon\u010dila. Cel\u00e9 jeho dosavadn\u00ed zviditel\u0148ov\u00e1n\u00ed v\u00a0politice toti\u017e st\u00e1lo na jedin\u00e9m vykonstruovan\u00e9m sporu s\u00a0Hradem. Aby byl v\u00a0m\u00e9di\u00edch vid\u011bt a\u00a0mohl p\u0159ed sv\u00fdmi p\u0159\u00edznivci vystupovat v\u00a0roli neohro\u017een\u00e9ho bojovn\u00edka, nutn\u011b pot\u0159eboval siln\u00e9ho protihr\u00e1\u010de\u00a0\u2013 a\u00a0kdy\u017e \u017e\u00e1dn\u00fd po ruce nebyl, musel si ho prost\u011b vyrobit. Jen\u017ee tato show te\u010f kon\u010d\u00ed. Z\u00a0prezidenta se st\u00e1v\u00e1 spoluhr\u00e1\u010d Andreje Babi\u0161e, a\u00a0pokud by Macinka ve sv\u00fdch \u00fatoc\u00edch pokra\u010doval i\u00a0nad\u00e1le, dostal by se do st\u0159etu s\u00a0vlastn\u00edm premi\u00e9rem. To by pro n\u011bj byla a\u017e p\u0159\u00edli\u0161 vysok\u00e1 a\u00a0riskantn\u00ed hra, kterou si prost\u011b nem\u016f\u017ee dovolit.<\/p>\n","protected":false},"excerpt":{"rendered":"Dokonce i\u00a0Andrej Babi\u0161 po bou\u0159liv\u00e9m l\u00e9te kone\u010dn\u011b proz\u0159el. Petr Pavel nikam neodch\u00e1z\u00ed. Bude na Hrad\u011b po cel\u00e9 zb\u00fdvaj\u00edc\u00ed&hellip;\n","protected":false},"author":2,"featured_media":199459,"comment_status":"","ping_status":"","sticky":false,"template":"","format":"standard","meta":{"footnotes":"","_share_on_mastodon":"0"},"categories":[7],"tags":[266,8147,43,42,41,40,792,418,174,4131,580,5163,1223,8148,562,959],"class_list":["post-199458","post","type-post","status-publish","format-standard","has-post-thumbnail","category-cesko","tag-andrej-babis","tag-ankara","tag-ceska-republika","tag-cesko","tag-czech-republic","tag-czechia","tag-filip-turek","tag-petr-macinka","tag-politika","tag-premier","tag-prezident","tag-spoluprace","tag-spory","tag-summit-nato","tag-vlada-andreje-babise","tag-volby"],"share_on_mastodon":{"url":"https:\/\/pubeurope.com\/@cz\/117200282367427861","error":""},"_links":{"self":[{"href":"https:\/\/www.europesays.com\/cz\/wp-json\/wp\/v2\/posts\/199458","targetHints":{"allow":["GET"]}}],"collection":[{"href":"https:\/\/www.europesays.com\/cz\/wp-json\/wp\/v2\/posts"}],"about":[{"href":"https:\/\/www.europesays.com\/cz\/wp-json\/wp\/v2\/types\/post"}],"author":[{"embeddable":true,"href":"https:\/\/www.europesays.com\/cz\/wp-json\/wp\/v2\/users\/2"}],"replies":[{"embeddable":true,"href":"https:\/\/www.europesays.com\/cz\/wp-json\/wp\/v2\/comments?post=199458"}],"version-history":[{"count":0,"href":"https:\/\/www.europesays.com\/cz\/wp-json\/wp\/v2\/posts\/199458\/revisions"}],"wp:featuredmedia":[{"embeddable":true,"href":"https:\/\/www.europesays.com\/cz\/wp-json\/wp\/v2\/media\/199459"}],"wp:attachment":[{"href":"https:\/\/www.europesays.com\/cz\/wp-json\/wp\/v2\/media?parent=199458"}],"wp:term":[{"taxonomy":"category","embeddable":true,"href":"https:\/\/www.europesays.com\/cz\/wp-json\/wp\/v2\/categories?post=199458"},{"taxonomy":"post_tag","embeddable":true,"href":"https:\/\/www.europesays.com\/cz\/wp-json\/wp\/v2\/tags?post=199458"}],"curies":[{"name":"wp","href":"https:\/\/api.w.org\/{rel}","templated":true}]}}