{"id":199460,"date":"2026-09-02T07:32:13","date_gmt":"2026-09-02T07:32:13","guid":{"rendered":"https:\/\/www.europesays.com\/cz\/199460\/"},"modified":"2026-09-02T07:32:13","modified_gmt":"2026-09-02T07:32:13","slug":"otec-tam-umlatil-dvoulete-dite-mistni-maji-strach-ubytovna-hruzy-na-lounsku-meni-majitele","status":"publish","type":"post","link":"https:\/\/www.europesays.com\/cz\/199460\/","title":{"rendered":"Otec tam uml\u00e1til dvoulet\u00e9 d\u00edt\u011b, m\u00edstn\u00ed maj\u00ed strach. Ubytovna hr\u016fzy na Lounsku m\u011bn\u00ed majitele"},"content":{"rendered":"<p>\n                        Zastupitelstvo obce Lipno schv\u00e1lilo odkup problematick\u00e9 ubytovny v Drahomy\u0161li na Lounsku za 7,6 milionu korun. Smlouvu veden\u00ed obce podep\u00ed\u0161e z\u00edtra, potvrdila CNN Prima NEWS m\u00edstostarostka obce Michaela Majerov\u00e1 (nez.). Ubytovna za necel\u00fd rok prom\u011bnila \u017eivot lid\u00ed v ulic\u00edch obce. Lid\u00e9 se uzav\u0159eli na sv\u00fdch pozemc\u00edch. Dle sv\u00fdch slov m\u011bli strach p\u0159edev\u0161\u00edm o d\u011bti.\n                    <\/p>\n<p>D\u0159\u00edve fungovala ubytovna jako z\u00e1zem\u00ed pro chmelov\u00e9 brig\u00e1dy. Po odkupu are\u00e1lu nov\u00fdm majitelem v lo\u0148sk\u00e9m roce se v\u0161ak zm\u011bnila. Podle m\u00edstn\u00edch k hor\u0161\u00edmu. Jeden z nich popsal, jak osmiletou d\u00edvku obt\u011b\u017eovala parta n\u00e1ctilet\u00fdch p\u0159\u00edmo u d\u011btsk\u00e9ho h\u0159i\u0161t\u011b.<\/p>\n<p>\u010cT\u011aTE TAK\u00c9: <a target=\"_blank\" href=\"https:\/\/cnn.iprima.cz\/na-turnovsku-se-prevratila-cisterna-prevazejici-pohonne-hmoty-hasici-situaci-stabilizuji-520714\" rel=\"nofollow noopener\">U Turnova havarovala cisterna s pohonn\u00fdmi hmotami. Hasi\u010di vyu\u017eili stabiliza\u010dn\u00ed kontejnery<\/a><\/p>\n<p>Tou v\u016fbec <a target=\"_blank\" href=\"https:\/\/cnn.iprima.cz\/bitky-drogy-i-vrazda-ditete-najemnici-ubytovny-terorizuji-drahomysl-mistni-se-boji-vychazet-506592\" rel=\"nofollow noopener\">nejtragi\u010dt\u011bj\u0161\u00ed ud\u00e1lost\u00ed<\/a> bylo podle policie uml\u00e1cen\u00ed dvoulet\u00e9ho d\u00edt\u011bte jeho vlastn\u00edm otcem v b\u0159eznu leto\u0161n\u00edho roku. \u0160estadvacetilet\u00e9mu mu\u017ei hroz\u00ed a\u017e 20 let v\u011bzen\u00ed nebo i v\u00fdjime\u010dn\u00fd trest.<\/p>\n<p>Ubytovna je od poloviny srpna uzav\u0159ena kv\u016fli z\u00e1sadn\u00edm z\u00e1vad\u00e1m v elektroinstalaci. Majitel se podle informac\u00ed CNN Prima NEWS cht\u011bl ubytovny u\u017e dlouho zbavit.<\/p>\n<p>Po odkupu by obec cht\u011bla p\u0159em\u011bnit nocleh\u00e1rnu na pe\u010dovatelsk\u00fd d\u016fm nebo startovac\u00ed byty pro mlad\u00e9 rodiny s d\u011btmi.<\/p>\n<p>Majitel\u00e9 ubytovny po\u017eadovali za budovu nejprve 30 milion\u016f korun, pot\u00e9 slevili na 27 milion\u016f korun. Pro obec se zhruba 60 obyvateli a rozpo\u010dtem kolem 25 milion\u016f ro\u010dn\u011b to byla \u010d\u00e1stka nad jej\u00ed mo\u017enosti. Po dal\u0161\u00edch jedn\u00e1n\u00edch se strany p\u0159edb\u011b\u017en\u011b dohodly na odkupu ubytovny za 7,6 milionu. Tuto \u010d\u00e1stku obsahoval znaleck\u00fd posudek, kter\u00fd si nechala radnice vypracovat. Majitel\u00e9 objektu si nechali vypracovat jin\u00fd znaleck\u00fd posudek, kter\u00fd odhadoval cenu na 10,53 milionu K\u010d. Na \u010d\u00e1stku 7,6 milionu p\u0159istoupili pot\u00e9, co radn\u00ed nechali ud\u011blat revizi elektroinstalace v objektu. Podle Majerov\u00e9 byla ve velmi \u0161patn\u00e9m stavu a oprava by st\u00e1la t\u00e9m\u011b\u0159 milion korun.<\/p>\n<p>NENECHTE SI UJ\u00cdT: <a target=\"_blank\" href=\"https:\/\/cnn.iprima.cz\/bile-rakve-a-zaplava-kvetin-most-se-loucil-s-maturantkami-ktere-tragicky-zahynuly-pri-bouracce-520695\" rel=\"nofollow noopener\">B\u00edl\u00e9 rakve a z\u00e1plava kv\u011btin. Most se lou\u010dil s maturantkami, kter\u00e9 tragicky zahynuly p\u0159i nehod\u011b<\/a><\/p>\n","protected":false},"excerpt":{"rendered":"Zastupitelstvo obce Lipno schv\u00e1lilo odkup problematick\u00e9 ubytovny v Drahomy\u0161li na Lounsku za 7,6 milionu korun. Smlouvu veden\u00ed obce&hellip;\n","protected":false},"author":2,"featured_media":199461,"comment_status":"","ping_status":"","sticky":false,"template":"","format":"standard","meta":{"footnotes":"","_share_on_mastodon":"0"},"categories":[10],"tags":[45723,708,17,21,7782,16,2887,39758,2940,2886,29387,649,11429,18,19,38466,22,20],"class_list":["post-199460","post","type-post","status-publish","format-standard","has-post-thumbnail","category-zpravy","tag-drahomysl","tag-ekonomika","tag-headlines","tag-hlavni-udalosti","tag-lipno","tag-news","tag-obchod-a-finance","tag-okres-louny","tag-pozemek","tag-produkty-a-sluzby","tag-rada-obce","tag-spolecnost","tag-stavebnictvi-a-nemovitosti","tag-top-news","tag-top-stories","tag-ubytovna","tag-udalosti-dne","tag-zpravy"],"share_on_mastodon":{"url":"https:\/\/pubeurope.com\/@cz\/117200286129475442","error":""},"_links":{"self":[{"href":"https:\/\/www.europesays.com\/cz\/wp-json\/wp\/v2\/posts\/199460","targetHints":{"allow":["GET"]}}],"collection":[{"href":"https:\/\/www.europesays.com\/cz\/wp-json\/wp\/v2\/posts"}],"about":[{"href":"https:\/\/www.europesays.com\/cz\/wp-json\/wp\/v2\/types\/post"}],"author":[{"embeddable":true,"href":"https:\/\/www.europesays.com\/cz\/wp-json\/wp\/v2\/users\/2"}],"replies":[{"embeddable":true,"href":"https:\/\/www.europesays.com\/cz\/wp-json\/wp\/v2\/comments?post=199460"}],"version-history":[{"count":0,"href":"https:\/\/www.europesays.com\/cz\/wp-json\/wp\/v2\/posts\/199460\/revisions"}],"wp:featuredmedia":[{"embeddable":true,"href":"https:\/\/www.europesays.com\/cz\/wp-json\/wp\/v2\/media\/199461"}],"wp:attachment":[{"href":"https:\/\/www.europesays.com\/cz\/wp-json\/wp\/v2\/media?parent=199460"}],"wp:term":[{"taxonomy":"category","embeddable":true,"href":"https:\/\/www.europesays.com\/cz\/wp-json\/wp\/v2\/categories?post=199460"},{"taxonomy":"post_tag","embeddable":true,"href":"https:\/\/www.europesays.com\/cz\/wp-json\/wp\/v2\/tags?post=199460"}],"curies":[{"name":"wp","href":"https:\/\/api.w.org\/{rel}","templated":true}]}}