{"id":199478,"date":"2026-09-02T07:52:13","date_gmt":"2026-09-02T07:52:13","guid":{"rendered":"https:\/\/www.europesays.com\/cz\/199478\/"},"modified":"2026-09-02T07:52:13","modified_gmt":"2026-09-02T07:52:13","slug":"vymena-ponicenych-skel-na-jestedu-by-stala-pres-milion-kraj-je-kvuli-pamatkarum-rozlesti-za-300-tisic","status":"publish","type":"post","link":"https:\/\/www.europesays.com\/cz\/199478\/","title":{"rendered":"V\u00fdm\u011bna poni\u010den\u00fdch skel na Je\u0161t\u011bdu by st\u00e1la p\u0159es milion. Kraj je kv\u016fli pam\u00e1tk\u00e1\u0159\u016fm rozle\u0161t\u00ed za 300\u00a0tis\u00edc"},"content":{"rendered":"<p class=\"c_bB\">Kraj u\u017e na\u0161el firmu se zku\u0161enostmi s\u00a0opravami Je\u0161t\u011bdu a\u00a0dal\u0161\u00edch pam\u00e1tek, kter\u00e1 poni\u010den\u00e1 skla oprav\u00ed. \u201ePokud by muselo doj\u00edt k\u00a0v\u00fdm\u011bn\u011b p\u016fvodn\u00edch specifick\u00fdch skel, \u0161koda by se pohybovala okolo 1,25\u00a0milionu korun,\u201c sd\u011blila Novink\u00e1m mluv\u010d\u00ed Libereck\u00e9ho kraje Michaela K\u0159ivkov\u00e1. <\/p>\n<p class=\"c_bB\">Gener\u00e1ln\u00ed \u0159editelstv\u00ed N\u00e1rodn\u00edho pam\u00e1tkov\u00e9ho \u00fastavu ale po\u017eadovalo zachov\u00e1n\u00ed p\u016fvodn\u00edch oken, a\u00a0kraj proto zvolil, jak ji\u017e informovaly <a data-dot=\"atm-link\" target=\"_blank\" href=\"https:\/\/www.novinky.cz\/clanek\/krimi-liberecky-kraj-ponicena-skla-na-jestedu-menit-nebude-skrabance-necha-rozlestit-40595003\" class=\"c_I\" rel=\"nofollow noopener\">Novinky<\/a>, jejich odborn\u00e9 rozle\u0161t\u011bn\u00ed. To spole\u010dn\u011b s\u00a0v\u00fdm\u011bnou zasa\u017een\u00fdch \u010dir\u00fdch skel vyjde podle kraje p\u0159ibli\u017en\u011b na 300\u00a0tis\u00edc korun. Oprava m\u00e1 b\u00fdt dokon\u010dena do konce leto\u0161n\u00edho roku, za p\u0159\u00edzniv\u00fdch podm\u00ednek by to mohlo b\u00fdt i\u00a0d\u0159\u00edve.<\/p>\n<p class=\"c_bB\">Vandal \u0159\u00e1dil na Je\u0161t\u011bdu v\u00a0noci na 27.\u00a0\u010dervence. H\u00e1zel kameny do vyhl\u00eddkov\u00fdch oken a\u00a0vstupn\u00edch dve\u0159\u00ed restaurace a\u00a0do skel vyr\u00fdval k\u0159\u00ed\u017ee. Po\u0161kodil 32\u00a0p\u016fvodn\u00edch speci\u00e1ln\u00edch sklen\u011bn\u00fdch v\u00fdpln\u00ed, dal\u0161\u00edch p\u011bt skel ve dve\u0159\u00edch a\u00a0jednu tabuli na galerii. Po\u0161kozeno bylo rovn\u011b\u017e p\u011bt informa\u010dn\u00edch tabul\u00ed a\u00a0kabel\u00e1\u017e. <\/p>\n<p><a data-dot=\"atm-link\" target=\"_self\" href=\"https:\/\/www.novinky.cz\/clanek\/krimi-liberecky-kraj-ponicena-skla-na-jestedu-menit-nebude-skrabance-necha-rozlestit-40595003\" class=\"c_I\" rel=\"nofollow noopener\"><img fetchpriority=\"high\" height=\"1700\" width=\"3023\" src=\"https:\/\/www.europesays.com\/cz\/wp-content\/uploads\/2026\/09\/vysilac-jested.heif.jpeg\" loading=\"eager\" decoding=\"sync\" class=\"c_t c_r\"\/><\/a><\/p>\n<p class=\"c_bB\">Policii mu\u017e sv\u00e9 po\u010d\u00edn\u00e1n\u00ed vysv\u011btloval mimo jin\u00e9 t\u00edm, \u017ee cht\u011bl zjistit, z\u00a0jak\u00e9ho materi\u00e1lu jsou unik\u00e1tn\u00ed skla vyrobena. Ta byla vyrobena v\u00a0Belgii na zak\u00e1zku p\u0159\u00edmo pro Je\u0161t\u011bd a\u00a0podle kraje jde o\u00a0v\u00edcevrstv\u00e9 v\u00fdpln\u011b, kter\u00e9 nelze b\u011b\u017en\u011b koupit. Policie p\u0159\u00edpad prov\u011b\u0159uje pro podez\u0159en\u00ed z\u00a0p\u0159e\u010dinu po\u0161kozen\u00ed ciz\u00ed v\u011bci.<\/p>\n<p class=\"c_bB\">Libereck\u00fd kraj chce po pachateli po\u017eadovat n\u00e1hradu zp\u016fsoben\u00e9 \u0161kody, z\u00e1le\u017eitost\u00ed se u\u017e zab\u00fdv\u00e1 jeho pr\u00e1vn\u00ed odbor. \u0160koda je z\u00e1rove\u0148 kryta poji\u0161t\u011bn\u00edm pro p\u0159\u00edpad vandalismu, p\u0159i\u010dem\u017e spolu\u00fa\u010dast kraje \u010din\u00ed deset procent. <\/p>\n<p class=\"c_bB\">Oprava p\u016fvodn\u00edch skel nam\u00edsto jejich v\u00fdm\u011bny odpov\u00edd\u00e1 i\u00a0d\u0159\u00edv\u011bj\u0161\u00edmu z\u00e1m\u011bru kraje zachovat maximum p\u016fvodn\u00edch prvk\u016f n\u00e1rodn\u00ed kulturn\u00ed pam\u00e1tky. Vys\u00edla\u010d a\u00a0hotel Je\u0161t\u011bd byl dokon\u010den\u00fd v\u00a0roce 1973\u00a0podle n\u00e1vrhu architekta Karla Hub\u00e1\u010dka, je nav\u00edc na \u010desk\u00e9m indikativn\u00edm seznamu pro z\u00e1pis na Seznam sv\u011btov\u00e9ho d\u011bdictv\u00ed UNESCO.<\/p>\n<p><a data-dot=\"atm-link\" target=\"_self\" href=\"https:\/\/www.novinky.cz\/clanek\/krimi-vandal-ponicil-unikatni-okna-na-jestedu-skody-pujdou-do-statisicu-40590257\" class=\"c_I\" rel=\"nofollow noopener\"><img height=\"450\" width=\"800\" src=\"https:\/\/www.europesays.com\/cz\/wp-content\/uploads\/2026\/09\/9qdGdK.jpeg\" loading=\"eager\" decoding=\"sync\" class=\"c_t c_r\"\/><\/a><img height=\"1047\"   width=\"1579\" src=\"https:\/\/www.europesays.com\/cz\/wp-content\/uploads\/2026\/09\/vandal-jested-pamatka-liberec-liberecky-kraj.jpeg\" loading=\"eager\" decoding=\"sync\" class=\"c_t c_r\"\/>Foto: Policie \u010cR<\/p>\n<p class=\"c_bB\">Poni\u010den\u00e9 unik\u00e1tn\u00ed sklen\u011bn\u00e9 v\u00fdpln\u011b na Je\u0161t\u011bdu.<\/p>\n","protected":false},"excerpt":{"rendered":"Kraj u\u017e na\u0161el firmu se zku\u0161enostmi s\u00a0opravami Je\u0161t\u011bdu a\u00a0dal\u0161\u00edch pam\u00e1tek, kter\u00e1 poni\u010den\u00e1 skla oprav\u00ed. \u201ePokud by muselo doj\u00edt&hellip;\n","protected":false},"author":2,"featured_media":199479,"comment_status":"","ping_status":"","sticky":false,"template":"","format":"standard","meta":{"footnotes":"","_share_on_mastodon":"0"},"categories":[7],"tags":[43,42,41,40,32513,4481,7824,1817,1671,6538],"class_list":["post-199478","post","type-post","status-publish","format-standard","has-post-thumbnail","category-cesko","tag-ceska-republika","tag-cesko","tag-czech-republic","tag-czechia","tag-follow-up","tag-jested","tag-kulturni-pamatka","tag-liberec","tag-liberecky-kraj","tag-vandalismus"],"share_on_mastodon":{"url":"https:\/\/pubeurope.com\/@cz\/117200365115742569","error":""},"_links":{"self":[{"href":"https:\/\/www.europesays.com\/cz\/wp-json\/wp\/v2\/posts\/199478","targetHints":{"allow":["GET"]}}],"collection":[{"href":"https:\/\/www.europesays.com\/cz\/wp-json\/wp\/v2\/posts"}],"about":[{"href":"https:\/\/www.europesays.com\/cz\/wp-json\/wp\/v2\/types\/post"}],"author":[{"embeddable":true,"href":"https:\/\/www.europesays.com\/cz\/wp-json\/wp\/v2\/users\/2"}],"replies":[{"embeddable":true,"href":"https:\/\/www.europesays.com\/cz\/wp-json\/wp\/v2\/comments?post=199478"}],"version-history":[{"count":0,"href":"https:\/\/www.europesays.com\/cz\/wp-json\/wp\/v2\/posts\/199478\/revisions"}],"wp:featuredmedia":[{"embeddable":true,"href":"https:\/\/www.europesays.com\/cz\/wp-json\/wp\/v2\/media\/199479"}],"wp:attachment":[{"href":"https:\/\/www.europesays.com\/cz\/wp-json\/wp\/v2\/media?parent=199478"}],"wp:term":[{"taxonomy":"category","embeddable":true,"href":"https:\/\/www.europesays.com\/cz\/wp-json\/wp\/v2\/categories?post=199478"},{"taxonomy":"post_tag","embeddable":true,"href":"https:\/\/www.europesays.com\/cz\/wp-json\/wp\/v2\/tags?post=199478"}],"curies":[{"name":"wp","href":"https:\/\/api.w.org\/{rel}","templated":true}]}}