{"id":199548,"date":"2026-09-02T08:40:10","date_gmt":"2026-09-02T08:40:10","guid":{"rendered":"https:\/\/www.europesays.com\/cz\/199548\/"},"modified":"2026-09-02T08:40:10","modified_gmt":"2026-09-02T08:40:10","slug":"zjisteni-o-incidentu-v-lipsku-jsou-podle-macinky-alarmujici-chce-jednat-se-zpravodajci","status":"publish","type":"post","link":"https:\/\/www.europesays.com\/cz\/199548\/","title":{"rendered":"Zji\u0161t\u011bn\u00ed o\u00a0incidentu v\u00a0Lipsku jsou podle Macinky alarmuj\u00edc\u00ed. Chce jednat se zpravodajci"},"content":{"rendered":"<p class=\"c_bB\">\u201eZji\u0161t\u011bn\u00ed jsou alarmuj\u00edc\u00ed a\u00a0nen\u00ed mo\u017en\u00e9 je br\u00e1t na lehkou v\u00e1hu. Opravdu to nen\u00ed v\u00a0rovin\u011b n\u011bjak\u00fdch medi\u00e1ln\u00edch spekulac\u00ed, \u017ee by to byla n\u011bjak\u00e1 vnitropolitick\u00e1 hra,\u201c uvedl Macinka podle \u010cTK ve st\u0159edu p\u0159ed jedn\u00e1n\u00edm unijn\u00edch ministr\u016f zahrani\u010d\u00ed v\u00a0irsk\u00e9m Wicklow. <\/p>\n<p class=\"c_bB\">Podle N\u011bmc\u016f se uk\u00e1zalo, \u017ee za pl\u00e1novan\u00fdm \u00fatokem jsou agenti najat\u00ed Moskvou. N\u011bmecko proto krom\u011b jin\u00e9ho <a data-dot=\"atm-link\" target=\"_blank\" href=\"https:\/\/www.novinky.cz\/clanek\/zahranicni-za-utokem-drony-v-lipsku-stal-kreml-nemecko-uzavre-rusky-konzulat-40595508\" class=\"c_I\" rel=\"nofollow noopener\">uzav\u0159e rusk\u00fd gener\u00e1ln\u00ed konzul\u00e1t <\/a>a\u00a0vypov\u00ed smlouvu o\u00a0rusk\u00e9m dom\u011b v\u00a0Berl\u00edn\u011b.<\/p>\n<p><a data-dot=\"atm-link\" target=\"_self\" href=\"https:\/\/www.novinky.cz\/clanek\/zahranicni-za-utokem-drony-v-lipsku-stal-kreml-nemecko-uzavre-rusky-konzulat-40595508\" class=\"c_I\" rel=\"nofollow noopener\"><img fetchpriority=\"high\" height=\"1080\" width=\"1920\" src=\"https:\/\/www.europesays.com\/cz\/wp-content\/uploads\/2026\/09\/1788338409_776_lipsko-halle-lipsko-nemecko-letadlo-letiste-dron.jpeg\" loading=\"eager\" decoding=\"sync\" class=\"c_t c_r\"\/><\/a>Vadn\u00e1 rozbu\u0161ka<\/p>\n<p class=\"c_bB\">Zam\u011bstnanec v\u00fdchodon\u011bmeck\u00e9ho leti\u0161t\u011b objevil 4.\u00a0srpna pozd\u011b ve\u010der dron pobl\u00ed\u017e ukrajinsk\u00e9ho letadla spole\u010dnosti Antonov. Pozd\u011bji se uk\u00e1zalo, \u017ee bezpilotn\u00ed stroj nesl v\u00fdbu\u0161ninu, rozbu\u0161ka ale podle v\u0161eho byla vadn\u00e1. Leti\u0161t\u011b po n\u00e1lezu dronu p\u0159eru\u0161ilo provoz. <\/p>\n<p class=\"c_bB\">Jin\u00e9 n\u00e1kladn\u00ed letadlo, kter\u00e9 se pr\u00e1v\u011b chystalo p\u0159ist\u00e1t, muselo n\u00e1sledn\u011b p\u0159ist\u00e1vac\u00ed man\u00e9vr p\u0159eru\u0161it a\u00a0srazilo se s \u201enezn\u00e1m\u00fdm let\u00edc\u00edm objektem\u201c. Zat\u00edm nen\u00ed jasn\u00e9, zda \u0161lo rovn\u011b\u017e o\u00a0dron. <\/p>\n<p class=\"c_bB\">Na konci srpna n\u011bmeck\u00e1 m\u00e9dia uvedla, \u017ee policie na\u0161la v\u00a0polovin\u011b srpna nedaleko leti\u0161t\u011b dal\u0161\u00ed, tedy mo\u017en\u00e1 t\u0159et\u00ed dron.<\/p>\n<p><a data-dot=\"atm-link\" target=\"_self\" href=\"https:\/\/www.novinky.cz\/clanek\/zahranicni-evropa-nemecko-smeruje-k-eskalaci-budeme-reagovat-zni-z-kremlu-40595532\" class=\"c_I\" rel=\"nofollow noopener\"><img height=\"2304\" width=\"4096\" src=\"https:\/\/www.europesays.com\/cz\/wp-content\/uploads\/2026\/09\/1788338410_469_umtE9.jpeg\" loading=\"eager\" decoding=\"sync\" class=\"c_t c_r\"\/><\/a><\/p>\n","protected":false},"excerpt":{"rendered":"\u201eZji\u0161t\u011bn\u00ed jsou alarmuj\u00edc\u00ed a\u00a0nen\u00ed mo\u017en\u00e9 je br\u00e1t na lehkou v\u00e1hu. Opravdu to nen\u00ed v\u00a0rovin\u011b n\u011bjak\u00fdch medi\u00e1ln\u00edch spekulac\u00ed, \u017ee&hellip;\n","protected":false},"author":2,"featured_media":199549,"comment_status":"","ping_status":"","sticky":false,"template":"","format":"standard","meta":{"footnotes":"","_share_on_mastodon":"0"},"categories":[10],"tags":[17,21,533,13390,375,16,418,61,4109,18,19,22,20],"class_list":["post-199548","post","type-post","status-publish","format-standard","has-post-thumbnail","category-zpravy","tag-headlines","tag-hlavni-udalosti","tag-letiste","tag-lipsko","tag-nemecko","tag-news","tag-petr-macinka","tag-rusko","tag-terorismus","tag-top-news","tag-top-stories","tag-udalosti-dne","tag-zpravy"],"share_on_mastodon":{"url":"https:\/\/pubeurope.com\/@cz\/117200553704344819","error":""},"_links":{"self":[{"href":"https:\/\/www.europesays.com\/cz\/wp-json\/wp\/v2\/posts\/199548","targetHints":{"allow":["GET"]}}],"collection":[{"href":"https:\/\/www.europesays.com\/cz\/wp-json\/wp\/v2\/posts"}],"about":[{"href":"https:\/\/www.europesays.com\/cz\/wp-json\/wp\/v2\/types\/post"}],"author":[{"embeddable":true,"href":"https:\/\/www.europesays.com\/cz\/wp-json\/wp\/v2\/users\/2"}],"replies":[{"embeddable":true,"href":"https:\/\/www.europesays.com\/cz\/wp-json\/wp\/v2\/comments?post=199548"}],"version-history":[{"count":0,"href":"https:\/\/www.europesays.com\/cz\/wp-json\/wp\/v2\/posts\/199548\/revisions"}],"wp:featuredmedia":[{"embeddable":true,"href":"https:\/\/www.europesays.com\/cz\/wp-json\/wp\/v2\/media\/199549"}],"wp:attachment":[{"href":"https:\/\/www.europesays.com\/cz\/wp-json\/wp\/v2\/media?parent=199548"}],"wp:term":[{"taxonomy":"category","embeddable":true,"href":"https:\/\/www.europesays.com\/cz\/wp-json\/wp\/v2\/categories?post=199548"},{"taxonomy":"post_tag","embeddable":true,"href":"https:\/\/www.europesays.com\/cz\/wp-json\/wp\/v2\/tags?post=199548"}],"curies":[{"name":"wp","href":"https:\/\/api.w.org\/{rel}","templated":true}]}}