{"id":199552,"date":"2026-09-02T08:43:09","date_gmt":"2026-09-02T08:43:09","guid":{"rendered":"https:\/\/www.europesays.com\/cz\/199552\/"},"modified":"2026-09-02T08:43:09","modified_gmt":"2026-09-02T08:43:09","slug":"ewa-farna-v-bilych-minisatech-ukazala-krivky-bohyne","status":"publish","type":"post","link":"https:\/\/www.europesays.com\/cz\/199552\/","title":{"rendered":"Ewa Farna v b\u00edl\u00fdch mini\u0161atech: Uk\u00e1zala k\u0159ivky bohyn\u00e9"},"content":{"rendered":"<p class=\"b_bt\"><a data-dot=\"atm-link\" target=\"_blank\" href=\"https:\/\/www.prozeny.cz\/tag\/porad-cesko-slovenska-superstar-88605\" class=\"b_g\" rel=\"nofollow noopener\">SuperStar <\/a>je po p\u011btilet\u00e9 pauze zp\u00e1tky. A\u00a0s n\u00ed i\u00a0VIP porota, do kter\u00e9 se vr\u00e1tila zp\u011bva\u010dka Ewa Farna. Hv\u011bzda se do obl\u00edben\u00e9 p\u011bveck\u00e9 show vrac\u00ed po dlouh\u00fdch t\u0159in\u00e1cti letech\u00a0\u2013 poprv\u00e9 se role porotkyn\u011b zhostila v\u00a0roce 2013.<\/p>\n<p>Nov\u00e1 etapa, nov\u00e9 vlasy<\/p>\n<p class=\"b_bt\">Nov\u00e1 \u0159ada SuperStar startuje dne\u0161n\u00edm dnem (na Oneplay je u\u017e od v\u010derej\u0161ka, na platform\u011b se budou jednotliv\u00e9 d\u00edly objevovat s\u00a0denn\u00edm p\u0159edstihem) a\u00a0a\u010dkoli v\u00a0n\u00ed uvid\u00edte Ewu Farnou je\u0161t\u011b s\u00a0jej\u00edmi <a data-dot=\"atm-link\" target=\"_blank\" href=\"https:\/\/www.prozeny.cz\/clanek\/zdravi-a-zivotni-styl-zaujalo-nas-sexy-cruella-ewa-farna-predvedla-nove-vlasy-a-je-to-velka-zmena-nikdy-nebyla-blondatejsi-99550\" class=\"b_g\" rel=\"nofollow noopener\">cool dvoubarevn\u00fdmi vlasy<\/a>, zp\u011bva\u010dka p\u0159ed dv\u011bma t\u00fddny zm\u011bnila image. O\u00a0jej\u00ed vlasovou prom\u011bnu se postaral kade\u0159n\u00edk <a data-dot=\"atm-link\" target=\"_blank\" rel=\"noopener nofollow\" href=\"https:\/\/www.instagram.com\/p\/Db79Fz9jvTx\/?hl=cs&amp;img_index=1\" class=\"b_g\">Martin Tyl ze salonu New You<\/a>, kter\u00fd Ewu vr\u00e1til k\u00a0p\u0159irozen\u011bj\u0161\u00ed, jemn\u011b prosv\u011btlen\u00e9 barv\u011b a\u00a0v\u00fdrazn\u011b krat\u0161\u00ed d\u00e9lce.<\/p>\n<p>\u201eTo je tak n\u00e1dhern\u00e1 \u017eena\u201c<\/p>\n<p class=\"b_bt\">Na v\u010derej\u0161\u00ed tiskov\u00e9 konferenci v\u00a0pra\u017esk\u00e9m Moonclubu se Ewa Farna objevila v\u00a0\u010dist\u011b b\u00edl\u00fdch mini\u0161atech s\u00a0asymetrickou sukn\u00ed a\u00a0\u0159asen\u00edm, kter\u00e9 doplnila st\u0159\u00edbrn\u00fdmi lodi\u010dkami na podpatku. A\u00a0vypadala fam\u00f3zn\u011b! \u201eTo je tak n\u00e1dhern\u00e1 \u017eena,\u201c zazn\u00edvalo v\u00a0koment\u00e1\u0159\u00edch na instagramu. Pochvaln\u00fdch reakc\u00ed se do\u010dkaly i\u00a0samotn\u00e9 \u0161aty od zna\u010dky Norma Kamali. L\u00edbily by se v\u00e1m podobn\u00e9? Nakoukn\u011bte do galerie, kde najdete obdobn\u00e9 m\u00f3dn\u00ed varianty.<\/p>\n<p class=\"b_bt\">Autorka hitu T\u011blo sv\u00fdm hejtr\u016fm znovu p\u0159ipomn\u011bla, \u017ee sv\u00e9 k\u0159ivky nem\u00e1 absolutn\u011b zapot\u0159eb\u00ed skr\u00fdvat. Bodyshamingu <a data-dot=\"atm-link\" target=\"_blank\" href=\"https:\/\/www.prozeny.cz\/clanek\/zdravi-a-zivotni-styl-zaujalo-nas-ewa-farna-vyslala-vsem-zenam-dulezity-vzkaz-budme-samy-sebou-a-neublizujme-si-103914\" class=\"b_g\" rel=\"nofollow noopener\">vystavila stopku<\/a> u\u017e b\u011bhem sv\u00fdch letn\u00edch koncert\u016f v\u00a0Edenu.<\/p>\n<p><img fetchpriority=\"high\" height=\"4096\"   width=\"2680\" src=\"https:\/\/www.europesays.com\/cz\/wp-content\/uploads\/2026\/09\/62e0.jpeg\" loading=\"eager\" decoding=\"sync\" class=\"b_u b_s\"\/>Foto: Michaela Feuereislov\u00e1, Super.cz<script async src=\"\/\/www.instagram.com\/embed.js\"><\/script><\/p>\n","protected":false},"excerpt":{"rendered":"SuperStar je po p\u011btilet\u00e9 pauze zp\u00e1tky. A\u00a0s n\u00ed i\u00a0VIP porota, do kter\u00e9 se vr\u00e1tila zp\u011bva\u010dka Ewa Farna. Hv\u011bzda&hellip;\n","protected":false},"author":2,"featured_media":199553,"comment_status":"","ping_status":"","sticky":false,"template":"","format":"standard","meta":{"footnotes":"","_share_on_mastodon":"0"},"categories":[15],"tags":[29493,34198,7119,32182,15799,1278,757,6171,10530,94,93],"class_list":["post-199552","post","type-post","status-publish","format-standard","has-post-thumbnail","category-sport","tag-body-positivity","tag-body-shaming","tag-ewa-farna","tag-krivky","tag-minisaty","tag-moda","tag-moda-slavnych","tag-outfity-slavnych","tag-porad-cesko-slovenska-superstar","tag-sport","tag-sports"],"share_on_mastodon":{"url":"https:\/\/pubeurope.com\/@cz\/117200565578576900","error":""},"_links":{"self":[{"href":"https:\/\/www.europesays.com\/cz\/wp-json\/wp\/v2\/posts\/199552","targetHints":{"allow":["GET"]}}],"collection":[{"href":"https:\/\/www.europesays.com\/cz\/wp-json\/wp\/v2\/posts"}],"about":[{"href":"https:\/\/www.europesays.com\/cz\/wp-json\/wp\/v2\/types\/post"}],"author":[{"embeddable":true,"href":"https:\/\/www.europesays.com\/cz\/wp-json\/wp\/v2\/users\/2"}],"replies":[{"embeddable":true,"href":"https:\/\/www.europesays.com\/cz\/wp-json\/wp\/v2\/comments?post=199552"}],"version-history":[{"count":0,"href":"https:\/\/www.europesays.com\/cz\/wp-json\/wp\/v2\/posts\/199552\/revisions"}],"wp:featuredmedia":[{"embeddable":true,"href":"https:\/\/www.europesays.com\/cz\/wp-json\/wp\/v2\/media\/199553"}],"wp:attachment":[{"href":"https:\/\/www.europesays.com\/cz\/wp-json\/wp\/v2\/media?parent=199552"}],"wp:term":[{"taxonomy":"category","embeddable":true,"href":"https:\/\/www.europesays.com\/cz\/wp-json\/wp\/v2\/categories?post=199552"},{"taxonomy":"post_tag","embeddable":true,"href":"https:\/\/www.europesays.com\/cz\/wp-json\/wp\/v2\/tags?post=199552"}],"curies":[{"name":"wp","href":"https:\/\/api.w.org\/{rel}","templated":true}]}}