{"id":199566,"date":"2026-09-02T08:53:11","date_gmt":"2026-09-02T08:53:11","guid":{"rendered":"https:\/\/www.europesays.com\/cz\/199566\/"},"modified":"2026-09-02T08:53:11","modified_gmt":"2026-09-02T08:53:11","slug":"maserati-miri-na-filmova-platna-historicky-film-slibuje-hvezdna-jmena","status":"publish","type":"post","link":"https:\/\/www.europesays.com\/cz\/199566\/","title":{"rendered":"Maserati m\u00ed\u0159\u00ed na filmov\u00e1 pl\u00e1tna, historick\u00fd film slibuje hv\u011bzdn\u00e1 jm\u00e9na"},"content":{"rendered":"<p class=\"c_bB\">Za nov\u00fdm filmem Maserati: The Brothers stoj\u00ed italsk\u00fd producent Andrea Iervolino, kter\u00fd se ujal rovn\u011b\u017e sc\u00e9n\u00e1\u0159e. Stejn\u00fd mu\u017e se p\u0159itom jako producent pod\u00edlel i\u00a0na filmech Ferrari (2023) a\u00a0Legenda jm\u00e9nem Lamborghini (2022), p\u0159i\u010dem\u017e pro prvn\u00ed jmenovan\u00fd p\u0159ipravoval i\u00a0sc\u00e9n\u00e1\u0159.<\/p>\n<p class=\"c_bB\">Podobn\u011b jako u\u00a0p\u0159edchoz\u00edch sn\u00edmk\u016f se m\u016f\u017eeme t\u011b\u0161it na hv\u011bzdn\u00e9 obsazen\u00ed, kter\u00e9 zahrnuje jm\u00e9na, jako jsou Anthony Hopkins, Jessica Alba, Al Pacino nebo Andy Garc\u00eda. P\u0159\u00edb\u011bh by m\u011bl sledovat po\u010d\u00e1tky firmy a\u00a0bratr\u016f, kte\u0159\u00ed ji zakl\u00e1dali. Upout\u00e1vka pak slibuje nejen z\u00e1b\u011bry ze z\u00e1vod\u016f, kter\u00e9 hr\u00e1ly pro zna\u010dku kl\u00ed\u010dovou roli, ale tak\u00e9 pohled do rodinn\u00e9ho z\u00e1kulis\u00ed.<\/p>\n<p class=\"c_bB\">Podle webu <a data-dot=\"atm-link\" target=\"_blank\" rel=\"noopener nofollow\" href=\"https:\/\/www.caranddriver.com\/news\/a73562728\/maserati-movie-trailer\/\" class=\"c_I\">Car and Driver<\/a>, kter\u00fd na film upozornil, by hlavn\u00edmi postavami p\u0159\u00edb\u011bhu m\u011bli b\u00fdt brat\u0159i Alfieri, Bindo a\u00a0Carlo Maserati. Re\u017eie by se m\u011bl ujmout Robert Moresco, kter\u00fd re\u017e\u00edroval i\u00a0film sleduj\u00edc\u00ed p\u0159\u00edb\u011bh zna\u010dky Lamborghini.<\/p>\n<p class=\"c_bB\">Pro zna\u010dku Maserati p\u0159itom m\u016f\u017ee b\u00fdt sn\u00edmek d\u016fle\u017eitou vzpruhou, kter\u00e1 jej\u00ed p\u0159\u00edb\u011bh op\u011bt p\u0159ipomene ve\u0159ejnosti a\u00a0mo\u017en\u00e1 p\u0159iv\u00e1b\u00ed nov\u00e9 z\u00e1jemce. Za minul\u00fd rok toti\u017e zna\u010dka prodala pouze cca 7900\u00a0voz\u016f, co\u017e je citeln\u00fd propad oproti roku 2024, kdy prodala 11\u00a0300\u00a0voz\u016f. Za minul\u00fd rok tak prodala m\u00e9n\u011b voz\u016f ne\u017e Ferrari \u010di Lamborghini, jak uv\u00e1d\u00ed <a data-dot=\"atm-link\" target=\"_blank\" rel=\"noopener nofollow\" href=\"https:\/\/www.carscoops.com\/2026\/02\/porsche-sold-more-cars-in-11-days-than-maserati-did-the-entire-year\/\" class=\"c_I\">Carscoops<\/a>.<\/p>\n<p class=\"c_bB\">Zna\u010dka se nav\u00edc pom\u011brn\u011b \u010dasto vyskytuje ve spekulac\u00edch \u0159e\u0161\u00edc\u00edch odprodej n\u011bkter\u00fdch automobilek v\u00a0r\u00e1mci koncernu Stellantis, jeho\u017e situace rovn\u011b\u017e nen\u00ed v\u00a0sou\u010dasnosti nejlep\u0161\u00ed. Veden\u00ed spole\u010dnosti Stellantis v\u0161ak spekulace dlouhodob\u011b vyvrac\u00ed a\u00a0sna\u017e\u00ed se uchovat sv\u00e9 pestr\u00e9 portfolio automobilek.<\/p>\n<p><a data-dot=\"atm-link\" target=\"_self\" href=\"https:\/\/www.garaz.cz\/clanek\/novinky-jeden-z-nejuspesnejsich-filmu-lonskeho-roku-s-bradem-pittem-dostane-pokracovani-a-opet-v-tom-bude-mit-prsty-lewis-hamilton-21016466\" class=\"c_I\" rel=\"nofollow noopener\"><img height=\"1075\" width=\"1911\" src=\"https:\/\/www.europesays.com\/cz\/wp-content\/uploads\/2026\/09\/film-f1-brad-pitt.jpeg\" loading=\"lazy\" decoding=\"async\" class=\"c_t c_r c_l\"\/><\/a><\/p>\n","protected":false},"excerpt":{"rendered":"Za nov\u00fdm filmem Maserati: The Brothers stoj\u00ed italsk\u00fd producent Andrea Iervolino, kter\u00fd se ujal rovn\u011b\u017e sc\u00e9n\u00e1\u0159e. Stejn\u00fd mu\u017e&hellip;\n","protected":false},"author":2,"featured_media":199567,"comment_status":"","ping_status":"","sticky":false,"template":"","format":"standard","meta":{"footnotes":"","_share_on_mastodon":"0"},"categories":[14],"tags":[79,1093,7544,80],"class_list":["post-199566","post","type-post","status-publish","format-standard","has-post-thumbnail","category-zabava","tag-entertainment","tag-filmy","tag-maserati","tag-zabava"],"share_on_mastodon":{"url":"https:\/\/pubeurope.com\/@cz\/117200604797165336","error":""},"_links":{"self":[{"href":"https:\/\/www.europesays.com\/cz\/wp-json\/wp\/v2\/posts\/199566","targetHints":{"allow":["GET"]}}],"collection":[{"href":"https:\/\/www.europesays.com\/cz\/wp-json\/wp\/v2\/posts"}],"about":[{"href":"https:\/\/www.europesays.com\/cz\/wp-json\/wp\/v2\/types\/post"}],"author":[{"embeddable":true,"href":"https:\/\/www.europesays.com\/cz\/wp-json\/wp\/v2\/users\/2"}],"replies":[{"embeddable":true,"href":"https:\/\/www.europesays.com\/cz\/wp-json\/wp\/v2\/comments?post=199566"}],"version-history":[{"count":0,"href":"https:\/\/www.europesays.com\/cz\/wp-json\/wp\/v2\/posts\/199566\/revisions"}],"wp:featuredmedia":[{"embeddable":true,"href":"https:\/\/www.europesays.com\/cz\/wp-json\/wp\/v2\/media\/199567"}],"wp:attachment":[{"href":"https:\/\/www.europesays.com\/cz\/wp-json\/wp\/v2\/media?parent=199566"}],"wp:term":[{"taxonomy":"category","embeddable":true,"href":"https:\/\/www.europesays.com\/cz\/wp-json\/wp\/v2\/categories?post=199566"},{"taxonomy":"post_tag","embeddable":true,"href":"https:\/\/www.europesays.com\/cz\/wp-json\/wp\/v2\/tags?post=199566"}],"curies":[{"name":"wp","href":"https:\/\/api.w.org\/{rel}","templated":true}]}}