{"id":199572,"date":"2026-09-02T08:58:21","date_gmt":"2026-09-02T08:58:21","guid":{"rendered":"https:\/\/www.europesays.com\/cz\/199572\/"},"modified":"2026-09-02T08:58:21","modified_gmt":"2026-09-02T08:58:21","slug":"liberecti-kriminaliste-odhalili-organizovanou-skupinu-vyrobcu-metamfetaminu","status":"publish","type":"post","link":"https:\/\/www.europesays.com\/cz\/199572\/","title":{"rendered":"Libere\u010dt\u00ed kriminalist\u00e9 odhalili organizovanou skupinu v\u00fdrobc\u016f metamfetaminu"},"content":{"rendered":"<p class=\"c_bB\">Organizovanou skupinu, kter\u00e1 distribuovala drogy nejen na \u00fazem\u00ed Libereck\u00e9ho kraje, ale tak\u00e9 v\u00a0Praze, prov\u011b\u0159ovali kriminalist\u00e9 n\u011bkolik m\u011bs\u00edc\u016f. Skupina dov\u00e1\u017eela z\u00a0Polska prekurzory a\u00a0dal\u0161\u00ed chemik\u00e1lie a\u00a0n\u00e1sledn\u011b z\u00a0nich vyr\u00e1b\u011bla metamfetamin. Ten pak prod\u00e1vala d\u00e1l. Skupinu kriminalist\u00e9 dopadli v\u00a0\u010dervnu, kdy v\u00a0r\u00e1mci n\u00e1ro\u010dn\u00e9 operace zadr\u017eeli v\u0161echny osoby bezprost\u0159edn\u011b zapojen\u00e9 do organizovan\u00e9 trestn\u00e9 \u010dinnosti.<\/p>\n<p class=\"c_bB\">\u201eSou\u010dasn\u011b se poda\u0159ilo zadr\u017eet tak\u00e9 67let\u00e9ho cizince, kter\u00fd m\u011bl skupinu dlouhodob\u011b z\u00e1sobovat nejen pseudoefedrinem, ale tak\u00e9 dal\u0161\u00edmi chemik\u00e1liemi vyu\u017e\u00edvan\u00fdmi p\u0159i neleg\u00e1ln\u00ed v\u00fdrob\u011b metamfetaminu. Jednalo se zejm\u00e9na o\u00a0\u010derven\u00fd fosfor a\u00a0j\u00f3d,\u201c uvedl mluv\u010d\u00ed policie Vojt\u011bch Robovsk\u00fd.<\/p>\n<p class=\"c_bB\">Podez\u0159el\u00ed byli dopadeni kr\u00e1tce po jednom ze sv\u00fdch obchod\u016f. P\u0159i tom m\u011bl hlavn\u00ed organiz\u00e1tor, 28let\u00fd mu\u017e z\u00a0Libereck\u00e9ho kraje, p\u0159evz\u00edt od zahrani\u010dn\u00edho kur\u00fdra p\u0159ibli\u017en\u011b 0,5\u00a0kilogramu pseudoefedrinu a\u00a0dal\u0161\u00ed chemick\u00e9 l\u00e1tky. <\/p>\n<p class=\"c_bB\">P\u0159i n\u00e1sledn\u00fdch domovn\u00edch prohl\u00eddk\u00e1ch kriminalist\u00e9 zajistili i\u00a0t\u0159i neleg\u00e1ln\u00ed v\u00fdrobny metamfetaminu, v\u00edce ne\u017e 1000\u00a0gram\u016f pseudoefedrinu, v\u011bt\u0161\u00ed mno\u017estv\u00ed chemick\u00fdch l\u00e1tek, zejm\u00e9na \u010derven\u00e9ho fosforu, j\u00f3du a\u00a0kyselin, ale tak\u00e9 p\u0159edm\u011bty slou\u017e\u00edc\u00ed k\u00a0neleg\u00e1ln\u00ed v\u00fdrob\u011b metamfetaminu.<\/p>\n<p><a data-dot=\"atm-link\" target=\"_self\" href=\"https:\/\/www.novinky.cz\/clanek\/krimi-majitel-bistra-v-susici-nabizel-mladym-brigadnicim-zvlastni-premie-za-sex-dostal-podminku-40595232\" class=\"c_I\" rel=\"nofollow noopener\"><img fetchpriority=\"high\" height=\"1080\" width=\"1920\" src=\"https:\/\/www.europesays.com\/cz\/wp-content\/uploads\/2026\/09\/bistro-vladimir-dobsovic-soud-klatovy.jpeg\" loading=\"eager\" decoding=\"sync\" class=\"c_t c_r\"\/><\/a><\/p>\n<p class=\"c_bB\">Skupina p\u0159i sv\u00e9 \u010dinnosti vyu\u017e\u00edvala r\u016fzn\u00e9 zp\u016fsoby dopravy. K\u00a0p\u0159eprav\u011b prekurzor\u016f a\u00a0dal\u0161\u00edch chemik\u00e1li\u00ed vyu\u017e\u00edvala osobn\u00ed vozidla, taxislu\u017ebu, vlakovou i\u00a0autobusovou dopravu. Pro cesty do Polska p\u0159itom n\u011bkte\u0159\u00ed \u010dlenov\u00e9 skupiny vyu\u017e\u00edvali tak\u00e9 j\u00edzdn\u00ed kola a\u00a0elektrick\u00e9 kolob\u011b\u017eky.<\/p>\n<p>Dovoz z\u00a0Polska<\/p>\n<p class=\"c_bB\">\u201eV posledn\u00edch letech pozorujeme v\u00a0Libereck\u00e9m kraji v\u00fdznamnou zm\u011bnu ve zp\u016fsobu, jak\u00fdm si v\u00fdrobci metamfetaminu opat\u0159uj\u00ed pseudoefedrin. Zat\u00edmco d\u0159\u00edve byl z\u00a0Polska do \u010cesk\u00e9 republiky ve velk\u00e9 m\u00ed\u0159e dov\u00e1\u017een pseudoefedrin ve form\u011b l\u00e9\u010div a\u00a0pachatel\u00e9 jej museli z\u00a0tablet nejprve extrahovat, v\u00a0posledn\u00edch dvou a\u017e t\u0159ech letech se st\u00e1le \u010dast\u011bji setk\u00e1v\u00e1me s\u00a0p\u0159\u00edm\u00fdm dovozem ji\u017e \u010dist\u00e9ho pseudoefedrinu,\u201c popsal vedouc\u00ed libereck\u00e9ho Toxi t\u00fdmu Pavel Folprecht. Pro v\u00fdrobce to podle n\u011bj znamen\u00e1, \u017ee maj\u00ed jednu z\u00a0\u010dasov\u011b i\u00a0technicky n\u00e1ro\u010dn\u011bj\u0161\u00edch f\u00e1z\u00ed v\u00fdroby v\u00a0podstat\u011b ji\u017e dokon\u010denou.<\/p>\n<p class=\"c_bB\">\u201eSamotn\u00e1 v\u00fdroba metamfetaminu je tak jednodu\u0161\u0161\u00ed, rychlej\u0161\u00ed a\u00a0v\u00fdsledn\u00fd produkt m\u016f\u017ee m\u00edt vy\u0161\u0161\u00ed \u010distotu. Vzhledem k\u00a0bezprost\u0159edn\u00edmu sousedstv\u00ed Libereck\u00e9ho kraje s\u00a0Polskem je tento trend pro n\u00e1\u0161 region v\u00fdznamn\u00fd a\u00a0p\u0159edstavuje dal\u0161\u00ed d\u016fvod, pro\u010d se zam\u011b\u0159ujeme nejen na samotn\u00e9 v\u00fdrobce, ale tak\u00e9 na osoby, kter\u00e9 jim prekurzory a\u00a0dal\u0161\u00ed chemick\u00e9 l\u00e1tky zaji\u0161\u0165uj\u00ed,\u201c objasnil Folprecht.<\/p>\n<p class=\"c_bB\">Prov\u011b\u0159ov\u00e1n\u00ed p\u0159\u00edpadu nen\u00ed dosud u\u00a0konce. V\u00a0pr\u016fb\u011bhu vy\u0161et\u0159ov\u00e1n\u00ed komisa\u0159 obvinil dal\u0161\u00ed t\u0159i osoby, kter\u00e9 se na trestn\u00e9 \u010dinnosti skupiny rovn\u011b\u017e n\u011bjak\u00fdm zp\u016fsobem pod\u00edlely.<\/p>\n<p class=\"c_bB\">\u201eV sou\u010dasn\u00e9 dob\u011b je 67let\u00fd zahrani\u010dn\u00ed dodavatel, 28let\u00fd hlavn\u00ed organiz\u00e1tor z\u00a0Libereck\u00e9ho kraje a\u00a0jeho 39let\u00fd spolupachatel st\u00edh\u00e1n vazebn\u011b,\u201c dodal Robovsk\u00fd.<\/p>\n<p class=\"c_bB\">\u010cty\u0159i hlavn\u00ed podez\u0159el\u00ed jsou st\u00edhan\u00ed pro zvl\u00e1\u0161\u0165 z\u00e1va\u017en\u00fd zlo\u010din neopr\u00e1vn\u011bn\u00e1 v\u00fdroba a\u00a0jin\u00e9 nakl\u00e1d\u00e1n\u00ed s\u00a0omamn\u00fdmi nebo psychotropn\u00edmi l\u00e1tkami, s\u00a0rostlinami nebo houbami je obsahuj\u00edc\u00edmi nebo s\u00a0jedy. Nav\u00edc ve velk\u00e9m rozsahu, jako organizovan\u00e1 skupina a\u00a0ve v\u00edce st\u00e1tech.<\/p>\n<p><a data-dot=\"atm-link\" target=\"_self\" href=\"https:\/\/www.novinky.cz\/clanek\/krimi-pervitin-prodchnuty-blizkym-vychodem-gang-vyrobcu-drog-v-cesku-jezdil-pro-suroviny-do-egypta-40594909\" class=\"c_I\" rel=\"nofollow noopener\"><img height=\"1080\" width=\"1920\" src=\"https:\/\/www.europesays.com\/cz\/wp-content\/uploads\/2026\/09\/drohy-egypt-cr-vyroba.jpeg\" loading=\"eager\" decoding=\"sync\" class=\"c_t c_r\"\/><\/a><\/p>\n","protected":false},"excerpt":{"rendered":"Organizovanou skupinu, kter\u00e1 distribuovala drogy nejen na \u00fazem\u00ed Libereck\u00e9ho kraje, ale tak\u00e9 v\u00a0Praze, prov\u011b\u0159ovali kriminalist\u00e9 n\u011bkolik m\u011bs\u00edc\u016f. Skupina&hellip;\n","protected":false},"author":2,"featured_media":199573,"comment_status":"","ping_status":"","sticky":false,"template":"","format":"standard","meta":{"footnotes":"","_share_on_mastodon":"0"},"categories":[10],"tags":[2117,17,21,1817,1671,16,15044,18,19,22,20],"class_list":["post-199572","post","type-post","status-publish","format-standard","has-post-thumbnail","category-zpravy","tag-drogy","tag-headlines","tag-hlavni-udalosti","tag-liberec","tag-liberecky-kraj","tag-news","tag-organizovany-zlocin","tag-top-news","tag-top-stories","tag-udalosti-dne","tag-zpravy"],"share_on_mastodon":{"url":"https:\/\/pubeurope.com\/@cz\/117200624249465411","error":""},"_links":{"self":[{"href":"https:\/\/www.europesays.com\/cz\/wp-json\/wp\/v2\/posts\/199572","targetHints":{"allow":["GET"]}}],"collection":[{"href":"https:\/\/www.europesays.com\/cz\/wp-json\/wp\/v2\/posts"}],"about":[{"href":"https:\/\/www.europesays.com\/cz\/wp-json\/wp\/v2\/types\/post"}],"author":[{"embeddable":true,"href":"https:\/\/www.europesays.com\/cz\/wp-json\/wp\/v2\/users\/2"}],"replies":[{"embeddable":true,"href":"https:\/\/www.europesays.com\/cz\/wp-json\/wp\/v2\/comments?post=199572"}],"version-history":[{"count":0,"href":"https:\/\/www.europesays.com\/cz\/wp-json\/wp\/v2\/posts\/199572\/revisions"}],"wp:featuredmedia":[{"embeddable":true,"href":"https:\/\/www.europesays.com\/cz\/wp-json\/wp\/v2\/media\/199573"}],"wp:attachment":[{"href":"https:\/\/www.europesays.com\/cz\/wp-json\/wp\/v2\/media?parent=199572"}],"wp:term":[{"taxonomy":"category","embeddable":true,"href":"https:\/\/www.europesays.com\/cz\/wp-json\/wp\/v2\/categories?post=199572"},{"taxonomy":"post_tag","embeddable":true,"href":"https:\/\/www.europesays.com\/cz\/wp-json\/wp\/v2\/tags?post=199572"}],"curies":[{"name":"wp","href":"https:\/\/api.w.org\/{rel}","templated":true}]}}