{"id":199584,"date":"2026-09-02T09:06:08","date_gmt":"2026-09-02T09:06:08","guid":{"rendered":"https:\/\/www.europesays.com\/cz\/199584\/"},"modified":"2026-09-02T09:06:08","modified_gmt":"2026-09-02T09:06:08","slug":"senior-odsouzeny-za-znasilneni-ditete-chtel-z-vezeni-kvuli-problemum-s-prostatou-neuspel","status":"publish","type":"post","link":"https:\/\/www.europesays.com\/cz\/199584\/","title":{"rendered":"Senior odsouzen\u00fd za zn\u00e1siln\u011bn\u00ed d\u00edt\u011bte cht\u011bl z\u00a0v\u011bzen\u00ed kv\u016fli probl\u00e9m\u016fm s\u00a0prostatou. Neusp\u011bl"},"content":{"rendered":"<p class=\"c_bB\">Mu\u017ee potrestal Krajsk\u00fd soud v\u00a0Pardubic\u00edch na konci roku 2024\u00a0za zn\u00e1siln\u011bn\u00ed trestem \u0161esti let v\u011bzen\u00ed. Podle verdiktu m\u011bl d\u016fchodce, podle znalc\u016f sexu\u00e1ln\u011b nezdr\u017eenliv\u00fd, v\u00a0roce 2016\u00a0zn\u00e1silnit dceru sv\u00fdch p\u0159\u00e1tel. Kdy\u017e u\u00a0kamar\u00e1d\u016f p\u0159esp\u00e1val, m\u011bl se v\u00a0noci vpl\u00ed\u017eit do postele ke \u0161kola\u010dce, jej\u00ed\u017e v\u011bk znal, m\u011bl ji znehybnit a\u00a0pak zn\u00e1silnit.<\/p>\n<p class=\"c_bB\">Penzista za\u010dal o\u00a0p\u0159eru\u0161en\u00ed trestu ze zdravotn\u00edch d\u016fvod\u016f, konkr\u00e9tn\u011b z\u00a0d\u016fvodu karcinomu prostaty, usilovat letos na ja\u0159e. Jen\u017ee pra\u017esk\u00e9 soudy s\u00a0ohledem na l\u00e9ka\u0159sk\u00e9 zhodnocen\u00ed mu\u017eova stavu dosp\u011bly k\u00a0z\u00e1v\u011bru, \u017ee nen\u00ed d\u016fvod jej pou\u0161t\u011bt, by\u0165 prozat\u00edmn\u011b, na svobodu.<\/p>\n<p class=\"c_bB\">Soudy uzav\u0159ely, \u017ee mu\u017e nen\u00ed ohro\u017een na \u017eivot\u011b, jeho stav je stabilizovan\u00fd a\u00a0m\u00e1 pot\u0159ebnou zdravotn\u00ed p\u00e9\u010di.<\/p>\n<p>\u00daS: L\u00e9\u010d\u00ed se a\u00a0m\u00e1 \u00falevy<\/p>\n<p class=\"c_bB\">Mu\u017e proti takov\u00e9mu rozhodnut\u00ed hledal zast\u00e1n\u00ed u\u00a0\u00dastavn\u00edho soudu. Upozor\u0148oval na sv\u016fj vysok\u00fd v\u011bk, st\u011b\u017eoval si na organiza\u010dn\u00ed komplikace p\u0159i l\u00e9\u010db\u011b a\u00a0nel\u00edbilo se mu ani to, \u017ee pr\u00fd soudy p\u0159evzaly izolovan\u00e9 z\u00e1v\u011bry l\u00e9ka\u0159\u016f, ani\u017e by posoudily souhrn v\u0161ech jeho zdravotn\u00edch trabl\u016f souvisej\u00edc\u00edch s\u00a0jeho st\u00e1\u0159\u00edm.<\/p>\n<p class=\"c_bB\">Sen\u00e1t se soudcem zpravodajem Ji\u0159\u00edm P\u0159ib\u00e1n\u011bm ale odsouzen\u00fd senior neobm\u011bk\u010dil. \u201eJe nesporn\u00e9, \u017ee st\u011b\u017eovatel vy\u0161\u0161\u00edho v\u011bku trp\u00ed z\u00e1va\u017en\u00fdm onkologick\u00fdm onemocn\u011bn\u00edm. Vliv zdravotn\u00edch komplikac\u00ed na zdravotn\u00ed stav st\u011b\u017eovatele v\u0161ak soudy nepodcenily. Ov\u011b\u0159ily, \u017ee l\u00e9\u010dba karcinomu prostaty byla zah\u00e1jena a\u00a0je zaji\u0161t\u011bna i\u00a0nad\u00e1le,\u201c stoj\u00ed v\u00a0rozhodnut\u00ed, kter\u00e9 \u00dastavn\u00ed soud v\u00a0t\u011bchto dnech zve\u0159ejnil.<\/p>\n<p class=\"c_bB\">\u201eP\u0159i v\u00fdskytu dal\u0161\u00edch zdravotn\u00edch obt\u00ed\u017e\u00ed je st\u011b\u017eovatel pravideln\u011b l\u00e9ka\u0159sky sledov\u00e1n a\u00a0v\u011bze\u0148sk\u00e1 slu\u017eba na n\u011b reaguje p\u0159\u00edslu\u0161n\u00fdmi \u00falevami, st\u011b\u017eovatel tak m\u016f\u017ee odpo\u010d\u00edvat na l\u016f\u017eku \u010di chodit s\u00a0h\u016flkou,\u201c dodal P\u0159ib\u00e1\u0148 s\u00a0t\u00edm, \u017ee pobyt ve v\u011bzen\u00ed neznemo\u017e\u0148uje mu\u017eovu l\u00e9\u010dbu ani nevede k\u00a0ohro\u017een\u00ed jeho \u017eivota.<\/p>\n<p><a data-dot=\"atm-link\" target=\"_self\" href=\"https:\/\/www.novinky.cz\/clanek\/krimi-mel-nad-ni-fyzickou-prevahu-otcimovi-za-znasilnovani-divky-soudce-zmirnil-trest-40594307\" class=\"c_I\" rel=\"nofollow noopener\"><img fetchpriority=\"high\" height=\"1080\" width=\"1920\" src=\"https:\/\/www.europesays.com\/cz\/wp-content\/uploads\/2026\/09\/obzalovany-soud.jpeg\" loading=\"eager\" decoding=\"sync\" class=\"c_t c_r\"\/><\/a><\/p>\n","protected":false},"excerpt":{"rendered":"Mu\u017ee potrestal Krajsk\u00fd soud v\u00a0Pardubic\u00edch na konci roku 2024\u00a0za zn\u00e1siln\u011bn\u00ed trestem \u0161esti let v\u011bzen\u00ed. Podle verdiktu m\u011bl d\u016fchodce,&hellip;\n","protected":false},"author":2,"featured_media":199585,"comment_status":"","ping_status":"","sticky":false,"template":"","format":"standard","meta":{"footnotes":"","_share_on_mastodon":"0"},"categories":[7],"tags":[43,42,41,40,36267,45538,2811,10259,1067,1624],"class_list":["post-199584","post","type-post","status-publish","format-standard","has-post-thumbnail","category-cesko","tag-ceska-republika","tag-cesko","tag-czech-republic","tag-czechia","tag-jiri-priban","tag-prostata","tag-rakovina","tag-rakovina-prostaty","tag-ustavni-soud","tag-vezeni"],"share_on_mastodon":{"url":"https:\/\/pubeurope.com\/@cz\/117200656363241160","error":""},"_links":{"self":[{"href":"https:\/\/www.europesays.com\/cz\/wp-json\/wp\/v2\/posts\/199584","targetHints":{"allow":["GET"]}}],"collection":[{"href":"https:\/\/www.europesays.com\/cz\/wp-json\/wp\/v2\/posts"}],"about":[{"href":"https:\/\/www.europesays.com\/cz\/wp-json\/wp\/v2\/types\/post"}],"author":[{"embeddable":true,"href":"https:\/\/www.europesays.com\/cz\/wp-json\/wp\/v2\/users\/2"}],"replies":[{"embeddable":true,"href":"https:\/\/www.europesays.com\/cz\/wp-json\/wp\/v2\/comments?post=199584"}],"version-history":[{"count":0,"href":"https:\/\/www.europesays.com\/cz\/wp-json\/wp\/v2\/posts\/199584\/revisions"}],"wp:featuredmedia":[{"embeddable":true,"href":"https:\/\/www.europesays.com\/cz\/wp-json\/wp\/v2\/media\/199585"}],"wp:attachment":[{"href":"https:\/\/www.europesays.com\/cz\/wp-json\/wp\/v2\/media?parent=199584"}],"wp:term":[{"taxonomy":"category","embeddable":true,"href":"https:\/\/www.europesays.com\/cz\/wp-json\/wp\/v2\/categories?post=199584"},{"taxonomy":"post_tag","embeddable":true,"href":"https:\/\/www.europesays.com\/cz\/wp-json\/wp\/v2\/tags?post=199584"}],"curies":[{"name":"wp","href":"https:\/\/api.w.org\/{rel}","templated":true}]}}