{"id":199614,"date":"2026-09-02T09:32:11","date_gmt":"2026-09-02T09:32:11","guid":{"rendered":"https:\/\/www.europesays.com\/cz\/199614\/"},"modified":"2026-09-02T09:32:11","modified_gmt":"2026-09-02T09:32:11","slug":"izraelci-v-gaze-zajali-cinitele-hamasu-razie-se-neobesla-bez-obeti","status":"publish","type":"post","link":"https:\/\/www.europesays.com\/cz\/199614\/","title":{"rendered":"Izraelci v\u00a0Gaze zajali \u010dinitele Ham\u00e1su, razie se neobe\u0161la bez ob\u011bt\u00ed"},"content":{"rendered":"<p class=\"c_bB\">\u201eZadr\u017een \u0161\u00e9f vnit\u0159n\u00ed bezpe\u010dnosti Ham\u00e1su v\u00a0Gaze v\u00a0r\u00e1mci c\u00edlen\u00e9 operace k\u00a0odstran\u011bn\u00ed hrozeb, kter\u00e9 Ham\u00e1s v\u00a0severn\u00ed Gaze p\u0159edstavuje,\u201c <a data-dot=\"atm-link\" target=\"_blank\" rel=\"noopener nofollow\" href=\"https:\/\/x.com\/IDF\/status\/2094832971773542597\" class=\"c_I\">ozn\u00e1mila<\/a> na s\u00edti X izraelsk\u00e1 arm\u00e1da s\u00a0t\u00edm, \u017ee zadr\u017een\u00fd \u010dinitel se mimo jin\u00e9 pod\u00edlel na pl\u00e1novan\u00fdch \u00fatoc\u00edch proti jej\u00edm jednotk\u00e1m. Uvedla tak\u00e9, \u017ee zajat\u00fd mu\u017e byl p\u0159evezen do Izraele k\u00a0v\u00fdslechu, ani\u017e by jej jmenovala.<\/p>\n<p class=\"c_bB\">\u201eN\u011bkolik hodin po razii pak uvedlo ministerstvo vnitra v\u00a0Gaze, kter\u00e9 \u0159\u00edd\u00ed Ham\u00e1s, \u017ee d\u016fstojn\u00edk Ham\u00e1su Mo\u00edn Al-Arab\u00edd byl zran\u011bn a\u00a0Izraelci zajat, zat\u00edmco jeho man\u017eelka byla zabita a\u00a0n\u011bkter\u00e9 z\u00a0jeho d\u011bt\u00ed utrp\u011bly zran\u011bn\u00ed,\u201c poznamenala k\u00a0akci agentura <a data-dot=\"atm-link\" target=\"_blank\" rel=\"noopener nofollow\" href=\"https:\/\/www.reuters.com\/world\/middle-east\/israeli-fire-kills-four-people-including-three-children-gaza-medics-say-2026-09-01\/\" class=\"c_I\">Reuters<\/a>.<\/p>\n<p><a data-dot=\"atm-link\" target=\"_self\" href=\"https:\/\/www.novinky.cz\/clanek\/zahranicni-blizky-a-stredni-vychod-izrael-zabil-noveho-vudce-hamasu-40580064\" class=\"c_I\" rel=\"nofollow noopener\"><img fetchpriority=\"high\" height=\"2268\" width=\"4032\" src=\"https:\/\/www.europesays.com\/cz\/wp-content\/uploads\/2026\/09\/5fe7.jpeg\" loading=\"eager\" decoding=\"sync\" class=\"c_t c_r\"\/><\/a><\/p>\n<p class=\"c_bB\">Izraelsk\u00e1 arm\u00e1da p\u0159ipustila, \u017ee razii prov\u00e1zely vzdu\u0161n\u00e9 \u00fadery, kter\u00e9 m\u011bly voj\u00e1k\u016fm poskytnout kryt\u00ed.<\/p>\n<p class=\"c_bB\">\u201eSv\u011bdci uvedli, \u017ee izraelsk\u00e9 bojov\u00e9 letouny vyp\u00e1lily nejm\u00e9n\u011b 12\u00a0raket v\u00a0okol\u00ed oblasti Kat\u00edba na z\u00e1pad\u011b m\u011bsta Gaza. Oblast je p\u0159epln\u011bn\u00e1 rodinami vys\u00eddlen\u00fdch Palestinc\u016f, kter\u00e9 byly nuceny opustit sv\u00e9 domovy. Nejm\u00e9n\u011b \u010dty\u0159i lid\u00e9, v\u010detn\u011b dvou d\u011bt\u00ed, byli zabiti a\u00a0n\u011bkolik dal\u0161\u00edch utrp\u011blo zran\u011bn\u00ed, uvedli zdravotn\u00edci,\u201c informovala agentura Reuters s\u00a0t\u00edm, \u017ee na jin\u00fdch dvou m\u00edstech P\u00e1sma Gazy byli p\u0159i izraelsk\u00fdch \u00faderech zabiti dal\u0161\u00ed dva lid\u00e9 v\u010detn\u011b jednoho d\u00edt\u011bte.<\/p>\n<p class=\"c_bB\">P\u0159\u00edm\u011b\u0159\u00ed podporovan\u00e9 Spojen\u00fdmi st\u00e1ty, form\u00e1ln\u011b vstoupilo v\u00a0platnost v\u00a0\u0159\u00edjnu 2025, \u00fatoky v\u0161ak nikdy zcela neustaly, p\u0159i\u010dem\u017e Izrael i\u00a0Ham\u00e1s se vz\u00e1jemn\u011b vin\u00ed z\u00a0poru\u0161ov\u00e1n\u00ed dohodnut\u00fdch podm\u00ednek p\u0159\u00edm\u011b\u0159\u00ed. Sou\u010d\u00e1st\u00ed tohoto pl\u00e1nu je sta\u017een\u00ed izraelsk\u00fdch jednotek z\u00a0Gazy i\u00a0odzbrojen\u00ed Ham\u00e1su.<\/p>\n<p><a data-dot=\"atm-link\" target=\"_self\" href=\"https:\/\/www.novinky.cz\/clanek\/zahranicni-blizky-a-stredni-vychod-brilantni-akce-v-gaze-byl-pri-naletu-zabit-vojensky-sef-hamasu-40578468\" class=\"c_I\" rel=\"nofollow noopener\"><img height=\"2304\" width=\"4096\" src=\"https:\/\/www.europesays.com\/cz\/wp-content\/uploads\/2026\/09\/6298.jpeg\" loading=\"eager\" decoding=\"sync\" class=\"c_t c_r\"\/><\/a><\/p>\n","protected":false},"excerpt":{"rendered":"\u201eZadr\u017een \u0161\u00e9f vnit\u0159n\u00ed bezpe\u010dnosti Ham\u00e1su v\u00a0Gaze v\u00a0r\u00e1mci c\u00edlen\u00e9 operace k\u00a0odstran\u011bn\u00ed hrozeb, kter\u00e9 Ham\u00e1s v\u00a0severn\u00ed Gaze p\u0159edstavuje,\u201c ozn\u00e1mila na&hellip;\n","protected":false},"author":2,"featured_media":199615,"comment_status":"","ping_status":"","sticky":false,"template":"","format":"standard","meta":{"footnotes":"","_share_on_mastodon":"0"},"categories":[11],"tags":[637,640,2002,8273,351,54,6716,53,52,4057],"class_list":["post-199614","post","type-post","status-publish","format-standard","has-post-thumbnail","category-svet","tag-gaza-mesto","tag-hnuti-hamas","tag-pasmo-gazy","tag-razie","tag-smrt","tag-svet","tag-valka-v-izraeli","tag-world","tag-world-news","tag-zatceni"],"share_on_mastodon":{"url":"https:\/\/pubeurope.com\/@cz\/117200758427268413","error":""},"_links":{"self":[{"href":"https:\/\/www.europesays.com\/cz\/wp-json\/wp\/v2\/posts\/199614","targetHints":{"allow":["GET"]}}],"collection":[{"href":"https:\/\/www.europesays.com\/cz\/wp-json\/wp\/v2\/posts"}],"about":[{"href":"https:\/\/www.europesays.com\/cz\/wp-json\/wp\/v2\/types\/post"}],"author":[{"embeddable":true,"href":"https:\/\/www.europesays.com\/cz\/wp-json\/wp\/v2\/users\/2"}],"replies":[{"embeddable":true,"href":"https:\/\/www.europesays.com\/cz\/wp-json\/wp\/v2\/comments?post=199614"}],"version-history":[{"count":0,"href":"https:\/\/www.europesays.com\/cz\/wp-json\/wp\/v2\/posts\/199614\/revisions"}],"wp:featuredmedia":[{"embeddable":true,"href":"https:\/\/www.europesays.com\/cz\/wp-json\/wp\/v2\/media\/199615"}],"wp:attachment":[{"href":"https:\/\/www.europesays.com\/cz\/wp-json\/wp\/v2\/media?parent=199614"}],"wp:term":[{"taxonomy":"category","embeddable":true,"href":"https:\/\/www.europesays.com\/cz\/wp-json\/wp\/v2\/categories?post=199614"},{"taxonomy":"post_tag","embeddable":true,"href":"https:\/\/www.europesays.com\/cz\/wp-json\/wp\/v2\/tags?post=199614"}],"curies":[{"name":"wp","href":"https:\/\/api.w.org\/{rel}","templated":true}]}}