{"id":199646,"date":"2026-09-02T09:56:34","date_gmt":"2026-09-02T09:56:34","guid":{"rendered":"https:\/\/www.europesays.com\/cz\/199646\/"},"modified":"2026-09-02T09:56:34","modified_gmt":"2026-09-02T09:56:34","slug":"ano-sefe-2-dil-varime-jako-vase-babicka-ta-to-take-neumela-mlady-kuchar-se-po-kritice-sesype","status":"publish","type":"post","link":"https:\/\/www.europesays.com\/cz\/199646\/","title":{"rendered":"Ano, \u0161\u00e9fe 2. d\u00edl: \u201eVa\u0159\u00edme jako va\u0161e babi\u010dka, ta to tak\u00e9 neum\u011bla.\u201c Mlad\u00fd kucha\u0159 se po kritice sesype"},"content":{"rendered":"<p> <a href=\"https:\/\/www.vtelce.cz\/ano-sefe-2-dil-varime-jako-vase-babicka-ta-to-take-neumela-mlady-kuchar-se-po-kritice-sesype\/yan_4277\/\" border=\"0\" itemprop=\"url\" data-wpel-link=\"internal\" target=\"_self\" rel=\"follow nofollow noopener\"> <img decoding=\"async\" class=\"\" data-attachment-id=\"21344\" data-orig-file=\"https:\/\/www.vtelce.cz\/wp-content\/uploads\/2026\/09\/YAN_4277.jpg\" data-orig-size=\"1980,1320\" data-comments-opened=\"\" data-image-meta=\"{&quot;aperture&quot;:&quot;0&quot;,&quot;credit&quot;:&quot;&quot;,&quot;camera&quot;:&quot;&quot;,&quot;caption&quot;:&quot;&quot;,&quot;created_timestamp&quot;:&quot;0&quot;,&quot;copyright&quot;:&quot;&quot;,&quot;focal_length&quot;:&quot;0&quot;,&quot;iso&quot;:&quot;0&quot;,&quot;shutter_speed&quot;:&quot;0&quot;,&quot;title&quot;:&quot;&quot;,&quot;orientation&quot;:&quot;0&quot;,&quot;alt&quot;:&quot;&quot;}\" data-image-title=\"YAN_4277\" data-image-description=\"\" data-medium-file=\"https:\/\/www.vtelce.cz\/wp-content\/uploads\/2026\/09\/YAN_4277-300x200.jpg\" data-large-file=\"https:\/\/www.vtelce.cz\/wp-content\/uploads\/2026\/09\/YAN_4277-1024x683.jpg\" src=\"https:\/\/www.europesays.com\/cz\/wp-content\/uploads\/2026\/09\/YAN_4277.jpg\" width=\"344\" height=\"344\" loading=\"lazy\" data-original-width=\"344\" data-original-height=\"344\" itemprop=\"http:\/\/schema.org\/image\" title=\"YAN_4277\" alt=\"Ano, \u0161\u00e9fe!, FOTO: Distr. FTV Prima\" style=\"width: 344px; height: 344px;\"\/> <\/a><\/p>\n<p> Ano, \u0161\u00e9fe!, FOTO: Distr. FTV Prima<\/p>\n<p> <a href=\"https:\/\/www.vtelce.cz\/ano-sefe-2-dil-varime-jako-vase-babicka-ta-to-take-neumela-mlady-kuchar-se-po-kritice-sesype\/yan_4307\/\" border=\"0\" itemprop=\"url\" data-wpel-link=\"internal\" target=\"_self\" rel=\"follow nofollow noopener\"> <img decoding=\"async\" class=\"\" data-attachment-id=\"21345\" data-orig-file=\"https:\/\/www.vtelce.cz\/wp-content\/uploads\/2026\/09\/YAN_4307.jpg\" data-orig-size=\"1980,1320\" data-comments-opened=\"\" data-image-meta=\"{&quot;aperture&quot;:&quot;0&quot;,&quot;credit&quot;:&quot;&quot;,&quot;camera&quot;:&quot;&quot;,&quot;caption&quot;:&quot;&quot;,&quot;created_timestamp&quot;:&quot;0&quot;,&quot;copyright&quot;:&quot;&quot;,&quot;focal_length&quot;:&quot;0&quot;,&quot;iso&quot;:&quot;0&quot;,&quot;shutter_speed&quot;:&quot;0&quot;,&quot;title&quot;:&quot;&quot;,&quot;orientation&quot;:&quot;0&quot;,&quot;alt&quot;:&quot;&quot;}\" data-image-title=\"YAN_4307\" data-image-description=\"\" data-medium-file=\"https:\/\/www.vtelce.cz\/wp-content\/uploads\/2026\/09\/YAN_4307-300x200.jpg\" data-large-file=\"https:\/\/www.vtelce.cz\/wp-content\/uploads\/2026\/09\/YAN_4307-1024x683.jpg\" src=\"https:\/\/www.europesays.com\/cz\/wp-content\/uploads\/2026\/09\/YAN_4307.jpg\" width=\"344\" height=\"344\" loading=\"lazy\" data-original-width=\"344\" data-original-height=\"344\" itemprop=\"http:\/\/schema.org\/image\" title=\"YAN_4307\" alt=\"Ano, \u0161\u00e9fe!, FOTO: Distr. FTV Prima\" style=\"width: 344px; height: 344px;\"\/> <\/a><\/p>\n<p> Ano, \u0161\u00e9fe!, FOTO: Distr. FTV Prima<\/p>\n<p> <a href=\"https:\/\/www.vtelce.cz\/ano-sefe-2-dil-varime-jako-vase-babicka-ta-to-take-neumela-mlady-kuchar-se-po-kritice-sesype\/yan_4372\/\" border=\"0\" itemprop=\"url\" data-wpel-link=\"internal\" target=\"_self\" rel=\"follow nofollow noopener\"> <img decoding=\"async\" class=\"\" data-attachment-id=\"21346\" data-orig-file=\"https:\/\/www.vtelce.cz\/wp-content\/uploads\/2026\/09\/YAN_4372.jpg\" data-orig-size=\"1815,1210\" data-comments-opened=\"\" data-image-meta=\"{&quot;aperture&quot;:&quot;0&quot;,&quot;credit&quot;:&quot;&quot;,&quot;camera&quot;:&quot;&quot;,&quot;caption&quot;:&quot;&quot;,&quot;created_timestamp&quot;:&quot;0&quot;,&quot;copyright&quot;:&quot;&quot;,&quot;focal_length&quot;:&quot;0&quot;,&quot;iso&quot;:&quot;0&quot;,&quot;shutter_speed&quot;:&quot;0&quot;,&quot;title&quot;:&quot;&quot;,&quot;orientation&quot;:&quot;0&quot;,&quot;alt&quot;:&quot;&quot;}\" data-image-title=\"YAN_4372\" data-image-description=\"\" data-medium-file=\"https:\/\/www.vtelce.cz\/wp-content\/uploads\/2026\/09\/YAN_4372-300x200.jpg\" data-large-file=\"https:\/\/www.vtelce.cz\/wp-content\/uploads\/2026\/09\/YAN_4372-1024x683.jpg\" src=\"https:\/\/www.europesays.com\/cz\/wp-content\/uploads\/2026\/09\/YAN_4372.jpg\" width=\"135\" height=\"135\" loading=\"lazy\" data-original-width=\"135\" data-original-height=\"135\" itemprop=\"http:\/\/schema.org\/image\" title=\"YAN_4372\" alt=\"Ano, \u0161\u00e9fe!, FOTO: Distr. FTV Prima\" style=\"width: 135px; height: 135px;\"\/> <\/a><\/p>\n<p> Ano, \u0161\u00e9fe!, FOTO: Distr. FTV Prima<\/p>\n<p> <a href=\"https:\/\/www.vtelce.cz\/ano-sefe-2-dil-varime-jako-vase-babicka-ta-to-take-neumela-mlady-kuchar-se-po-kritice-sesype\/yan_4396\/\" border=\"0\" itemprop=\"url\" data-wpel-link=\"internal\" target=\"_self\" rel=\"follow nofollow noopener\"> <img decoding=\"async\" class=\"\" data-attachment-id=\"21347\" data-orig-file=\"https:\/\/www.vtelce.cz\/wp-content\/uploads\/2026\/09\/YAN_4396.jpg\" data-orig-size=\"2012,1342\" data-comments-opened=\"\" data-image-meta=\"{&quot;aperture&quot;:&quot;0&quot;,&quot;credit&quot;:&quot;&quot;,&quot;camera&quot;:&quot;&quot;,&quot;caption&quot;:&quot;&quot;,&quot;created_timestamp&quot;:&quot;0&quot;,&quot;copyright&quot;:&quot;&quot;,&quot;focal_length&quot;:&quot;0&quot;,&quot;iso&quot;:&quot;0&quot;,&quot;shutter_speed&quot;:&quot;0&quot;,&quot;title&quot;:&quot;&quot;,&quot;orientation&quot;:&quot;0&quot;,&quot;alt&quot;:&quot;&quot;}\" data-image-title=\"YAN_4396\" data-image-description=\"\" data-medium-file=\"https:\/\/www.vtelce.cz\/wp-content\/uploads\/2026\/09\/YAN_4396-300x200.jpg\" data-large-file=\"https:\/\/www.vtelce.cz\/wp-content\/uploads\/2026\/09\/YAN_4396-1024x683.jpg\" src=\"https:\/\/www.europesays.com\/cz\/wp-content\/uploads\/2026\/09\/YAN_4396.jpg\" width=\"135\" height=\"135\" loading=\"lazy\" data-original-width=\"135\" data-original-height=\"135\" itemprop=\"http:\/\/schema.org\/image\" title=\"YAN_4396\" alt=\"Ano, \u0161\u00e9fe!, FOTO: Distr. FTV Prima\" style=\"width: 135px; height: 135px;\"\/> <\/a><\/p>\n<p> Ano, \u0161\u00e9fe!, FOTO: Distr. FTV Prima<\/p>\n<p> <a href=\"https:\/\/www.vtelce.cz\/ano-sefe-2-dil-varime-jako-vase-babicka-ta-to-take-neumela-mlady-kuchar-se-po-kritice-sesype\/yan_4450-2\/\" border=\"0\" itemprop=\"url\" data-wpel-link=\"internal\" target=\"_self\" rel=\"follow nofollow noopener\"> <img decoding=\"async\" class=\"\" data-attachment-id=\"21348\" data-orig-file=\"https:\/\/www.vtelce.cz\/wp-content\/uploads\/2026\/09\/YAN_4450.jpg\" data-orig-size=\"2250,1500\" data-comments-opened=\"\" data-image-meta=\"{&quot;aperture&quot;:&quot;0&quot;,&quot;credit&quot;:&quot;&quot;,&quot;camera&quot;:&quot;&quot;,&quot;caption&quot;:&quot;&quot;,&quot;created_timestamp&quot;:&quot;0&quot;,&quot;copyright&quot;:&quot;&quot;,&quot;focal_length&quot;:&quot;0&quot;,&quot;iso&quot;:&quot;0&quot;,&quot;shutter_speed&quot;:&quot;0&quot;,&quot;title&quot;:&quot;&quot;,&quot;orientation&quot;:&quot;0&quot;,&quot;alt&quot;:&quot;&quot;}\" data-image-title=\"YAN_4450\" data-image-description=\"\" data-medium-file=\"https:\/\/www.vtelce.cz\/wp-content\/uploads\/2026\/09\/YAN_4450-300x200.jpg\" data-large-file=\"https:\/\/www.vtelce.cz\/wp-content\/uploads\/2026\/09\/YAN_4450-1024x683.jpg\" src=\"https:\/\/www.europesays.com\/cz\/wp-content\/uploads\/2026\/09\/YAN_4450.jpg\" width=\"135\" height=\"135\" loading=\"lazy\" data-original-width=\"135\" data-original-height=\"135\" itemprop=\"http:\/\/schema.org\/image\" title=\"YAN_4450\" alt=\"Ano, \u0161\u00e9fe!, FOTO: Distr. FTV Prima\" style=\"width: 135px; height: 135px;\"\/> <\/a><\/p>\n<p> Ano, \u0161\u00e9fe!, FOTO: Distr. FTV Prima<\/p>\n<p> <a href=\"https:\/\/www.vtelce.cz\/ano-sefe-2-dil-varime-jako-vase-babicka-ta-to-take-neumela-mlady-kuchar-se-po-kritice-sesype\/yan_4603\/\" border=\"0\" itemprop=\"url\" data-wpel-link=\"internal\" target=\"_self\" rel=\"follow nofollow noopener\"> <img decoding=\"async\" class=\"\" data-attachment-id=\"21349\" data-orig-file=\"https:\/\/www.vtelce.cz\/wp-content\/uploads\/2026\/09\/YAN_4603.jpg\" data-orig-size=\"1733,1155\" data-comments-opened=\"\" data-image-meta=\"{&quot;aperture&quot;:&quot;0&quot;,&quot;credit&quot;:&quot;&quot;,&quot;camera&quot;:&quot;&quot;,&quot;caption&quot;:&quot;&quot;,&quot;created_timestamp&quot;:&quot;0&quot;,&quot;copyright&quot;:&quot;&quot;,&quot;focal_length&quot;:&quot;0&quot;,&quot;iso&quot;:&quot;0&quot;,&quot;shutter_speed&quot;:&quot;0&quot;,&quot;title&quot;:&quot;&quot;,&quot;orientation&quot;:&quot;0&quot;,&quot;alt&quot;:&quot;&quot;}\" data-image-title=\"YAN_4603\" data-image-description=\"\" data-medium-file=\"https:\/\/www.vtelce.cz\/wp-content\/uploads\/2026\/09\/YAN_4603-300x200.jpg\" data-large-file=\"https:\/\/www.vtelce.cz\/wp-content\/uploads\/2026\/09\/YAN_4603-1024x682.jpg\" src=\"https:\/\/www.europesays.com\/cz\/wp-content\/uploads\/2026\/09\/YAN_4603.jpg\" width=\"135\" height=\"135\" loading=\"lazy\" data-original-width=\"135\" data-original-height=\"135\" itemprop=\"http:\/\/schema.org\/image\" title=\"YAN_4603\" alt=\"Ano, \u0161\u00e9fe!, FOTO: Distr. FTV Prima\" style=\"width: 135px; height: 135px;\"\/> <\/a><\/p>\n<p> Ano, \u0161\u00e9fe!, FOTO: Distr. FTV Prima<\/p>\n<p> <a href=\"https:\/\/www.vtelce.cz\/ano-sefe-2-dil-varime-jako-vase-babicka-ta-to-take-neumela-mlady-kuchar-se-po-kritice-sesype\/yan_4654\/\" border=\"0\" itemprop=\"url\" data-wpel-link=\"internal\" target=\"_self\" rel=\"follow nofollow noopener\"> <img decoding=\"async\" class=\"\" data-attachment-id=\"21350\" data-orig-file=\"https:\/\/www.vtelce.cz\/wp-content\/uploads\/2026\/09\/YAN_4654.jpg\" data-orig-size=\"2250,1500\" data-comments-opened=\"\" data-image-meta=\"{&quot;aperture&quot;:&quot;0&quot;,&quot;credit&quot;:&quot;&quot;,&quot;camera&quot;:&quot;&quot;,&quot;caption&quot;:&quot;&quot;,&quot;created_timestamp&quot;:&quot;0&quot;,&quot;copyright&quot;:&quot;&quot;,&quot;focal_length&quot;:&quot;0&quot;,&quot;iso&quot;:&quot;0&quot;,&quot;shutter_speed&quot;:&quot;0&quot;,&quot;title&quot;:&quot;&quot;,&quot;orientation&quot;:&quot;0&quot;,&quot;alt&quot;:&quot;&quot;}\" data-image-title=\"YAN_4654\" data-image-description=\"\" data-medium-file=\"https:\/\/www.vtelce.cz\/wp-content\/uploads\/2026\/09\/YAN_4654-300x200.jpg\" data-large-file=\"https:\/\/www.vtelce.cz\/wp-content\/uploads\/2026\/09\/YAN_4654-1024x683.jpg\" src=\"https:\/\/www.europesays.com\/cz\/wp-content\/uploads\/2026\/09\/YAN_4654.jpg\" width=\"135\" height=\"135\" loading=\"lazy\" data-original-width=\"135\" data-original-height=\"135\" itemprop=\"http:\/\/schema.org\/image\" title=\"YAN_4654\" alt=\"Ano, \u0161\u00e9fe!, FOTO: Distr. FTV Prima\" style=\"width: 135px; height: 135px;\"\/> <\/a><\/p>\n<p> Ano, \u0161\u00e9fe!, FOTO: Distr. FTV Prima<\/p>\n<p> <a href=\"https:\/\/www.vtelce.cz\/ano-sefe-2-dil-varime-jako-vase-babicka-ta-to-take-neumela-mlady-kuchar-se-po-kritice-sesype\/yan_4680\/\" border=\"0\" itemprop=\"url\" data-wpel-link=\"internal\" target=\"_self\" rel=\"follow nofollow noopener\"> <img decoding=\"async\" class=\"\" data-attachment-id=\"21351\" data-orig-file=\"https:\/\/www.vtelce.cz\/wp-content\/uploads\/2026\/09\/YAN_4680.jpg\" data-orig-size=\"1964,1309\" data-comments-opened=\"\" data-image-meta=\"{&quot;aperture&quot;:&quot;0&quot;,&quot;credit&quot;:&quot;&quot;,&quot;camera&quot;:&quot;&quot;,&quot;caption&quot;:&quot;&quot;,&quot;created_timestamp&quot;:&quot;0&quot;,&quot;copyright&quot;:&quot;&quot;,&quot;focal_length&quot;:&quot;0&quot;,&quot;iso&quot;:&quot;0&quot;,&quot;shutter_speed&quot;:&quot;0&quot;,&quot;title&quot;:&quot;&quot;,&quot;orientation&quot;:&quot;0&quot;,&quot;alt&quot;:&quot;&quot;}\" data-image-title=\"YAN_4680\" data-image-description=\"\" data-medium-file=\"https:\/\/www.vtelce.cz\/wp-content\/uploads\/2026\/09\/YAN_4680-300x200.jpg\" data-large-file=\"https:\/\/www.vtelce.cz\/wp-content\/uploads\/2026\/09\/YAN_4680-1024x682.jpg\" src=\"https:\/\/www.europesays.com\/cz\/wp-content\/uploads\/2026\/09\/YAN_4680.jpg\" width=\"135\" height=\"135\" loading=\"lazy\" data-original-width=\"135\" data-original-height=\"135\" itemprop=\"http:\/\/schema.org\/image\" title=\"YAN_4680\" alt=\"Ano, \u0161\u00e9fe!, FOTO: Distr. FTV Prima\" style=\"width: 135px; height: 135px;\"\/> <\/a><\/p>\n<p> Ano, \u0161\u00e9fe!, FOTO: Distr. FTV Prima<\/p>\n<p> <a href=\"https:\/\/www.vtelce.cz\/ano-sefe-2-dil-varime-jako-vase-babicka-ta-to-take-neumela-mlady-kuchar-se-po-kritice-sesype\/yan_4843\/\" border=\"0\" itemprop=\"url\" data-wpel-link=\"internal\" target=\"_self\" rel=\"follow nofollow noopener\"> <img decoding=\"async\" class=\"\" data-attachment-id=\"21352\" data-orig-file=\"https:\/\/www.vtelce.cz\/wp-content\/uploads\/2026\/09\/YAN_4843.jpg\" data-orig-size=\"1730,1154\" data-comments-opened=\"\" data-image-meta=\"{&quot;aperture&quot;:&quot;0&quot;,&quot;credit&quot;:&quot;&quot;,&quot;camera&quot;:&quot;&quot;,&quot;caption&quot;:&quot;&quot;,&quot;created_timestamp&quot;:&quot;0&quot;,&quot;copyright&quot;:&quot;&quot;,&quot;focal_length&quot;:&quot;0&quot;,&quot;iso&quot;:&quot;0&quot;,&quot;shutter_speed&quot;:&quot;0&quot;,&quot;title&quot;:&quot;&quot;,&quot;orientation&quot;:&quot;0&quot;,&quot;alt&quot;:&quot;&quot;}\" data-image-title=\"YAN_4843\" data-image-description=\"\" data-medium-file=\"https:\/\/www.vtelce.cz\/wp-content\/uploads\/2026\/09\/YAN_4843-300x200.jpg\" data-large-file=\"https:\/\/www.vtelce.cz\/wp-content\/uploads\/2026\/09\/YAN_4843-1024x683.jpg\" src=\"https:\/\/www.europesays.com\/cz\/wp-content\/uploads\/2026\/09\/YAN_4843.jpg\" width=\"135\" height=\"135\" loading=\"lazy\" data-original-width=\"135\" data-original-height=\"135\" itemprop=\"http:\/\/schema.org\/image\" title=\"YAN_4843\" alt=\"Ano, \u0161\u00e9fe!, FOTO: Distr. FTV Prima\" style=\"width: 135px; height: 135px;\"\/> <\/a><\/p>\n<p> Ano, \u0161\u00e9fe!, FOTO: Distr. FTV Prima<\/p>\n<p> <a href=\"https:\/\/www.vtelce.cz\/ano-sefe-2-dil-varime-jako-vase-babicka-ta-to-take-neumela-mlady-kuchar-se-po-kritice-sesype\/yan_4910\/\" border=\"0\" itemprop=\"url\" data-wpel-link=\"internal\" target=\"_self\" rel=\"follow nofollow noopener\"> <img decoding=\"async\" class=\"\" data-attachment-id=\"21353\" data-orig-file=\"https:\/\/www.vtelce.cz\/wp-content\/uploads\/2026\/09\/YAN_4910.jpg\" data-orig-size=\"2250,1500\" data-comments-opened=\"\" data-image-meta=\"{&quot;aperture&quot;:&quot;0&quot;,&quot;credit&quot;:&quot;&quot;,&quot;camera&quot;:&quot;&quot;,&quot;caption&quot;:&quot;&quot;,&quot;created_timestamp&quot;:&quot;0&quot;,&quot;copyright&quot;:&quot;&quot;,&quot;focal_length&quot;:&quot;0&quot;,&quot;iso&quot;:&quot;0&quot;,&quot;shutter_speed&quot;:&quot;0&quot;,&quot;title&quot;:&quot;&quot;,&quot;orientation&quot;:&quot;0&quot;,&quot;alt&quot;:&quot;&quot;}\" data-image-title=\"YAN_4910\" data-image-description=\"\" data-medium-file=\"https:\/\/www.vtelce.cz\/wp-content\/uploads\/2026\/09\/YAN_4910-300x200.jpg\" data-large-file=\"https:\/\/www.vtelce.cz\/wp-content\/uploads\/2026\/09\/YAN_4910-1024x683.jpg\" src=\"https:\/\/www.europesays.com\/cz\/wp-content\/uploads\/2026\/09\/YAN_4910.jpg\" width=\"135\" height=\"135\" loading=\"lazy\" data-original-width=\"135\" data-original-height=\"135\" itemprop=\"http:\/\/schema.org\/image\" title=\"YAN_4910\" alt=\"Ano, \u0161\u00e9fe!, FOTO: Distr. FTV Prima\" style=\"width: 135px; height: 135px;\"\/> <\/a><\/p>\n<p> Ano, \u0161\u00e9fe!, FOTO: Distr. FTV Prima<\/p>\n<p> <a href=\"https:\/\/www.vtelce.cz\/ano-sefe-2-dil-varime-jako-vase-babicka-ta-to-take-neumela-mlady-kuchar-se-po-kritice-sesype\/yan_5248\/\" border=\"0\" itemprop=\"url\" data-wpel-link=\"internal\" target=\"_self\" rel=\"follow nofollow noopener\"> <img decoding=\"async\" class=\"\" data-attachment-id=\"21354\" data-orig-file=\"https:\/\/www.vtelce.cz\/wp-content\/uploads\/2026\/09\/YAN_5248.jpg\" data-orig-size=\"2250,1500\" data-comments-opened=\"\" data-image-meta=\"{&quot;aperture&quot;:&quot;0&quot;,&quot;credit&quot;:&quot;&quot;,&quot;camera&quot;:&quot;&quot;,&quot;caption&quot;:&quot;&quot;,&quot;created_timestamp&quot;:&quot;0&quot;,&quot;copyright&quot;:&quot;&quot;,&quot;focal_length&quot;:&quot;0&quot;,&quot;iso&quot;:&quot;0&quot;,&quot;shutter_speed&quot;:&quot;0&quot;,&quot;title&quot;:&quot;&quot;,&quot;orientation&quot;:&quot;0&quot;,&quot;alt&quot;:&quot;&quot;}\" data-image-title=\"YAN_5248\" data-image-description=\"\" data-medium-file=\"https:\/\/www.vtelce.cz\/wp-content\/uploads\/2026\/09\/YAN_5248-300x200.jpg\" data-large-file=\"https:\/\/www.vtelce.cz\/wp-content\/uploads\/2026\/09\/YAN_5248-1024x683.jpg\" src=\"https:\/\/www.europesays.com\/cz\/wp-content\/uploads\/2026\/09\/YAN_5248.jpg\" width=\"135\" height=\"135\" loading=\"lazy\" data-original-width=\"135\" data-original-height=\"135\" itemprop=\"http:\/\/schema.org\/image\" title=\"YAN_5248\" alt=\"Ano, \u0161\u00e9fe!, FOTO: Distr. FTV Prima\" style=\"width: 135px; height: 135px;\"\/> <\/a><\/p>\n<p> Ano, \u0161\u00e9fe!, FOTO: Distr. FTV Prima<\/p>\n<p> <a href=\"https:\/\/www.vtelce.cz\/ano-sefe-2-dil-varime-jako-vase-babicka-ta-to-take-neumela-mlady-kuchar-se-po-kritice-sesype\/yan_5315\/\" border=\"0\" itemprop=\"url\" data-wpel-link=\"internal\" target=\"_self\" rel=\"follow nofollow noopener\"> <img decoding=\"async\" class=\"\" data-attachment-id=\"21355\" data-orig-file=\"https:\/\/www.vtelce.cz\/wp-content\/uploads\/2026\/09\/YAN_5315.jpg\" data-orig-size=\"2250,1500\" data-comments-opened=\"\" data-image-meta=\"{&quot;aperture&quot;:&quot;0&quot;,&quot;credit&quot;:&quot;&quot;,&quot;camera&quot;:&quot;&quot;,&quot;caption&quot;:&quot;&quot;,&quot;created_timestamp&quot;:&quot;0&quot;,&quot;copyright&quot;:&quot;&quot;,&quot;focal_length&quot;:&quot;0&quot;,&quot;iso&quot;:&quot;0&quot;,&quot;shutter_speed&quot;:&quot;0&quot;,&quot;title&quot;:&quot;&quot;,&quot;orientation&quot;:&quot;0&quot;,&quot;alt&quot;:&quot;&quot;}\" data-image-title=\"YAN_5315\" data-image-description=\"\" data-medium-file=\"https:\/\/www.vtelce.cz\/wp-content\/uploads\/2026\/09\/YAN_5315-300x200.jpg\" data-large-file=\"https:\/\/www.vtelce.cz\/wp-content\/uploads\/2026\/09\/YAN_5315-1024x683.jpg\" src=\"https:\/\/www.europesays.com\/cz\/wp-content\/uploads\/2026\/09\/YAN_5315.jpg\" width=\"135\" height=\"135\" loading=\"lazy\" data-original-width=\"135\" data-original-height=\"135\" itemprop=\"http:\/\/schema.org\/image\" title=\"YAN_5315\" alt=\"Ano, \u0161\u00e9fe!, FOTO: Distr. FTV Prima\" style=\"width: 135px; height: 135px;\"\/> <\/a><\/p>\n<p> Ano, \u0161\u00e9fe!, FOTO: Distr. FTV Prima<\/p>\n<p>Zden\u011bk Pohlreich se v dal\u0161\u00edm d\u00edle popul\u00e1rn\u00ed kulin\u00e1\u0159sk\u00e9 show Ano, \u0161\u00e9fe! zam\u011b\u0159il na restauraci Trilobit ve Vesel\u00ed nad Lu\u017enic\u00ed. M\u00edstn\u00ed podnik bojuje s velk\u00fdm \u00fabytkem host\u016f, ke kter\u00e9mu v\u00fdrazn\u011b p\u0159isp\u011blo vybudov\u00e1n\u00ed nedalek\u00e9 d\u00e1lnice. Restauraci v sou\u010dasnosti provozuje Vendy se sv\u00fdm snoubencem Michalem, ale jejich spole\u010dn\u00e9 podnik\u00e1n\u00ed m\u00e1 daleko k ide\u00e1lu.<\/p>\n<p>Sny o koupi prod\u011ble\u010dn\u00e9ho podniku<\/p>\n<p>Nov\u00e9 veden\u00ed si p\u0159edsevzalo prolomit m\u00edstn\u00ed proklet\u00ed. Podnik m\u011bl za posledn\u00edch sedm let zhruba sedm r\u016fzn\u00fdch majitel\u016f a nikdo tu pr\u00fd nevydr\u017eel d\u00e9le ne\u017e p\u016fl roku. Ekonomick\u00e1 situace je ov\u0161em kritick\u00e1. Restaurace si sice vyd\u011bl\u00e1 na samotn\u00fd provoz, velkou \u010d\u00e1st pen\u011bz na v\u00fdplaty zam\u011bstnanc\u016f ale mus\u00ed majitel\u00e9 dopl\u0148ovat ze sv\u00e9ho.<\/p>\n<p>I p\u0159es zjevnou ztr\u00e1tovost a ten\u010d\u00edc\u00ed se finan\u010dn\u00ed rezervy Michal Zde\u0148ku Pohlreichovi prozradil, \u017ee moment\u00e1ln\u011b plat\u00ed n\u00e1jem 150 tis\u00edc korun ro\u010dn\u011b a aktivn\u011b vyjedn\u00e1vaj\u00ed o koupi cel\u00e9ho objektu. Zn\u00e1m\u00e9ho \u0161\u00e9fkucha\u0159e tyto pl\u00e1ny sp\u00ed\u0161e zarazily. \u201eKdybych sed\u011bl v bance, nep\u016fj\u010dil bych v\u00e1m ani vorla,\u201c okomentoval jejich investi\u010dn\u00ed z\u00e1m\u011bry.<\/p>\n<p>Tvrd\u00e1 kritika a slzy v kuchyni<\/p>\n<p>Prvn\u00ed sezn\u00e1men\u00ed s m\u00edstn\u00ed gastronomi\u00ed u Zde\u0148ka Pohlreicha nad\u0161en\u00ed rozhodn\u011b nevyvolalo. Na j\u00eddeln\u00edm l\u00edstku ho roz\u010d\u00edlila p\u0159\u00edtomnost nachos a dal\u0161\u00ed nesrovnalosti. Ochutn\u00e1vka p\u0159ipraven\u00fdch pokrm\u016f dopadla je\u0161t\u011b h\u016f\u0159e. \u201eVa\u0159\u00edme jako va\u0161e babi\u010dka, ta to tak\u00e9 neum\u011bla,\u201c glosoval \u0161\u00e9fkucha\u0159 kvalitu naserv\u00edrovan\u00e9ho j\u00eddla a nekompromisn\u011b si vy\u017e\u00e1dal setk\u00e1n\u00ed s kucha\u0159em.<\/p>\n<p>V kuchyni narazil na syna provozn\u00ed Vendy Dominika. Ten prvn\u00ed ostrou kritiku nesl velmi t\u011b\u017ece a p\u0159\u00edmo p\u0159ed kamerami se zhroutil. \u201ePro\u010d jsem to nezav\u0159el x m\u011bs\u00edc\u016f zp\u00e1tky. D\u00e1v\u00e1m do toho v\u0161echno, a po\u0159\u00e1d je to m\u00e1lo,\u201c rozbre\u010del se zklaman\u00fd mlad\u00edk. Zde\u0148ka Pohlreicha takto rychl\u00e9 sesyp\u00e1n\u00ed kucha\u0159e zasko\u010dilo a rozhodl se \u0159e\u0161it celou situaci prim\u00e1rn\u011b s veden\u00edm. Rodinn\u00fd podnik m\u011bl z jeho pohledu obrovsk\u00e9 probl\u00e9my snad ve v\u0161ech sm\u011brech s v\u00fdjimkou ne\u010dekan\u011b dobr\u00e9 \u010distoty.<\/p>\n<p>Zkou\u0161ka ohn\u011bm p\u0159ed m\u00edstn\u00edmi seniory<\/p>\n<p>Tradi\u010dn\u00ed z\u00e1t\u011b\u017eov\u00fd test prob\u011bhl v pom\u011brn\u011b netradi\u010dn\u00edm duchu. Zden\u011bk Pohlreich nav\u0161t\u00edvil m\u00edstn\u00ed domov pro seniory a pozval jeho obyvatele na ve\u010de\u0159i k Trilobitovi. Dominik z\u016fstal v kuchyni pouze s pomocnou silou Danielou od myt\u00ed n\u00e1dob\u00ed a \u010delil velk\u00e9mu n\u00e1poru objedn\u00e1vek. Zkou\u0161ka odhalila dal\u0161\u00ed slabiny v provozu a potvrdila p\u0159edchoz\u00ed pochybnosti.<\/p>\n<p>\u201eVa\u0161e kon\u00e1n\u00ed b\u011bhem z\u00e1t\u011b\u017e\u00e1ku m\u011b utvrzuje v tom, \u017ee kdy\u017e mi d\u00e1te milion, rozmluv\u00edm v\u00e1m koupi hotelu. A bude to va\u0161e nejlep\u0161\u00ed investice,\u201c zhodnotil up\u0159\u00edmn\u011b cel\u00fd ve\u010der Zden\u011bk Pohlreich. Dominikovi se v pr\u016fb\u011bhu nat\u00e1\u010den\u00ed sna\u017eil p\u0159edat trochu kucha\u0159sk\u00e9ho nad\u0161en\u00ed a uk\u00e1zat mu spr\u00e1vn\u00fd sm\u011br. Samotn\u00fd v\u00fdsledek jeho snahy a kone\u010dn\u00e9 hodnocen\u00ed prom\u011bny Trilobita si ale div\u00e1ci mus\u00ed zjistit a\u017e v samotn\u00e9m po\u0159adu.<\/p>\n<p>Sledujte premi\u00e9rov\u00e9 d\u00edly ikonick\u00e9ho po\u0159adu u\u017e 3. z\u00e1\u0159\u00ed ve 21:30 na <a href=\"https:\/\/www.vtelce.cz\/prima\/\" target=\"_blank\" rel=\"noopener follow nofollow\" data-wpel-link=\"internal\">Prim\u011b,<\/a> s t\u00fddenn\u00edm p\u0159edstihem pak na prima+.<\/p>\n<p>Zdroj informac\u00ed: autorsk\u00e9 zpracov\u00e1n\u00ed redakce <a href=\"https:\/\/www.vtelce.cz\/kontakty\/\" target=\"_blank\" rel=\"noopener noreferrer follow nofollow\" data-wpel-link=\"internal\">Vtelce.cz<\/a> na z\u00e1klad\u011b ve\u0159ejn\u011b dostupn\u00fdch informac\u00ed z m\u00e9di\u00ed (<a href=\"https:\/\/fresh.iprima.cz\/porady\/ano-sefe\" target=\"_blank\" rel=\"nofollow noopener external\" data-wpel-link=\"external\">fresh.iprima<\/a>).<\/p>\n","protected":false},"excerpt":{"rendered":"Ano, \u0161\u00e9fe!, FOTO: Distr. FTV Prima Ano, \u0161\u00e9fe!, FOTO: Distr. FTV Prima Ano, \u0161\u00e9fe!, FOTO: Distr. FTV Prima&hellip;\n","protected":false},"author":2,"featured_media":199647,"comment_status":"","ping_status":"","sticky":false,"template":"","format":"standard","meta":{"footnotes":"","_share_on_mastodon":"0"},"categories":[14],"tags":[42986,79,1521,32787,3241,4954,1958,1130,47,5754,45772,45773,80,14875],"class_list":["post-199646","post","type-post","status-publish","format-standard","has-post-thumbnail","category-zabava","tag-ano-sefe","tag-entertainment","tag-gastronomie","tag-kuchar","tag-podnikani","tag-prima","tag-restaurace","tag-show","tag-televize","tag-tip-na-porad","tag-trilobit","tag-veseli-nad-luznici","tag-zabava","tag-zdenek-pohlreich"],"share_on_mastodon":{"url":"https:\/\/pubeurope.com\/@cz\/117200852895409215","error":""},"_links":{"self":[{"href":"https:\/\/www.europesays.com\/cz\/wp-json\/wp\/v2\/posts\/199646","targetHints":{"allow":["GET"]}}],"collection":[{"href":"https:\/\/www.europesays.com\/cz\/wp-json\/wp\/v2\/posts"}],"about":[{"href":"https:\/\/www.europesays.com\/cz\/wp-json\/wp\/v2\/types\/post"}],"author":[{"embeddable":true,"href":"https:\/\/www.europesays.com\/cz\/wp-json\/wp\/v2\/users\/2"}],"replies":[{"embeddable":true,"href":"https:\/\/www.europesays.com\/cz\/wp-json\/wp\/v2\/comments?post=199646"}],"version-history":[{"count":0,"href":"https:\/\/www.europesays.com\/cz\/wp-json\/wp\/v2\/posts\/199646\/revisions"}],"wp:featuredmedia":[{"embeddable":true,"href":"https:\/\/www.europesays.com\/cz\/wp-json\/wp\/v2\/media\/199647"}],"wp:attachment":[{"href":"https:\/\/www.europesays.com\/cz\/wp-json\/wp\/v2\/media?parent=199646"}],"wp:term":[{"taxonomy":"category","embeddable":true,"href":"https:\/\/www.europesays.com\/cz\/wp-json\/wp\/v2\/categories?post=199646"},{"taxonomy":"post_tag","embeddable":true,"href":"https:\/\/www.europesays.com\/cz\/wp-json\/wp\/v2\/tags?post=199646"}],"curies":[{"name":"wp","href":"https:\/\/api.w.org\/{rel}","templated":true}]}}