{"id":199662,"date":"2026-09-02T10:09:14","date_gmt":"2026-09-02T10:09:14","guid":{"rendered":"https:\/\/www.europesays.com\/cz\/199662\/"},"modified":"2026-09-02T10:09:14","modified_gmt":"2026-09-02T10:09:14","slug":"predmet-nalezeny-u-vybuchu-v-jihonemeckem-augsburgu-je-podle-policie-neskodny","status":"publish","type":"post","link":"https:\/\/www.europesays.com\/cz\/199662\/","title":{"rendered":"P\u0159edm\u011bt nalezen\u00fd u\u00a0v\u00fdbuchu v\u00a0jihon\u011bmeck\u00e9m Augsburgu je podle policie ne\u0161kodn\u00fd"},"content":{"rendered":"<p class=\"e_bX\">Dva lid\u00e9 dnes brzy r\u00e1no utrp\u011bli lehk\u00e1 zran\u011bn\u00ed p\u0159i v\u00fdbuchu nezn\u00e1m\u00e9ho p\u0159edm\u011btu v\u00a0pas\u00e1\u017ei nedaleko hlavn\u00edho vlakov\u00e9ho n\u00e1dra\u017e\u00ed v\u00a0jihon\u011bmeck\u00e9m Augsburgu. Policie n\u00e1sledn\u011b na n\u00e1dra\u017e\u00ed objevila dal\u0161\u00ed nezn\u00e1m\u00fd p\u0159edm\u011bt, kter\u00fd mohl b\u00fdt v\u00fdbu\u0161ninou, co\u017e se ale nepotvrdilo, napsala agentura DPA. N\u00e1dra\u017e\u00ed je po uzav\u00edrce op\u011bt otev\u0159en\u00e9 a\u00a0vlaky se znovu rozjely. Port\u00e1l bavorsk\u00e9 ve\u0159ejnopr\u00e1vn\u00ed rozhlasov\u00e9 a\u00a0televizn\u00ed stanice Bayerischer Rundfunk (BR) informoval o\u00a0rozs\u00e1hl\u00e9m policejn\u00edm z\u00e1sahu. Kv\u016fli explozi a\u00a0n\u00e1sledn\u00e9mu vy\u0161et\u0159ov\u00e1n\u00ed je omezena doprava, p\u0159ilehl\u00e9 ulice jsou uzav\u0159eny.<\/p>\n<p class=\"e_bX\">BR p\u016fvodn\u011b informovala, \u017ee n\u011bkter\u00e9 lidi poranily st\u0159epy z\u00a0rozbit\u00fdch oken a\u00a0v\u00fdloh, dal\u0161\u00ed zase po ohlu\u0161uj\u00edc\u00ed r\u00e1n\u011b utrp\u011bli akustick\u00e9 trauma. Policie n\u00e1sledn\u011b up\u0159esnila, \u017ee zran\u011bni byli dva lid\u00e9 &#8211; 18let\u00fd mu\u017e a\u00a017let\u00e1 \u017eena. Povahu jejich zran\u011bn\u00ed ozna\u010dila policie jako akustick\u00e9 trauma.<\/p>\n<p class=\"e_bX\">\u0160kody se podle prvn\u00edch zpr\u00e1v omezily na zni\u010den\u00e1 okna a\u00a0poni\u010den\u00e9 v\u00fdlohy. Stanice BR uvedla, \u017ee v\u00fdbuch zni\u010dil zasklen\u00ed oken nejen v\u00a0pas\u00e1\u017ei, ale tak\u00e9 v\u00a0okol\u00ed.<\/p>\n<p class=\"e_bX\">Na m\u00edst\u011b pracuj\u00ed pyrotechnici, kte\u0159\u00ed v\u00a0okol\u00ed hledaj\u00ed dal\u0161\u00ed mo\u017en\u00e9 nebezpe\u010dn\u00e9 p\u0159edm\u011bty. List Augsburger Allgemeine informoval o\u00a0tom, \u017ee bavorsk\u00fd krimin\u00e1ln\u00ed \u00fa\u0159ad m\u00e1 na n\u00e1dra\u017e\u00ed i\u00a0robota pro zne\u0161kod\u0148ov\u00e1n\u00ed v\u00fdbu\u0161nin. Policie k\u00a0tomu uvedla, \u017ee z\u00e1sah s\u00a0takov\u00fdm vybaven\u00edm je v\u00a0podobn\u00fdch situac\u00edch b\u011b\u017en\u00fdm postupem.<\/p>\n<p class=\"e_bX\">V\u00fdbuch nastal okolo 03:15\u00a0SEL\u010c, Augsburger Allgemeine s\u00a0odvol\u00e1n\u00edm na policii napsal, \u017ee se tak stalo v\u00a0tamn\u00ed bankovn\u00ed pobo\u010dce. Oba zran\u011bn\u00ed mlad\u00ed lid\u00e9 jsou podle policie n\u00e1hodn\u00ed kolemjdouc\u00ed, nejsou pova\u017eov\u00e1ni za podez\u0159el\u00e9. DPA s\u00a0odkazem na policii uvedla, \u017ee oba zran\u011bn\u00ed jsou Ukrajinci.<\/p>\n<p class=\"e_bX\">Kr\u00e1tce po 08:00\u00a0policie n\u00e1dra\u017e\u00ed, jeho\u017e provoz byl v\u00a0t\u00e9 dob\u011b omezen, zcela uzav\u0159ela kv\u016fli n\u00e1lezu nezn\u00e1m\u00e9ho p\u0159edm\u011btu. Po zhruba dvou hodin\u00e1ch uz\u00e1v\u011bru odvolala a\u00a0uvedla, \u017ee p\u0159edm\u011bt nebyl v\u00fdbu\u0161ninou.<\/p>\n<p class=\"e_bX\">Policie dosud nezve\u0159ejnila, co na m\u00edst\u011b explodovalo. \u00da\u0159ady doporu\u010dily lidem, aby se prostoru kolem hlavn\u00edho n\u00e1dra\u017e\u00ed vyhnuli. Lid\u00e9 rovn\u011b\u017e mus\u00ed po\u010d\u00edtat s\u00a0rozs\u00e1hl\u00fdmi zpo\u017ed\u011bn\u00edmi hromadn\u00e9 silni\u010dn\u00ed i\u00a0\u017eelezni\u010dn\u00ed dopravy.<\/p>\n<p><a data-dot=\"mol-article-card-media\" aria-hidden=\"true\" tabindex=\"-1\" href=\"https:\/\/www.seznamzpravy.cz\/clanek\/zahranicni-stredni-evropa-dron-u-antonovu-spustil-zmeny-nemecko-prezbrojuje-proti-dronum-313777\" class=\"e_n f_l8\" rel=\"nofollow noopener\" target=\"_blank\"><img fetchpriority=\"high\" height=\"2304\"   width=\"4096\" src=\"https:\/\/www.europesays.com\/cz\/wp-content\/uploads\/2026\/09\/1788343753_145_nemecko.jpeg\" loading=\"eager\" decoding=\"sync\" class=\"e_aa e_Z\"\/><\/a><a data-dot=\"mol-article-card-media\" aria-hidden=\"true\" tabindex=\"-1\" href=\"https:\/\/www.seznamzpravy.cz\/clanek\/zahranicni-za-hybridni-utok-na-lipske-letiste-je-zodpovedne-rusko-uvedl-nemecky-ministr-314384\" class=\"e_n f_l8\" rel=\"nofollow noopener\" target=\"_blank\"><img height=\"1869\"   width=\"3323\" src=\"https:\/\/www.europesays.com\/cz\/wp-content\/uploads\/2026\/09\/1788343754_138_alexander-dobrindt-ministr-vnitra-nemecko.jpeg\" loading=\"eager\" decoding=\"sync\" class=\"e_aa e_Z\"\/><\/a><\/p>\n","protected":false},"excerpt":{"rendered":"Dva lid\u00e9 dnes brzy r\u00e1no utrp\u011bli lehk\u00e1 zran\u011bn\u00ed p\u0159i v\u00fdbuchu nezn\u00e1m\u00e9ho p\u0159edm\u011btu v\u00a0pas\u00e1\u017ei nedaleko hlavn\u00edho vlakov\u00e9ho n\u00e1dra\u017e\u00ed v\u00a0jihon\u011bmeck\u00e9m&hellip;\n","protected":false},"author":2,"featured_media":199663,"comment_status":"","ping_status":"","sticky":false,"template":"","format":"standard","meta":{"footnotes":"","_share_on_mastodon":"0"},"categories":[11],"tags":[45716,375,54,6669,53,52],"class_list":["post-199662","post","type-post","status-publish","format-standard","has-post-thumbnail","category-svet","tag-augsburg","tag-nemecko","tag-svet","tag-vybuch","tag-world","tag-world-news"],"share_on_mastodon":{"url":"https:\/\/pubeurope.com\/@cz\/117200904005646430","error":""},"_links":{"self":[{"href":"https:\/\/www.europesays.com\/cz\/wp-json\/wp\/v2\/posts\/199662","targetHints":{"allow":["GET"]}}],"collection":[{"href":"https:\/\/www.europesays.com\/cz\/wp-json\/wp\/v2\/posts"}],"about":[{"href":"https:\/\/www.europesays.com\/cz\/wp-json\/wp\/v2\/types\/post"}],"author":[{"embeddable":true,"href":"https:\/\/www.europesays.com\/cz\/wp-json\/wp\/v2\/users\/2"}],"replies":[{"embeddable":true,"href":"https:\/\/www.europesays.com\/cz\/wp-json\/wp\/v2\/comments?post=199662"}],"version-history":[{"count":0,"href":"https:\/\/www.europesays.com\/cz\/wp-json\/wp\/v2\/posts\/199662\/revisions"}],"wp:featuredmedia":[{"embeddable":true,"href":"https:\/\/www.europesays.com\/cz\/wp-json\/wp\/v2\/media\/199663"}],"wp:attachment":[{"href":"https:\/\/www.europesays.com\/cz\/wp-json\/wp\/v2\/media?parent=199662"}],"wp:term":[{"taxonomy":"category","embeddable":true,"href":"https:\/\/www.europesays.com\/cz\/wp-json\/wp\/v2\/categories?post=199662"},{"taxonomy":"post_tag","embeddable":true,"href":"https:\/\/www.europesays.com\/cz\/wp-json\/wp\/v2\/tags?post=199662"}],"curies":[{"name":"wp","href":"https:\/\/api.w.org\/{rel}","templated":true}]}}